{"id":83446,"date":"2019-03-26T12:18:42","date_gmt":"2019-03-26T10:18:42","guid":{"rendered":"http:\/\/www.tucomarca.com\/wordpress\/segunda\/?p=83446"},"modified":"2019-03-26T12:18:42","modified_gmt":"2019-03-26T10:18:42","slug":"la-regidoria-de-serveis-de-xest-fa-un-balanc-sobre-la-gestio-energetica-de-lajuntament-entre-2015-i-2018","status":"publish","type":"post","link":"https:\/\/tucomarca.whitekongsoftware.com\/ca\/la-regidoria-de-serveis-de-xest-fa-un-balanc-sobre-la-gestio-energetica-de-lajuntament-entre-2015-i-2018\/","title":{"rendered":"La regidoria de Serveis de Xest fa un balan\u00e7 sobre la gesti\u00f3 energ\u00e8tica de l&#8217;Ajuntament entre 2015 i 2018"},"content":{"rendered":"<div class=\"\">\n<figure id=\"attachment_83443\" aria-describedby=\"caption-attachment-83443\" style=\"width: 459px\" class=\"wp-caption alignleft\"><img loading=\"lazy\" decoding=\"async\" class=\" wp-image-83443\" src=\"http:\/\/www.tucomarca.com\/wordpress\/segunda\/wp-content\/uploads\/2019\/03\/Chestealumbrado.png\" alt=\"Gr\u00e1fico del alumbrado en Cheste.\" width=\"459\" height=\"348\" srcset=\"https:\/\/tucomarca.whitekongsoftware.com\/wp-content\/uploads\/2019\/03\/Chestealumbrado.png 662w, https:\/\/tucomarca.whitekongsoftware.com\/wp-content\/uploads\/2019\/03\/Chestealumbrado-300x227.png 300w\" sizes=\"auto, (max-width: 459px) 100vw, 459px\" \/><figcaption id=\"caption-attachment-83443\" class=\"wp-caption-text\">Gr\u00e0fic de l&#8217;enllumenat a Xest.<\/figcaption><\/figure>\n<p>La regidoria de Serveis ha fet balan\u00e7 de la gesti\u00f3 energ\u00e8tica duta a terme des de l&#8217;Ajuntament de Xest dels \u00faltims quatre anys de govern, pel que fa a l&#8217;enllumenat p\u00fablic i relativa al registre de consums en els diferents contractes energ\u00e8tics que posseeix el consistori.<\/p>\n<p>&#8220;Des de la regidoria de Serveis s&#8217;ha realitzat un recorregut important respecte a la millora i adaptaci\u00f3 de tots els sistemes que afecten a l&#8217;energia a Xest. Es tracta de l&#8217;inici d&#8217;un canvi de consci\u00e8ncia ciutadana en el qual les administracions p\u00fabliques hem d&#8217;impulsar un nou model de consum &#8220;, explica Jos\u00e9 Vicente Guijarro, regidor de Serveis. &#8220;La ciutadania ha de percebre que els seus representants treballen per aconseguir un model energ\u00e8tic sostenible, ja que la situaci\u00f3 mediambiental \u00e9s extrema. En definitiva, totes i tots hem de reflexionar sobre en quin estat volem deixar-los el planeta a les futures generacions&#8221;.<\/p>\n<p><strong>Consum anual de l&#8217;enllumenat p\u00fablic<\/strong><\/p>\n<p>Segons les dades obtingudes en el balan\u00e7 dels \u00faltims quatre anys, el consum per any en enllumenat p\u00fablic s&#8217;ha incrementat, passant de 656.608 kWh a 2.015-671.806 kWh el 2018, per\u00f2 el cost s&#8217;ha redu\u00eft en 13.959,65 euros si es comparen les despeses de 2015, amb una inversi\u00f3 total de 112.083,90 euros anuals; i els corresponents a 2018; amb una despesa anual de 98.124,25 euros. Aquesta reducci\u00f3 econ\u00f2mica es deu a la sectorialitzaci\u00f3 de la instal\u00b7laci\u00f3 energ\u00e8tica municipal i a la instal\u00b7laci\u00f3 de reductors de flux i l&#8217;adaptaci\u00f3 a llumin\u00e0ries de tecnologia LED. &#8220;A m\u00e9s, s&#8217;han reestructurat els quadres energ\u00e8tics mitjan\u00e7ant dispositius magneto-t\u00e8rmics adequats en amperatge i s&#8217;han instal\u00b7lat&#8221; drivers &#8220;en les noves llumin\u00e0ries per reduir les intensitats lum\u00edniques i programadors que s&#8217;activen depenent de la intensitat de llum natural en moments determinats del dia &#8220;, explica Guijarro.<\/p>\n<p>&#8220;Quan parlem de consum d&#8217;energia interv\u00e9 de forma evident l&#8217;evoluci\u00f3 tecnol\u00f2gica, la intensitat energ\u00e8tica, aix\u00ed com les prevencions establertes pels diferents corporacions per a la millora de l&#8217;efici\u00e8ncia energ\u00e8tica&#8221;, apunta el regidor.<\/p>\n<p><strong>Consum anual en els diferents contractes energ\u00e8tics de l&#8217;Ajuntament<\/strong><\/p>\n<p>Quant als contractes energ\u00e8tics que posseeix el consistori, relatius a diferents edificis i espais cedits a associacions, aix\u00ed com a comptadors d&#8217;enllumenat municipals; el consum ha augmentat des de 2015, passant de 441.840 kWh a 477.018 kWh en 2018. Aquestes dades es reflecteixen en una evoluci\u00f3 de la despesa econ\u00f2mica que va dels 98.580,97 euros anuals invertits el 2015 a 98.058,91 el 2018.<\/p>\n<p>&#8220;S&#8217;han substitu\u00eft diferents components electr\u00f2nics, com limitadors de corrent, magneto-t\u00e8rmics, autom\u00e0tics, diferencials, etc\u00e8tera, i s&#8217;han adaptat els sistemes d&#8217;aire condicionat convencionals a sistemes de rotaci\u00f3 inverter; a m\u00e9s de l&#8217;adaptaci\u00f3 dels punts lum\u00ednics existents per tecnologia LED &#8220;, especifica el regidor. &#8220;Tamb\u00e9 estem iniciant la instal\u00b7laci\u00f3 d&#8217;energies renovables, a trav\u00e9s de plaques solars, en alguns edificis, com les depend\u00e8ncies de la policia o la biblioteca&#8221;.<\/p>\n<\/div>\n","protected":false},"excerpt":{"rendered":"<div class=\"mh-excerpt\">La regidoria de Serveis ha fet balan\u00e7 de la gesti\u00f3 energ\u00e8tica duta a terme des de l&#8217;Ajuntament de Xest dels \u00faltims quatre anys de govern, pel que fa a l&#8217;enllumenat p\u00fablic i relativa al registre <a class=\"mh-excerpt-more\" href=\"https:\/\/tucomarca.whitekongsoftware.com\/ca\/la-regidoria-de-serveis-de-xest-fa-un-balanc-sobre-la-gestio-energetica-de-lajuntament-entre-2015-i-2018\/\" title=\"La regidoria de Serveis de Xest fa un balan\u00e7 sobre la gesti\u00f3 energ\u00e8tica de l&#8217;Ajuntament entre 2015 i 2018\">[+] <\/a><\/div>\n","protected":false},"author":1,"featured_media":83444,"comment_status":"open","ping_status":"open","sticky":false,"template":"","format":"standard","meta":{"footnotes":""},"categories":[10948,10894,10912,10947,10896,10974],"tags":[11109],"class_list":["post-83446","post","type-post","status-publish","format-standard","has-post-thumbnail","category-infraestructuras-ca","category-la-comarca-ca","category-la-hoya-ca","category-politica","category-seccion-ca","category-cheste-ca","tag-xest"],"_links":{"self":[{"href":"https:\/\/tucomarca.whitekongsoftware.com\/ca\/wp-json\/wp\/v2\/posts\/83446","targetHints":{"allow":["GET"]}}],"collection":[{"href":"https:\/\/tucomarca.whitekongsoftware.com\/ca\/wp-json\/wp\/v2\/posts"}],"about":[{"href":"https:\/\/tucomarca.whitekongsoftware.com\/ca\/wp-json\/wp\/v2\/types\/post"}],"author":[{"embeddable":true,"href":"https:\/\/tucomarca.whitekongsoftware.com\/ca\/wp-json\/wp\/v2\/users\/1"}],"replies":[{"embeddable":true,"href":"https:\/\/tucomarca.whitekongsoftware.com\/ca\/wp-json\/wp\/v2\/comments?post=83446"}],"version-history":[{"count":0,"href":"https:\/\/tucomarca.whitekongsoftware.com\/ca\/wp-json\/wp\/v2\/posts\/83446\/revisions"}],"wp:featuredmedia":[{"embeddable":true,"href":"https:\/\/tucomarca.whitekongsoftware.com\/ca\/wp-json\/wp\/v2\/media\/83444"}],"wp:attachment":[{"href":"https:\/\/tucomarca.whitekongsoftware.com\/ca\/wp-json\/wp\/v2\/media?parent=83446"}],"wp:term":[{"taxonomy":"category","embeddable":true,"href":"https:\/\/tucomarca.whitekongsoftware.com\/ca\/wp-json\/wp\/v2\/categories?post=83446"},{"taxonomy":"post_tag","embeddable":true,"href":"https:\/\/tucomarca.whitekongsoftware.com\/ca\/wp-json\/wp\/v2\/tags?post=83446"}],"curies":[{"name":"wp","href":"https:\/\/api.w.org\/{rel}","templated":true}]}}