{"id":83194,"date":"2019-03-20T18:16:06","date_gmt":"2019-03-20T16:16:06","guid":{"rendered":"http:\/\/www.tucomarca.com\/wordpress\/segunda\/?p=83194"},"modified":"2019-03-20T18:17:20","modified_gmt":"2019-03-20T16:17:20","slug":"cemex-ven-el-seu-negoci-de-ciment-blanc-i-la-seva-planta-de-bunyol-per-180-milions-de-dolars-al-grup-turc-cimsa","status":"publish","type":"post","link":"https:\/\/tucomarca.whitekongsoftware.com\/ca\/cemex-ven-el-seu-negoci-de-ciment-blanc-i-la-seva-planta-de-bunyol-per-180-milions-de-dolars-al-grup-turc-cimsa\/","title":{"rendered":"Cemex ven el seu negoci de ciment blanc i la seua planta de Bunyol per 180 milions de d\u00f2lars al grup turc \u00c7imsa"},"content":{"rendered":"<figure id=\"attachment_83191\" aria-describedby=\"caption-attachment-83191\" style=\"width: 492px\" class=\"wp-caption alignleft\"><img loading=\"lazy\" decoding=\"async\" class=\" wp-image-83191\" src=\"http:\/\/www.tucomarca.com\/wordpress\/segunda\/wp-content\/uploads\/2019\/03\/cemex_venta.jpg\" alt=\"Planta que la empresa cementera Cemex tiene en el t\u00e9rmino de Bu\u00f1ol.\" width=\"492\" height=\"328\" srcset=\"https:\/\/tucomarca.whitekongsoftware.com\/wp-content\/uploads\/2019\/03\/cemex_venta.jpg 787w, https:\/\/tucomarca.whitekongsoftware.com\/wp-content\/uploads\/2019\/03\/cemex_venta-300x200.jpg 300w, https:\/\/tucomarca.whitekongsoftware.com\/wp-content\/uploads\/2019\/03\/cemex_venta-768x512.jpg 768w\" sizes=\"auto, (max-width: 492px) 100vw, 492px\" \/><figcaption id=\"caption-attachment-83191\" class=\"wp-caption-text\">Planta que l&#8217;empresa cimentera Cemex t\u00e9 al terme de Bunyol.<\/figcaption><\/figure>\n<p>La cimentera Cemex ha informat que ha arribat a un acord vinculant amb \u00c7imsa \u00c7imento Sanayi Ve Ticaret A.S. (empresa amb oficines centrals a Turquia) per vendre el seu negoci de ciment blanc, incloent la seva planta de ciment a Bunyol per aproximadament 180 milions de d\u00f2lars.<\/p>\n<p>La cimentera Cemex ha anticipat que preveu &#8220;signar l&#8217;acord final durant l&#8217;abril de 2019 i concloure la venda durant la segona meitat de 2019. Aquesta desinversi\u00f3 proposta no inclou el negoci de ciment blanc de Cemex a M\u00e8xic, aix\u00ed com tampoc la inversi\u00f3 en Lehigh Cement als Estats Units &#8220;, segons han informat des de l&#8217;empresa.<\/p>\n<p>&#8220;Aquesta transacci\u00f3 \u00e9s part de l&#8217;optimitzaci\u00f3 en curs de la cartera de Cemex i que va ser anunciada en 2018 com a part del pla <em>Un Cemex m\u00e9s fort<\/em>. Un cop conclosa, permetria a Cemex concentrar-se en els actius m\u00e9s idonis per cr\u00e9ixer en el context del pla de negocis actual de Cemex &#8220;, segons les mateixes fonts.<\/p>\n<p>&#8220;Els recursos que s&#8217;esperen obtenir d&#8217;aquesta desinversi\u00f3 serien utilitzats principalment per a reducci\u00f3 de deute, aix\u00ed com prop\u00f2sits generals corporatius. Una vegada que s&#8217;arribi a un acord final, el tancament d&#8217;aquesta transacci\u00f3 est\u00e0 subjecte al compliment de condicions habituals per a aquest tipus de transaccions , les quals inclouen l&#8217;autoritzaci\u00f3 de reguladors &#8220;.<\/p>\n<p>Des Cemex han afegit que la signatura \u00e9s \u00e9s &#8220;una companyia global de materials per a la ind\u00fastria de la construcci\u00f3 que ofereix productes d&#8217;alta qualitat i serveis de confian\u00e7a a clients i comunitats en m\u00e9s de 50 pa\u00efsos. Cemex mant\u00e9 la seva traject\u00f2ria de beneficiar als que serveix a trav\u00e9s solucions innovadores de construcci\u00f3, millores en efici\u00e8ncia i esfor\u00e7os per promoure un futur sostenible &#8220;.<\/p>\n","protected":false},"excerpt":{"rendered":"<div class=\"mh-excerpt\">La cimentera Cemex ha informat que ha arribat a un acord vinculant amb \u00c7imsa \u00c7imento Sanayi Ve Ticaret A.S. (empresa amb oficines centrals a Turquia) per vendre el seu negoci de ciment blanc, incloent la <a class=\"mh-excerpt-more\" href=\"https:\/\/tucomarca.whitekongsoftware.com\/ca\/cemex-ven-el-seu-negoci-de-ciment-blanc-i-la-seva-planta-de-bunyol-per-180-milions-de-dolars-al-grup-turc-cimsa\/\" title=\"Cemex ven el seu negoci de ciment blanc i la seua planta de Bunyol per 180 milions de d\u00f2lars al grup turc \u00c7imsa\">[+] <\/a><\/div>\n","protected":false},"author":1,"featured_media":83192,"comment_status":"open","ping_status":"open","sticky":false,"template":"","format":"standard","meta":{"footnotes":""},"categories":[10911,10898,10948,10894,10912,10903,10896],"tags":[11314,11416],"class_list":["post-83194","post","type-post","status-publish","format-standard","has-post-thumbnail","category-bunol-ca","category-ventana-ca","category-infraestructuras-ca","category-la-comarca-ca","category-la-hoya-ca","category-medio-ambiente-la-comarca-ca","category-seccion-ca","tag-bunyol-ca","tag-cemex-ca"],"_links":{"self":[{"href":"https:\/\/tucomarca.whitekongsoftware.com\/ca\/wp-json\/wp\/v2\/posts\/83194","targetHints":{"allow":["GET"]}}],"collection":[{"href":"https:\/\/tucomarca.whitekongsoftware.com\/ca\/wp-json\/wp\/v2\/posts"}],"about":[{"href":"https:\/\/tucomarca.whitekongsoftware.com\/ca\/wp-json\/wp\/v2\/types\/post"}],"author":[{"embeddable":true,"href":"https:\/\/tucomarca.whitekongsoftware.com\/ca\/wp-json\/wp\/v2\/users\/1"}],"replies":[{"embeddable":true,"href":"https:\/\/tucomarca.whitekongsoftware.com\/ca\/wp-json\/wp\/v2\/comments?post=83194"}],"version-history":[{"count":0,"href":"https:\/\/tucomarca.whitekongsoftware.com\/ca\/wp-json\/wp\/v2\/posts\/83194\/revisions"}],"wp:featuredmedia":[{"embeddable":true,"href":"https:\/\/tucomarca.whitekongsoftware.com\/ca\/wp-json\/wp\/v2\/media\/83192"}],"wp:attachment":[{"href":"https:\/\/tucomarca.whitekongsoftware.com\/ca\/wp-json\/wp\/v2\/media?parent=83194"}],"wp:term":[{"taxonomy":"category","embeddable":true,"href":"https:\/\/tucomarca.whitekongsoftware.com\/ca\/wp-json\/wp\/v2\/categories?post=83194"},{"taxonomy":"post_tag","embeddable":true,"href":"https:\/\/tucomarca.whitekongsoftware.com\/ca\/wp-json\/wp\/v2\/tags?post=83194"}],"curies":[{"name":"wp","href":"https:\/\/api.w.org\/{rel}","templated":true}]}}