{"id":83097,"date":"2019-03-12T19:57:19","date_gmt":"2019-03-12T17:57:19","guid":{"rendered":"http:\/\/www.tucomarca.com\/wordpress\/segunda\/?p=83097"},"modified":"2019-03-12T19:57:19","modified_gmt":"2019-03-12T17:57:19","slug":"eduard-gomez-repetira-com-a-candidat-de-compromis-per-benifaio-despres-del-suport-unanime-de-lassemblea","status":"publish","type":"post","link":"https:\/\/tucomarca.whitekongsoftware.com\/ca\/eduard-gomez-repetira-com-a-candidat-de-compromis-per-benifaio-despres-del-suport-unanime-de-lassemblea\/","title":{"rendered":"Eduard G\u00f3mez repetir\u00e0 com a candidat de Comprom\u00eds per Benifai\u00f3 despr\u00e9s del suport un\u00e0nime de l&#8217;assemblea"},"content":{"rendered":"<figure id=\"attachment_83094\" aria-describedby=\"caption-attachment-83094\" style=\"width: 292px\" class=\"wp-caption alignleft\"><img loading=\"lazy\" decoding=\"async\" class=\" wp-image-83094\" src=\"http:\/\/www.tucomarca.com\/wordpress\/segunda\/wp-content\/uploads\/2019\/03\/EduardGomezBenifaio.jpeg\" alt=\"La asamblea del colectivo local de Comprom\u00eds apoy\u00f3 por unanimidad que Edu G\u00f3mez repita como candidato a la alcald\u00eda de Benifai\u00f3.\" width=\"292\" height=\"416\" srcset=\"https:\/\/tucomarca.whitekongsoftware.com\/wp-content\/uploads\/2019\/03\/EduardGomezBenifaio.jpeg 870w, https:\/\/tucomarca.whitekongsoftware.com\/wp-content\/uploads\/2019\/03\/EduardGomezBenifaio-210x300.jpeg 210w, https:\/\/tucomarca.whitekongsoftware.com\/wp-content\/uploads\/2019\/03\/EduardGomezBenifaio-768x1095.jpeg 768w, https:\/\/tucomarca.whitekongsoftware.com\/wp-content\/uploads\/2019\/03\/EduardGomezBenifaio-718x1024.jpeg 718w\" sizes=\"auto, (max-width: 292px) 100vw, 292px\" \/><figcaption id=\"caption-attachment-83094\" class=\"wp-caption-text\">L&#8217;assemblea del col\u00b7lectiu local de Comprom\u00eds ha donat suport per unanimitat que Edu G\u00f3mez repeteixi com a candidat a l&#8217;alcaldia de Benifai\u00f3.<\/figcaption><\/figure>\n<p><span class=\"Apple-converted-space\">\u00a0<\/span>En la reuni\u00f3 celebrada la nit del passat dimecres, els militants i simpatitzants presents, tamb\u00e9 van aprovar la llista que acompanyar\u00e0 a G\u00f3mez en la candidatura i que est\u00e0 formada per un total de 20 persones, dones i homes de diferents edats i que entenen que representen la diversitat d&#8217;una societat com la de Benifai\u00f3. La llista va ser de consens, fet que va fer que no fora necessari fer prim\u00e0ries locals.<\/p>\n<p>Edu G\u00f3mez \u00e9s en l&#8217;actualitat portaveu del grup municipal de Comprom\u00eds a l&#8217;Ajuntament de Benifai\u00f3, comptant ja amb una experi\u00e8ncia de 8 anys, i compagina la seua activitat pol\u00edtica amb la laboral, sent la seua empresa Gestamp Levante encara que desenvolupa el seu treball en l&#8217;\u00e0mbit sindical on assumeix la responsabilitat de Secretari d&#8217;Administraci\u00f3, Formaci\u00f3 i Comunicaci\u00f3 de la Federaci\u00f3 d&#8217;Ind\u00fastria, Construcci\u00f3 i Agro d&#8217;UGT PV (UGT-FICA PV).<\/p>\n<p>En la seua intervenci\u00f3, Edu G\u00f3mez va manifestar mantenir la mateixa il\u00b7lusi\u00f3 que el primer dia que va ser triat per a liderar la llista de Comprom\u00eds a Benifai\u00f3, mostrant-se a m\u00e9s orgull\u00f3s del treball fet en els darrers anys amb una oposici\u00f3 constructiva que ha perm\u00e9s fer aportacions com un Pla d&#8217;Accessibilitat en les obres que es realitzen en la poblaci\u00f3, millores en els centres educatius, ajudes als estudiants i algunes propostes m\u00e9s, a m\u00e9s d&#8217;aquelles que estan pendents d&#8217;execuci\u00f3.<\/p>\n<p>Des de Comprom\u00eds van manifestar la seua intenci\u00f3 de continuar treballant i van anunciar la creaci\u00f3 de comissions de treball per a la realitzaci\u00f3 del programa electoral tenint com un dels principals objectius fer m\u00e9s f\u00e0cil la vida dels ciutadans de Benifai\u00f3 amb mesures de marcat car\u00e0cter social.<\/p>\n","protected":false},"excerpt":{"rendered":"<div class=\"mh-excerpt\">\u00a0En la reuni\u00f3 celebrada la nit del passat dimecres, els militants i simpatitzants presents, tamb\u00e9 van aprovar la llista que acompanyar\u00e0 a G\u00f3mez en la candidatura i que est\u00e0 formada per un total de 20 <a class=\"mh-excerpt-more\" href=\"https:\/\/tucomarca.whitekongsoftware.com\/ca\/eduard-gomez-repetira-com-a-candidat-de-compromis-per-benifaio-despres-del-suport-unanime-de-lassemblea\/\" title=\"Eduard G\u00f3mez repetir\u00e0 com a candidat de Comprom\u00eds per Benifai\u00f3 despr\u00e9s del suport un\u00e0nime de l&#8217;assemblea\">[+] <\/a><\/div>\n","protected":false},"author":1,"featured_media":83095,"comment_status":"open","ping_status":"open","sticky":false,"template":"","format":"standard","meta":{"footnotes":""},"categories":[10987,10894,10902,10947,10896],"tags":[11519],"class_list":["post-83097","post","type-post","status-publish","format-standard","has-post-thumbnail","category-benifaio-ca","category-la-comarca-ca","category-la-ribera-ca","category-politica","category-seccion-ca","tag-compromis-ca"],"_links":{"self":[{"href":"https:\/\/tucomarca.whitekongsoftware.com\/ca\/wp-json\/wp\/v2\/posts\/83097","targetHints":{"allow":["GET"]}}],"collection":[{"href":"https:\/\/tucomarca.whitekongsoftware.com\/ca\/wp-json\/wp\/v2\/posts"}],"about":[{"href":"https:\/\/tucomarca.whitekongsoftware.com\/ca\/wp-json\/wp\/v2\/types\/post"}],"author":[{"embeddable":true,"href":"https:\/\/tucomarca.whitekongsoftware.com\/ca\/wp-json\/wp\/v2\/users\/1"}],"replies":[{"embeddable":true,"href":"https:\/\/tucomarca.whitekongsoftware.com\/ca\/wp-json\/wp\/v2\/comments?post=83097"}],"version-history":[{"count":0,"href":"https:\/\/tucomarca.whitekongsoftware.com\/ca\/wp-json\/wp\/v2\/posts\/83097\/revisions"}],"wp:featuredmedia":[{"embeddable":true,"href":"https:\/\/tucomarca.whitekongsoftware.com\/ca\/wp-json\/wp\/v2\/media\/83095"}],"wp:attachment":[{"href":"https:\/\/tucomarca.whitekongsoftware.com\/ca\/wp-json\/wp\/v2\/media?parent=83097"}],"wp:term":[{"taxonomy":"category","embeddable":true,"href":"https:\/\/tucomarca.whitekongsoftware.com\/ca\/wp-json\/wp\/v2\/categories?post=83097"},{"taxonomy":"post_tag","embeddable":true,"href":"https:\/\/tucomarca.whitekongsoftware.com\/ca\/wp-json\/wp\/v2\/tags?post=83097"}],"curies":[{"name":"wp","href":"https:\/\/api.w.org\/{rel}","templated":true}]}}