{"id":83090,"date":"2019-03-12T19:40:08","date_gmt":"2019-03-12T17:40:08","guid":{"rendered":"http:\/\/www.tucomarca.com\/wordpress\/segunda\/?p=83090"},"modified":"2019-03-12T19:40:08","modified_gmt":"2019-03-12T17:40:08","slug":"el-departament-de-salut-de-manises-va-incorporar-a-305-nous-professionals-el-2018","status":"publish","type":"post","link":"https:\/\/tucomarca.whitekongsoftware.com\/ca\/el-departament-de-salut-de-manises-va-incorporar-a-305-nous-professionals-el-2018\/","title":{"rendered":"El Departament de Salut de Manises va incorporar a 305 nous professionals el 2018"},"content":{"rendered":"<p>El Departament de Salut de Manises va realitzar 305 noves contractacions de professionals durant 2018, la xifra m\u00e9s alta dels \u00faltims cinc anys, per seguir millorant l&#8217;atenci\u00f3 a pacients i visitants per tal d&#8217;oferir la millor qualitat assistencial i professional. D&#8217;aquestes incorporacions, el 35% s\u00f3n facultatius especialistes en \u00e0rees com Urg\u00e8ncies, Neurologia, Neurorehabilitaci\u00f3 Infantil, Otorinolaringologia, Oftalmologia, Anestesiologia, Digestiu, Rehabilitaci\u00f3, Cardiologia o Radiologia.<\/p>\n<p>El 30% correspon a personal d&#8217;infermeria i el 14% corresponen a auxiliars d&#8217;infermeria. A m\u00e9s, s&#8217;han refor\u00e7at \u00e0rees amb la incorporaci\u00f3 de llevadores, fisioterapeutes, psic\u00f2legs cl\u00ednics, logopedes, auxiliars sanitaris, t\u00e8cnics de farm\u00e0cia o persones administratiu.<\/p>\n<p>El Departament de Salut de Manises est\u00e0 apostant per una gesti\u00f3 sanit\u00e0ria basada en la integraci\u00f3 de l&#8217;atenci\u00f3 prim\u00e0ria i l&#8217;especialitzada, refor\u00e7ant la coordinaci\u00f3 entre els professionals dels centres de salut i l&#8217;Hospital com a pedra angular d&#8217;un sistema sanitari basat en la millora cont\u00ednua de l&#8217;assist\u00e8ncia sanit\u00e0ria del pacient.<\/p>\n<p>Aquests nous professionals s&#8217;han distribu\u00eft entre els diversos centres del Departament de l&#8217;Hospital de Manises, en concret 215 persones, i la resta, s&#8217;han incorporat als centres de salut, especialitats i consultoris de les 14 poblacions de l&#8217;\u00c0rea.<\/p>\n<p>Alfonso Garrido-Lestache, director de Recursos Humans del Departament de Salut de Manises assenyala que &#8220;els nostres professionals destaquen, a m\u00e9s de per les seves compet\u00e8ncies t\u00e8cniques, pel seu comprom\u00eds cap a un servei excel\u00b7lent i personalitzat i per aix\u00f2 hem comen\u00e7at a treballar un projecte de formaci\u00f3 cont\u00ednua i adquisici\u00f3 d&#8217;habilitats amb els nostres professionals en el Pacient 5 estrelles per potenciar l&#8217;atenci\u00f3 centrada en les persones &#8220;. Un projecte que el 2018 ha impartit formaci\u00f3 a 1.432 professionals assistencials i no assistencials tant de l&#8217;Hospital de Manises com dels Centres de Salut i Especialitats del Departament.<\/p>\n<p>Per a la selecci\u00f3 de personal, el Departament publica les vacants a la p\u00e0gina web, en portals especialitzats i en institucions com col\u00b7legis professionals i societats cient\u00edfiques. Els professionals passen una s\u00e8rie de proves selectives, valoraci\u00f3 curricular, proves psicot\u00e8cniques i una entrevista personal.<\/p>\n<p>A m\u00e9s, al llarg de 2018, 61 professionals del Departament de Salut han estat promocionats en els seus llocs de treball, adquirint noves responsabilitats. &#8220;Una de les nostres prioritats \u00e9s fomentar la millora cont\u00ednua dels nostres professionals perqu\u00e8 ampli\u00efn coneixements i adquireixin noves capacitats per oferir la millor atenci\u00f3 sanit\u00e0ria i propera amb els pacients&#8221;, indica el director de Recursos Humans del Departament de Salut de Manises.<\/p>\n","protected":false},"excerpt":{"rendered":"<div class=\"mh-excerpt\">El Departament de Salut de Manises va realitzar 305 noves contractacions de professionals durant 2018, la xifra m\u00e9s alta dels \u00faltims cinc anys, per seguir millorant l&#8217;atenci\u00f3 a pacients i visitants per tal d&#8217;oferir la <a class=\"mh-excerpt-more\" href=\"https:\/\/tucomarca.whitekongsoftware.com\/ca\/el-departament-de-salut-de-manises-va-incorporar-a-305-nous-professionals-el-2018\/\" title=\"El Departament de Salut de Manises va incorporar a 305 nous professionals el 2018\">[+] <\/a><\/div>\n","protected":false},"author":1,"featured_media":83088,"comment_status":"open","ping_status":"open","sticky":false,"template":"","format":"standard","meta":{"footnotes":""},"categories":[11010,10898,10894,10904,10912,10896],"tags":[11092],"class_list":["post-83090","post","type-post","status-publish","format-standard","has-post-thumbnail","category-canal-salud","category-ventana-ca","category-la-comarca-ca","category-sin-categorizar-ca","category-la-hoya-ca","category-seccion-ca","tag-hospital-de-manises-ca"],"_links":{"self":[{"href":"https:\/\/tucomarca.whitekongsoftware.com\/ca\/wp-json\/wp\/v2\/posts\/83090","targetHints":{"allow":["GET"]}}],"collection":[{"href":"https:\/\/tucomarca.whitekongsoftware.com\/ca\/wp-json\/wp\/v2\/posts"}],"about":[{"href":"https:\/\/tucomarca.whitekongsoftware.com\/ca\/wp-json\/wp\/v2\/types\/post"}],"author":[{"embeddable":true,"href":"https:\/\/tucomarca.whitekongsoftware.com\/ca\/wp-json\/wp\/v2\/users\/1"}],"replies":[{"embeddable":true,"href":"https:\/\/tucomarca.whitekongsoftware.com\/ca\/wp-json\/wp\/v2\/comments?post=83090"}],"version-history":[{"count":0,"href":"https:\/\/tucomarca.whitekongsoftware.com\/ca\/wp-json\/wp\/v2\/posts\/83090\/revisions"}],"wp:featuredmedia":[{"embeddable":true,"href":"https:\/\/tucomarca.whitekongsoftware.com\/ca\/wp-json\/wp\/v2\/media\/83088"}],"wp:attachment":[{"href":"https:\/\/tucomarca.whitekongsoftware.com\/ca\/wp-json\/wp\/v2\/media?parent=83090"}],"wp:term":[{"taxonomy":"category","embeddable":true,"href":"https:\/\/tucomarca.whitekongsoftware.com\/ca\/wp-json\/wp\/v2\/categories?post=83090"},{"taxonomy":"post_tag","embeddable":true,"href":"https:\/\/tucomarca.whitekongsoftware.com\/ca\/wp-json\/wp\/v2\/tags?post=83090"}],"curies":[{"name":"wp","href":"https:\/\/api.w.org\/{rel}","templated":true}]}}