{"id":83077,"date":"2019-03-13T11:08:02","date_gmt":"2019-03-13T09:08:02","guid":{"rendered":"http:\/\/www.tucomarca.com\/wordpress\/segunda\/?p=83077"},"modified":"2019-03-13T11:08:02","modified_gmt":"2019-03-13T09:08:02","slug":"video-la-diputacio-obri-la-setmana-gran-de-la-festa-animant-a-les-falleres-i-fallers-a-riure-viure-i-conviure","status":"publish","type":"post","link":"https:\/\/tucomarca.whitekongsoftware.com\/ca\/video-la-diputacio-obri-la-setmana-gran-de-la-festa-animant-a-les-falleres-i-fallers-a-riure-viure-i-conviure\/","title":{"rendered":"V\u00eddeo: La Diputaci\u00f3 obri la setmana gran de la festa animant a les falleres i fallers a riure, viure i conviure"},"content":{"rendered":"<p>La Diputaci\u00f3 de Val\u00e8ncia ha celebrat aquest dimarts, com ja \u00e9s tradici\u00f3, la recepci\u00f3 a les comissions de la ciutat i les comarques que obri la setmana gran de les Falles. Centenars de falleres i fallers s&#8217;han donat cita en la Pla\u00e7a Manises per a compartir aquesta jornada en qu\u00e8 la corporaci\u00f3 provincial els anima a riure, viure i conviure en aquests dies festius.<\/p>\n<p>Totes les comissions de Val\u00e8ncia i els municipis de la prov\u00edncia estaven convidades a aquesta tradicional recepci\u00f3, que en aquesta ocasi\u00f3 ha tingut com a principal novetat la visita a les dues exposicions amb les quals la corporaci\u00f3 obri les seues portes als ciutadans. D&#8217;aquesta manera, les falleres i fallers han gaudit amb les peces de la col\u00b7lecci\u00f3 de Victoria Liceras, que mostren l&#8217;origen de la indument\u00e0ria tradicional valenciana, i amb els tresors art\u00edstics de la Diputaci\u00f3, amb obres de Sorolla, Kandinsky, Mir\u00f3 i Equipo Cr\u00f3nica, entre altres.<span class=\"Apple-converted-space\">\u00a0<\/span><\/p>\n<p>El president de la Diputaci\u00f3, Toni Gaspar, ha rebut al pati de la Batlia a la fallera major de Val\u00e8ncia, Marina Civera, acompanyat per la vicepresidenta, M\u00aa Josep Amig\u00f3, i els portaveus dels diferents grups representats en la instituci\u00f3. Pablo Segu\u00ed, Xavi Rius, Rosa P\u00e9rez Garijo, M\u00aa Carmen Contelles i Mamen Peris han compartit tamb\u00e9 la matinal fallera de la Diputaci\u00f3 amb les juntes locals, que han anat desfilant pel Palau de la Batlia abans de continuar la seua visita al Palau de la Scala i les exposicions sobre art i indument\u00e0ria valenciana.<\/p>\n<p>En paraules de la fallera major de Val\u00e8ncia, Marina Civera, \u201cles comissions de les comarques tamb\u00e9 senten la festa com es viu als carrers de Val\u00e8ncia i \u00e9s un orgull compartir aquesta jornada amb totes aquestes perqu\u00e8 les Falles som tots\u201d. Respecte a l&#8217;acte organitzat per la corporaci\u00f3, \u201ces nota que ha comen\u00e7at la setmana gran de Val\u00e8ncia i que la gent est\u00e0 al carrer amb ganes de celebrar, aix\u00ed que aprofitem aquesta recepci\u00f3 de la Diputaci\u00f3 per a donar la benvinguda a totes les falleres i fallers i a la gent que ens visita aquests dies\u201d<\/p>\n<p>Els responsables de la Diputaci\u00f3 han coincidit a l&#8217;hora de destacar que \u201caquesta \u00e9s la instituci\u00f3 de tots els pobles i, a m\u00e9s de garantir els serveis b\u00e0sics i tractar de millorar les seues infraestructures, tamb\u00e9 \u00e9s la seua comesa difondre les seues festes, com en aquest cas el patrimoni de la Humanitat que s\u00f3n les Falles, que no solament es gaudeixen a Val\u00e8ncia sin\u00f3 tamb\u00e9 en molts dels seus pobles i comarques\u201d.<span class=\"Apple-converted-space\">\u00a0<\/span><\/p>\n<p>En aquesta ocasi\u00f3, les comissions que han participat en la recepci\u00f3 fallera de la Diputaci\u00f3 han sigut obsequiades, a m\u00e9s de l&#8217;ajuda que rep cadascuna de la corporaci\u00f3, amb cartelleria i xapes vinculades al lema d&#8217;enguany: \u2018conviure, viure, riure\u2019. El disseny d&#8217;aquesta imatge, protagonitzada per la dona i el color, ha sigut a c\u00e0rrec de Sandra Figuerola. <span class=\"Apple-converted-space\">\u00a0<\/span><\/p>\n","protected":false},"excerpt":{"rendered":"<div class=\"mh-excerpt\">La Diputaci\u00f3 de Val\u00e8ncia ha celebrat aquest dimarts, com ja \u00e9s tradici\u00f3, la recepci\u00f3 a les comissions de la ciutat i les comarques que obri la setmana gran de les Falles. Centenars de falleres i <a class=\"mh-excerpt-more\" href=\"https:\/\/tucomarca.whitekongsoftware.com\/ca\/video-la-diputacio-obri-la-setmana-gran-de-la-festa-animant-a-les-falleres-i-fallers-a-riure-viure-i-conviure\/\" title=\"V\u00eddeo: La Diputaci\u00f3 obri la setmana gran de la festa animant a les falleres i fallers a riure, viure i conviure\">[+] <\/a><\/div>\n","protected":false},"author":1,"featured_media":83075,"comment_status":"open","ping_status":"open","sticky":false,"template":"","format":"standard","meta":{"footnotes":""},"categories":[10892,10898,10904,10912,10902,11004,11008,10909,10896,11062],"tags":[11246],"class_list":["post-83077","post","type-post","status-publish","format-standard","has-post-thumbnail","category-camp-de-turia-ca","category-ventana-ca","category-sin-categorizar-ca","category-la-hoya-ca","category-la-ribera-ca","category-la-semana-en-imagenes-ca","category-pueblos-en-fiestas-ca","category-requena-utiel-ca","category-seccion-ca","category-videos","tag-diputacio-de-valencia-ca"],"_links":{"self":[{"href":"https:\/\/tucomarca.whitekongsoftware.com\/ca\/wp-json\/wp\/v2\/posts\/83077","targetHints":{"allow":["GET"]}}],"collection":[{"href":"https:\/\/tucomarca.whitekongsoftware.com\/ca\/wp-json\/wp\/v2\/posts"}],"about":[{"href":"https:\/\/tucomarca.whitekongsoftware.com\/ca\/wp-json\/wp\/v2\/types\/post"}],"author":[{"embeddable":true,"href":"https:\/\/tucomarca.whitekongsoftware.com\/ca\/wp-json\/wp\/v2\/users\/1"}],"replies":[{"embeddable":true,"href":"https:\/\/tucomarca.whitekongsoftware.com\/ca\/wp-json\/wp\/v2\/comments?post=83077"}],"version-history":[{"count":0,"href":"https:\/\/tucomarca.whitekongsoftware.com\/ca\/wp-json\/wp\/v2\/posts\/83077\/revisions"}],"wp:featuredmedia":[{"embeddable":true,"href":"https:\/\/tucomarca.whitekongsoftware.com\/ca\/wp-json\/wp\/v2\/media\/83075"}],"wp:attachment":[{"href":"https:\/\/tucomarca.whitekongsoftware.com\/ca\/wp-json\/wp\/v2\/media?parent=83077"}],"wp:term":[{"taxonomy":"category","embeddable":true,"href":"https:\/\/tucomarca.whitekongsoftware.com\/ca\/wp-json\/wp\/v2\/categories?post=83077"},{"taxonomy":"post_tag","embeddable":true,"href":"https:\/\/tucomarca.whitekongsoftware.com\/ca\/wp-json\/wp\/v2\/tags?post=83077"}],"curies":[{"name":"wp","href":"https:\/\/api.w.org\/{rel}","templated":true}]}}