{"id":83071,"date":"2019-03-12T15:08:16","date_gmt":"2019-03-12T13:08:16","guid":{"rendered":"http:\/\/www.tucomarca.com\/wordpress\/segunda\/?p=83071"},"modified":"2019-03-12T15:08:16","modified_gmt":"2019-03-12T13:08:16","slug":"el-centre-de-formacio-de-persones-adultes-de-xest-culmina-la-seva-celebracio-del-dia-de-la-dona-amb-el-lliurament-de-premis-del-seu-certamen-literari","status":"publish","type":"post","link":"https:\/\/tucomarca.whitekongsoftware.com\/ca\/el-centre-de-formacio-de-persones-adultes-de-xest-culmina-la-seva-celebracio-del-dia-de-la-dona-amb-el-lliurament-de-premis-del-seu-certamen-literari\/","title":{"rendered":"El Centre de Formaci\u00f3 de Persones Adultes de Xest culmina la seva celebraci\u00f3 del Dia de la Dona amb el lliurament de premis del seu certamen literari"},"content":{"rendered":"<div class=\"\">\n<figure id=\"attachment_83067\" aria-describedby=\"caption-attachment-83067\" style=\"width: 539px\" class=\"wp-caption alignleft\"><img loading=\"lazy\" decoding=\"async\" class=\" wp-image-83067\" src=\"http:\/\/www.tucomarca.com\/wordpress\/segunda\/wp-content\/uploads\/2019\/03\/Chesteliterario.jpg\" alt=\"El concurso ha contado con la participaci\u00f3n de veintitr\u00e9s alumnos y alumnas matriculados en distintas actividades del CFPA.\" width=\"539\" height=\"404\" srcset=\"https:\/\/tucomarca.whitekongsoftware.com\/wp-content\/uploads\/2019\/03\/Chesteliterario.jpg 1024w, https:\/\/tucomarca.whitekongsoftware.com\/wp-content\/uploads\/2019\/03\/Chesteliterario-300x225.jpg 300w, https:\/\/tucomarca.whitekongsoftware.com\/wp-content\/uploads\/2019\/03\/Chesteliterario-768x576.jpg 768w\" sizes=\"auto, (max-width: 539px) 100vw, 539px\" \/><figcaption id=\"caption-attachment-83067\" class=\"wp-caption-text\">El concurs ha comptat amb la participaci\u00f3 de vint-alumnes i alumnes matriculats en diferents activitats del CFPA.<\/figcaption><\/figure>\n<p>Dijous passat, 7 de mar\u00e7, el Centre de Formaci\u00f3 de Persones Adultes va acollir el lliurament de premis del tradicional certamen literari de microrelats i micropoemes que cada any organitza amb motiu de la celebraci\u00f3 del Dia Internacional de la Dona amb la col\u00b7laboraci\u00f3 de la Regidoria de educaci\u00f3.<\/p>\n<p>El concurs ha comptat amb la participaci\u00f3 de vint-alumnes i alumnes matriculats en diferents activitats del CFPA i la guanyadora ha estat Marina Carmen Mart\u00ednez Lavar\u00edas, amb el seu treball Lluita i valor per la Igualtat.<\/p>\n<p>Durant l&#8217;acte, la regidora d&#8217;Educaci\u00f3, M\u00aa \u00c1ngeles Llorente, va llegir la resoluci\u00f3 del jurat i va lliurar el premi a la guanyadora; un bo gratu\u00eft per assistir a totes les activitats culturals programades des de l&#8217;Ajuntament en el teatre Liceu i un val de 50 euros per gastar a les papereries del municipi. A m\u00e9s, com a novetat, cada participant va rebre per part de l&#8217;Ajuntament un exemplar de llibre Ull de Dona, de Gioconda Belli.<\/p>\n<p>&#8220;El 8 de mar\u00e7 \u00e9s un dia de celebraci\u00f3 i reivindicaci\u00f3, celebrem que som dones que sentim, estimem, cuidem i treballem sense descans, som la meitat de la Humanitat&#8221;, apuntava la regidora durant el tancament de l&#8217;acte. &#8220;Reivindiquem la Igualtat perqu\u00e8 encara ens queda molt per aconseguir, moltes dones pateixen viol\u00e8ncia, desigualtat de salaris, d&#8217;altres s\u00f3n prostitutes i vexades; necessitem homes feministes que lluitin amb nosaltres per la Igualtat &#8220;. Finalment, Llorente va animar a les persones reunides a participar a la manifestaci\u00f3 celebrada divendres passat, 8 de mar\u00e7.<\/p>\n<\/div>\n","protected":false},"excerpt":{"rendered":"<div class=\"mh-excerpt\">Dijous passat, 7 de mar\u00e7, el Centre de Formaci\u00f3 de Persones Adultes va acollir el lliurament de premis del tradicional certamen literari de microrelats i micropoemes que cada any organitza amb motiu de la celebraci\u00f3 <a class=\"mh-excerpt-more\" href=\"https:\/\/tucomarca.whitekongsoftware.com\/ca\/el-centre-de-formacio-de-persones-adultes-de-xest-culmina-la-seva-celebracio-del-dia-de-la-dona-amb-el-lliurament-de-premis-del-seu-certamen-literari\/\" title=\"El Centre de Formaci\u00f3 de Persones Adultes de Xest culmina la seva celebraci\u00f3 del Dia de la Dona amb el lliurament de premis del seu certamen literari\">[+] <\/a><\/div>\n","protected":false},"author":1,"featured_media":83068,"comment_status":"open","ping_status":"open","sticky":false,"template":"","format":"standard","meta":{"footnotes":""},"categories":[10912,11007,10896,10974],"tags":[11109],"class_list":["post-83071","post","type-post","status-publish","format-standard","has-post-thumbnail","category-la-hoya-ca","category-ocio-y-cultura-ca","category-seccion-ca","category-cheste-ca","tag-xest"],"_links":{"self":[{"href":"https:\/\/tucomarca.whitekongsoftware.com\/ca\/wp-json\/wp\/v2\/posts\/83071","targetHints":{"allow":["GET"]}}],"collection":[{"href":"https:\/\/tucomarca.whitekongsoftware.com\/ca\/wp-json\/wp\/v2\/posts"}],"about":[{"href":"https:\/\/tucomarca.whitekongsoftware.com\/ca\/wp-json\/wp\/v2\/types\/post"}],"author":[{"embeddable":true,"href":"https:\/\/tucomarca.whitekongsoftware.com\/ca\/wp-json\/wp\/v2\/users\/1"}],"replies":[{"embeddable":true,"href":"https:\/\/tucomarca.whitekongsoftware.com\/ca\/wp-json\/wp\/v2\/comments?post=83071"}],"version-history":[{"count":0,"href":"https:\/\/tucomarca.whitekongsoftware.com\/ca\/wp-json\/wp\/v2\/posts\/83071\/revisions"}],"wp:featuredmedia":[{"embeddable":true,"href":"https:\/\/tucomarca.whitekongsoftware.com\/ca\/wp-json\/wp\/v2\/media\/83068"}],"wp:attachment":[{"href":"https:\/\/tucomarca.whitekongsoftware.com\/ca\/wp-json\/wp\/v2\/media?parent=83071"}],"wp:term":[{"taxonomy":"category","embeddable":true,"href":"https:\/\/tucomarca.whitekongsoftware.com\/ca\/wp-json\/wp\/v2\/categories?post=83071"},{"taxonomy":"post_tag","embeddable":true,"href":"https:\/\/tucomarca.whitekongsoftware.com\/ca\/wp-json\/wp\/v2\/tags?post=83071"}],"curies":[{"name":"wp","href":"https:\/\/api.w.org\/{rel}","templated":true}]}}