{"id":83055,"date":"2019-03-12T10:21:37","date_gmt":"2019-03-12T08:21:37","guid":{"rendered":"http:\/\/www.tucomarca.com\/wordpress\/segunda\/?p=83055"},"modified":"2019-03-12T10:21:37","modified_gmt":"2019-03-12T08:21:37","slug":"fotogaleria-exit-de-la-iii-marato-esportiva-femenina-de-xest","status":"publish","type":"post","link":"https:\/\/tucomarca.whitekongsoftware.com\/ca\/fotogaleria-exit-de-la-iii-marato-esportiva-femenina-de-xest\/","title":{"rendered":"Fotogaleria: \u00c8xit de la III Marat\u00f3 Esportiva Femenina de Xest"},"content":{"rendered":"<div class=\"\">\n<figure id=\"attachment_83050\" aria-describedby=\"caption-attachment-83050\" style=\"width: 803px\" class=\"wp-caption alignnone\"><img loading=\"lazy\" decoding=\"async\" class=\" wp-image-83050\" src=\"http:\/\/www.tucomarca.com\/wordpress\/segunda\/wp-content\/uploads\/2019\/03\/MaratonCheste09.jpg\" alt=\"Participantes en la iniciativa de Cheste.\" width=\"803\" height=\"305\" srcset=\"https:\/\/tucomarca.whitekongsoftware.com\/wp-content\/uploads\/2019\/03\/MaratonCheste09.jpg 1024w, https:\/\/tucomarca.whitekongsoftware.com\/wp-content\/uploads\/2019\/03\/MaratonCheste09-300x114.jpg 300w, https:\/\/tucomarca.whitekongsoftware.com\/wp-content\/uploads\/2019\/03\/MaratonCheste09-768x292.jpg 768w\" sizes=\"auto, (max-width: 803px) 100vw, 803px\" \/><figcaption id=\"caption-attachment-83050\" class=\"wp-caption-text\">Participantes en la iniciativa de Cheste.<\/figcaption><\/figure>\n<p>Dissabte passat, 9 de mar\u00e7, la pla\u00e7a Doctor Cajal va acollir la Marat\u00f3 Esportiva Femenina organitzada per la regidoria d&#8217;Igualtat amb motiu de la commemoraci\u00f3 del Dia Internacional de la Dona. Una activitat que ja suma tres edicions i que compta cada any amb m\u00e9s participaci\u00f3.<\/p>\n<p>&#8220;Es tracta de reivindicar precisament el paper de la dona en l&#8217;esport i per aix\u00f2 hem programat diferents activitats molt noves que ofereix l&#8217;associaci\u00f3 Xest Fit, com s\u00f3n Bodyattack, un programa atl\u00e8tic; i Sh&#8217;Bam i Bodybalance, que s\u00f3n programes de ball de ioga, respectivament &#8220;, declarava la regidora d&#8217;Igualtat, Ainoha Albiach. &#8220;La marat\u00f3 no est\u00e0 pensada exclusivament per a dones, sin\u00f3 per a homes, dones i fam\u00edlies; de fet hem posat en marxa, com en altres edicions, un servei de guarderia i, com a novetat aquest any, hi ha inflables i matalassos per als nens i nenes. Est\u00e0 vist que aquest acte t\u00e9 molt bona acollida, ja que, des de primera hora del mat\u00ed, tenim la pla\u00e7a plena de participants. Del que es tracta \u00e9s de celebrar el 8 de mar\u00e7, recordar els drets que hem aconseguit i el que queda per fer &#8220;.<\/p>\n<p>&#8220;Cal reivindicar que les dones estem actives tamb\u00e9 en el m\u00f3n de l&#8217;esport. A poc a poc ens anem apoderant i ens fem m\u00e9s de notar en aquest \u00e0mbit, encara que queda molt per aconseguir, \u00e9s clar. Em sembla important que des de l&#8217;Ajuntament es tingui en compte visibilitzar a la dona en l&#8217;esport i que s&#8217;aposti per l&#8217;organitzaci\u00f3 d&#8217;aquest tipus d&#8217;activitats &#8220;, destacava Laura Mar\u00edn, una de les participants.<\/p>\n<p>La jornada esportiva amb motiu del 8 de mar\u00e7 va culminar a la tarda, amb una exhibici\u00f3 de batuka i aer\u00f2bic al pavell\u00f3 esportiu municipal i amb un partit de b\u00e0squet que va enfrontar al Xest B contra el Comenius.<\/p>\n<p>Els actes continuaran el dijous 21 de mar\u00e7, amb la projecci\u00f3 del treball realitzat per l&#8217;alumnat de 4t d&#8217;ESO de l&#8217;IES Ricardo Mar\u00edn: &#8220;Visibilitzant a la dona pintora i artista&#8221;, que tindr\u00e0 lloc a la sala de plens de l&#8217;Ajuntament a les 18 hores. El divendres 22 de mar\u00e7 es projectar\u00e0 el curtmetratge &#8220;IV&#8221; (Cuatro), de l&#8217;chestano Teo Vallet i amb el mon\u00f2leg &#8220;Mari Palante&#8221;, ambdues activitats en el teatre Liceu. Posar\u00e0 el punt final a la programaci\u00f3 dels actes commemoratius del Dia Internacional de la Dona la representaci\u00f3 de l&#8217;obra &#8220;El Contracte&#8221;, el 31 de mar\u00e7 a les 19 hores al sal\u00f3 de plens de l&#8217;Ajuntament.<\/p>\n<\/div>\n<div class=\"\">\n<div id='gallery-1' class='gallery galleryid-83055 gallery-columns-3 gallery-size-medium'><figure class='gallery-item'>\n\t\t\t<div class='gallery-icon landscape'>\n\t\t\t\t<a href='https:\/\/tucomarca.whitekongsoftware.com\/ca\/fotogaleria-exit-de-la-iii-marato-esportiva-femenina-de-xest\/maratoncheste09-2\/'><img loading=\"lazy\" decoding=\"async\" width=\"300\" height=\"114\" src=\"https:\/\/tucomarca.whitekongsoftware.com\/wp-content\/uploads\/2019\/03\/MaratonCheste09-300x114.jpg\" class=\"attachment-medium size-medium\" alt=\"Participantes en la iniciativa de Cheste.\" aria-describedby=\"gallery-1-83051\" srcset=\"https:\/\/tucomarca.whitekongsoftware.com\/wp-content\/uploads\/2019\/03\/MaratonCheste09-300x114.jpg 300w, https:\/\/tucomarca.whitekongsoftware.com\/wp-content\/uploads\/2019\/03\/MaratonCheste09-768x292.jpg 768w, https:\/\/tucomarca.whitekongsoftware.com\/wp-content\/uploads\/2019\/03\/MaratonCheste09.jpg 1024w\" sizes=\"auto, (max-width: 300px) 100vw, 300px\" \/><\/a>\n\t\t\t<\/div>\n\t\t\t\t<figcaption class='wp-caption-text gallery-caption' id='gallery-1-83051'>\n\t\t\t\tParticipantes en la iniciativa de Cheste.\n\t\t\t\t<\/figcaption><\/figure><figure class='gallery-item'>\n\t\t\t<div class='gallery-icon landscape'>\n\t\t\t\t<a href='https:\/\/tucomarca.whitekongsoftware.com\/ca\/fotogaleria-exit-de-la-iii-marato-esportiva-femenina-de-xest\/maratoncheste08-2\/'><img loading=\"lazy\" decoding=\"async\" width=\"300\" height=\"169\" src=\"https:\/\/tucomarca.whitekongsoftware.com\/wp-content\/uploads\/2019\/03\/MaratonCheste08-300x169.jpg\" class=\"attachment-medium size-medium\" alt=\"\" srcset=\"https:\/\/tucomarca.whitekongsoftware.com\/wp-content\/uploads\/2019\/03\/MaratonCheste08-300x169.jpg 300w, https:\/\/tucomarca.whitekongsoftware.com\/wp-content\/uploads\/2019\/03\/MaratonCheste08-768x432.jpg 768w, https:\/\/tucomarca.whitekongsoftware.com\/wp-content\/uploads\/2019\/03\/MaratonCheste08-1024x576.jpg 1024w, https:\/\/tucomarca.whitekongsoftware.com\/wp-content\/uploads\/2019\/03\/MaratonCheste08.jpg 1600w\" sizes=\"auto, (max-width: 300px) 100vw, 300px\" \/><\/a>\n\t\t\t<\/div><\/figure><figure class='gallery-item'>\n\t\t\t<div class='gallery-icon landscape'>\n\t\t\t\t<a href='https:\/\/tucomarca.whitekongsoftware.com\/ca\/fotogaleria-exit-de-la-iii-marato-esportiva-femenina-de-xest\/maratoncheste07-2\/'><img loading=\"lazy\" decoding=\"async\" width=\"300\" height=\"200\" src=\"https:\/\/tucomarca.whitekongsoftware.com\/wp-content\/uploads\/2019\/03\/MaratonCheste07-300x200.jpg\" class=\"attachment-medium size-medium\" alt=\"\" srcset=\"https:\/\/tucomarca.whitekongsoftware.com\/wp-content\/uploads\/2019\/03\/MaratonCheste07-300x200.jpg 300w, https:\/\/tucomarca.whitekongsoftware.com\/wp-content\/uploads\/2019\/03\/MaratonCheste07-768x512.jpg 768w, https:\/\/tucomarca.whitekongsoftware.com\/wp-content\/uploads\/2019\/03\/MaratonCheste07-1024x683.jpg 1024w\" sizes=\"auto, (max-width: 300px) 100vw, 300px\" \/><\/a>\n\t\t\t<\/div><\/figure><figure class='gallery-item'>\n\t\t\t<div class='gallery-icon landscape'>\n\t\t\t\t<a href='https:\/\/tucomarca.whitekongsoftware.com\/ca\/fotogaleria-exit-de-la-iii-marato-esportiva-femenina-de-xest\/maratoncheste06-2\/'><img loading=\"lazy\" decoding=\"async\" width=\"300\" height=\"200\" src=\"https:\/\/tucomarca.whitekongsoftware.com\/wp-content\/uploads\/2019\/03\/MaratonCheste06-300x200.jpg\" class=\"attachment-medium size-medium\" alt=\"\" srcset=\"https:\/\/tucomarca.whitekongsoftware.com\/wp-content\/uploads\/2019\/03\/MaratonCheste06-300x200.jpg 300w, https:\/\/tucomarca.whitekongsoftware.com\/wp-content\/uploads\/2019\/03\/MaratonCheste06-768x512.jpg 768w, https:\/\/tucomarca.whitekongsoftware.com\/wp-content\/uploads\/2019\/03\/MaratonCheste06-1024x683.jpg 1024w\" sizes=\"auto, (max-width: 300px) 100vw, 300px\" \/><\/a>\n\t\t\t<\/div><\/figure><figure class='gallery-item'>\n\t\t\t<div class='gallery-icon landscape'>\n\t\t\t\t<a href='https:\/\/tucomarca.whitekongsoftware.com\/ca\/fotogaleria-exit-de-la-iii-marato-esportiva-femenina-de-xest\/maratoncheste05-2\/'><img loading=\"lazy\" decoding=\"async\" width=\"300\" height=\"200\" src=\"https:\/\/tucomarca.whitekongsoftware.com\/wp-content\/uploads\/2019\/03\/MaratonCheste05-300x200.jpg\" class=\"attachment-medium size-medium\" alt=\"\" srcset=\"https:\/\/tucomarca.whitekongsoftware.com\/wp-content\/uploads\/2019\/03\/MaratonCheste05-300x200.jpg 300w, https:\/\/tucomarca.whitekongsoftware.com\/wp-content\/uploads\/2019\/03\/MaratonCheste05-768x512.jpg 768w, https:\/\/tucomarca.whitekongsoftware.com\/wp-content\/uploads\/2019\/03\/MaratonCheste05-1024x683.jpg 1024w\" sizes=\"auto, (max-width: 300px) 100vw, 300px\" \/><\/a>\n\t\t\t<\/div><\/figure><figure class='gallery-item'>\n\t\t\t<div class='gallery-icon landscape'>\n\t\t\t\t<a href='https:\/\/tucomarca.whitekongsoftware.com\/ca\/fotogaleria-exit-de-la-iii-marato-esportiva-femenina-de-xest\/maratoncheste04-2\/'><img loading=\"lazy\" decoding=\"async\" width=\"300\" height=\"200\" src=\"https:\/\/tucomarca.whitekongsoftware.com\/wp-content\/uploads\/2019\/03\/MaratonCheste04-300x200.jpg\" class=\"attachment-medium size-medium\" alt=\"\" srcset=\"https:\/\/tucomarca.whitekongsoftware.com\/wp-content\/uploads\/2019\/03\/MaratonCheste04-300x200.jpg 300w, https:\/\/tucomarca.whitekongsoftware.com\/wp-content\/uploads\/2019\/03\/MaratonCheste04-768x512.jpg 768w, https:\/\/tucomarca.whitekongsoftware.com\/wp-content\/uploads\/2019\/03\/MaratonCheste04-1024x683.jpg 1024w\" sizes=\"auto, (max-width: 300px) 100vw, 300px\" \/><\/a>\n\t\t\t<\/div><\/figure><figure class='gallery-item'>\n\t\t\t<div class='gallery-icon landscape'>\n\t\t\t\t<a href='https:\/\/tucomarca.whitekongsoftware.com\/ca\/fotogaleria-exit-de-la-iii-marato-esportiva-femenina-de-xest\/maratoncheste03-2\/'><img loading=\"lazy\" decoding=\"async\" width=\"300\" height=\"200\" src=\"https:\/\/tucomarca.whitekongsoftware.com\/wp-content\/uploads\/2019\/03\/MaratonCheste03-300x200.jpg\" class=\"attachment-medium size-medium\" alt=\"\" srcset=\"https:\/\/tucomarca.whitekongsoftware.com\/wp-content\/uploads\/2019\/03\/MaratonCheste03-300x200.jpg 300w, https:\/\/tucomarca.whitekongsoftware.com\/wp-content\/uploads\/2019\/03\/MaratonCheste03-768x512.jpg 768w, https:\/\/tucomarca.whitekongsoftware.com\/wp-content\/uploads\/2019\/03\/MaratonCheste03-1024x683.jpg 1024w\" sizes=\"auto, (max-width: 300px) 100vw, 300px\" \/><\/a>\n\t\t\t<\/div><\/figure><figure class='gallery-item'>\n\t\t\t<div class='gallery-icon landscape'>\n\t\t\t\t<a href='https:\/\/tucomarca.whitekongsoftware.com\/ca\/fotogaleria-exit-de-la-iii-marato-esportiva-femenina-de-xest\/maratoncheste02-2\/'><img loading=\"lazy\" decoding=\"async\" width=\"300\" height=\"200\" src=\"https:\/\/tucomarca.whitekongsoftware.com\/wp-content\/uploads\/2019\/03\/MaratonCheste02-300x200.jpg\" class=\"attachment-medium size-medium\" alt=\"\" srcset=\"https:\/\/tucomarca.whitekongsoftware.com\/wp-content\/uploads\/2019\/03\/MaratonCheste02-300x200.jpg 300w, https:\/\/tucomarca.whitekongsoftware.com\/wp-content\/uploads\/2019\/03\/MaratonCheste02-768x512.jpg 768w, https:\/\/tucomarca.whitekongsoftware.com\/wp-content\/uploads\/2019\/03\/MaratonCheste02-1024x683.jpg 1024w\" sizes=\"auto, (max-width: 300px) 100vw, 300px\" \/><\/a>\n\t\t\t<\/div><\/figure><figure class='gallery-item'>\n\t\t\t<div class='gallery-icon landscape'>\n\t\t\t\t<a href='https:\/\/tucomarca.whitekongsoftware.com\/ca\/fotogaleria-exit-de-la-iii-marato-esportiva-femenina-de-xest\/maratoncheste01-2\/'><img loading=\"lazy\" decoding=\"async\" width=\"300\" height=\"200\" src=\"https:\/\/tucomarca.whitekongsoftware.com\/wp-content\/uploads\/2019\/03\/MaratonCheste01-300x200.jpg\" class=\"attachment-medium size-medium\" alt=\"\" srcset=\"https:\/\/tucomarca.whitekongsoftware.com\/wp-content\/uploads\/2019\/03\/MaratonCheste01-300x200.jpg 300w, https:\/\/tucomarca.whitekongsoftware.com\/wp-content\/uploads\/2019\/03\/MaratonCheste01-768x512.jpg 768w, https:\/\/tucomarca.whitekongsoftware.com\/wp-content\/uploads\/2019\/03\/MaratonCheste01-1024x683.jpg 1024w\" sizes=\"auto, (max-width: 300px) 100vw, 300px\" \/><\/a>\n\t\t\t<\/div><\/figure>\n\t\t<\/div>\n\n<\/div>\n","protected":false},"excerpt":{"rendered":"<div class=\"mh-excerpt\">Dissabte passat, 9 de mar\u00e7, la pla\u00e7a Doctor Cajal va acollir la Marat\u00f3 Esportiva Femenina organitzada per la regidoria d&#8217;Igualtat amb motiu de la commemoraci\u00f3 del Dia Internacional de la Dona. Una activitat que ja <a class=\"mh-excerpt-more\" href=\"https:\/\/tucomarca.whitekongsoftware.com\/ca\/fotogaleria-exit-de-la-iii-marato-esportiva-femenina-de-xest\/\" title=\"Fotogaleria: \u00c8xit de la III Marat\u00f3 Esportiva Femenina de Xest\">[+] <\/a><\/div>\n","protected":false},"author":1,"featured_media":83051,"comment_status":"open","ping_status":"open","sticky":false,"template":"","format":"standard","meta":{"footnotes":""},"categories":[11003,10912,11009,10896,10974],"tags":[11109],"class_list":["post-83055","post","type-post","status-publish","format-standard","has-post-thumbnail","category-sports","category-la-hoya-ca","category-polideportivo-ca","category-seccion-ca","category-cheste-ca","tag-xest"],"_links":{"self":[{"href":"https:\/\/tucomarca.whitekongsoftware.com\/ca\/wp-json\/wp\/v2\/posts\/83055","targetHints":{"allow":["GET"]}}],"collection":[{"href":"https:\/\/tucomarca.whitekongsoftware.com\/ca\/wp-json\/wp\/v2\/posts"}],"about":[{"href":"https:\/\/tucomarca.whitekongsoftware.com\/ca\/wp-json\/wp\/v2\/types\/post"}],"author":[{"embeddable":true,"href":"https:\/\/tucomarca.whitekongsoftware.com\/ca\/wp-json\/wp\/v2\/users\/1"}],"replies":[{"embeddable":true,"href":"https:\/\/tucomarca.whitekongsoftware.com\/ca\/wp-json\/wp\/v2\/comments?post=83055"}],"version-history":[{"count":0,"href":"https:\/\/tucomarca.whitekongsoftware.com\/ca\/wp-json\/wp\/v2\/posts\/83055\/revisions"}],"wp:featuredmedia":[{"embeddable":true,"href":"https:\/\/tucomarca.whitekongsoftware.com\/ca\/wp-json\/wp\/v2\/media\/83051"}],"wp:attachment":[{"href":"https:\/\/tucomarca.whitekongsoftware.com\/ca\/wp-json\/wp\/v2\/media?parent=83055"}],"wp:term":[{"taxonomy":"category","embeddable":true,"href":"https:\/\/tucomarca.whitekongsoftware.com\/ca\/wp-json\/wp\/v2\/categories?post=83055"},{"taxonomy":"post_tag","embeddable":true,"href":"https:\/\/tucomarca.whitekongsoftware.com\/ca\/wp-json\/wp\/v2\/tags?post=83055"}],"curies":[{"name":"wp","href":"https:\/\/api.w.org\/{rel}","templated":true}]}}