{"id":82851,"date":"2019-03-07T09:46:41","date_gmt":"2019-03-07T07:46:41","guid":{"rendered":"http:\/\/www.tucomarca.com\/wordpress\/segunda\/?p=82851"},"modified":"2019-03-07T09:46:41","modified_gmt":"2019-03-07T07:46:41","slug":"la-mancomunitat-organitza-una-marxa-de-la-igualtat-el-8-de-marc-amb-motiu-del-dia-internacional-de-la-dona","status":"publish","type":"post","link":"https:\/\/tucomarca.whitekongsoftware.com\/ca\/la-mancomunitat-organitza-una-marxa-de-la-igualtat-el-8-de-marc-amb-motiu-del-dia-internacional-de-la-dona\/","title":{"rendered":"La Mancomunitat organitza una Marxa de la Igualtat el 8 de mar\u00e7 amb motiu del Dia Internacional de la Dona"},"content":{"rendered":"<figure id=\"attachment_82848\" aria-describedby=\"caption-attachment-82848\" style=\"width: 372px\" class=\"wp-caption alignleft\"><img loading=\"lazy\" decoding=\"async\" class=\" wp-image-82848\" src=\"http:\/\/www.tucomarca.com\/wordpress\/segunda\/wp-content\/uploads\/2019\/03\/8Mar2019.jpg\" alt=\"La Mancomunidad organiza una Marcha de la Igualdad el 8 de marzo con motivo del D\u00eda Internacional de la Mujer.\" width=\"372\" height=\"527\" srcset=\"https:\/\/tucomarca.whitekongsoftware.com\/wp-content\/uploads\/2019\/03\/8Mar2019.jpg 1588w, https:\/\/tucomarca.whitekongsoftware.com\/wp-content\/uploads\/2019\/03\/8Mar2019-212x300.jpg 212w, https:\/\/tucomarca.whitekongsoftware.com\/wp-content\/uploads\/2019\/03\/8Mar2019-768x1086.jpg 768w, https:\/\/tucomarca.whitekongsoftware.com\/wp-content\/uploads\/2019\/03\/8Mar2019-724x1024.jpg 724w, https:\/\/tucomarca.whitekongsoftware.com\/wp-content\/uploads\/2019\/03\/8Mar2019-1024x1448.jpg 1024w\" sizes=\"auto, (max-width: 372px) 100vw, 372px\" \/><figcaption id=\"caption-attachment-82848\" class=\"wp-caption-text\">La Mancomunitat organitza una Marxa de la Igualtat el 8 de mar\u00e7 amb motiu del Dia Internacional de la Dona.<\/figcaption><\/figure>\n<p><strong>L&#8217;ens supramunicipal se suma a la commemoraci\u00f3 d&#8217;aquesta data que reconeix la tasca de la dona per la seva participaci\u00f3 i desenvolupament en la societat i per la plena igualtat de g\u00e8nere<\/strong><\/p>\n<p>La Mancomunitat de la Foia de Bunyol-Xiva, amb la col\u00b7laboraci\u00f3 de l&#8217;Ajuntament de Y\u00e1tova i de les associacions del municipi, ha organitzat una Marxa per la Igualtat per a aquest divendres 8 de mar\u00e7 amb motiu del Dia Internacional de la Dona.<\/p>\n<p>L&#8217;ens supramunicipal se suma aix\u00ed a la commemoraci\u00f3 d&#8217;aquesta data que reconeix la tasca de la dona per la seva participaci\u00f3 i desenvolupament en la societat, i per la plena igualtat de g\u00e8nere. A la resta de localitats de la comarca tamb\u00e9 s&#8217;han programat actes commemoratius per a la celebraci\u00f3 d&#8217;aquest dia que se celebra any rere any des de 1957, quan va ser declarat per l&#8217;Organitzaci\u00f3 de les Nacions Unides (ONU) com a moviment de car\u00e0cter internacional a favor de la dona i dels seus esfor\u00e7os en pro de la igualtat, la just\u00edcia i la pau.<\/p>\n<p>La sortida de la marxa est\u00e0 prevista a les 11 hores des de l&#8217;edifici de la Mancomunitat. Despr\u00e9s d&#8217;un trajecte de dos quil\u00f2metres, el recorregut finalitzar\u00e0 a la pla\u00e7a del poble, on es posar\u00e0 a disposici\u00f3 dels participants refrescos i\u00a0una picaeta.<\/p>\n","protected":false},"excerpt":{"rendered":"<div class=\"mh-excerpt\">L&#8217;ens supramunicipal se suma a la commemoraci\u00f3 d&#8217;aquesta data que reconeix la tasca de la dona per la seva participaci\u00f3 i desenvolupament en la societat i per la plena igualtat de g\u00e8nere La Mancomunitat de <a class=\"mh-excerpt-more\" href=\"https:\/\/tucomarca.whitekongsoftware.com\/ca\/la-mancomunitat-organitza-una-marxa-de-la-igualtat-el-8-de-marc-amb-motiu-del-dia-internacional-de-la-dona\/\" title=\"La Mancomunitat organitza una Marxa de la Igualtat el 8 de mar\u00e7 amb motiu del Dia Internacional de la Dona\">[+] <\/a><\/div>\n","protected":false},"author":2,"featured_media":82849,"comment_status":"open","ping_status":"open","sticky":false,"template":"","format":"standard","meta":{"footnotes":""},"categories":[11019,10894,10912,10896],"tags":[11512,11106],"class_list":["post-82851","post","type-post","status-publish","format-standard","has-post-thumbnail","category-agenda-ca","category-la-comarca-ca","category-la-hoya-ca","category-seccion-ca","tag-dia-internacional-de-la-mujer-ca","tag-mancomunidad-hoya-de-bunol-chiva-ca"],"_links":{"self":[{"href":"https:\/\/tucomarca.whitekongsoftware.com\/ca\/wp-json\/wp\/v2\/posts\/82851","targetHints":{"allow":["GET"]}}],"collection":[{"href":"https:\/\/tucomarca.whitekongsoftware.com\/ca\/wp-json\/wp\/v2\/posts"}],"about":[{"href":"https:\/\/tucomarca.whitekongsoftware.com\/ca\/wp-json\/wp\/v2\/types\/post"}],"author":[{"embeddable":true,"href":"https:\/\/tucomarca.whitekongsoftware.com\/ca\/wp-json\/wp\/v2\/users\/2"}],"replies":[{"embeddable":true,"href":"https:\/\/tucomarca.whitekongsoftware.com\/ca\/wp-json\/wp\/v2\/comments?post=82851"}],"version-history":[{"count":0,"href":"https:\/\/tucomarca.whitekongsoftware.com\/ca\/wp-json\/wp\/v2\/posts\/82851\/revisions"}],"wp:featuredmedia":[{"embeddable":true,"href":"https:\/\/tucomarca.whitekongsoftware.com\/ca\/wp-json\/wp\/v2\/media\/82849"}],"wp:attachment":[{"href":"https:\/\/tucomarca.whitekongsoftware.com\/ca\/wp-json\/wp\/v2\/media?parent=82851"}],"wp:term":[{"taxonomy":"category","embeddable":true,"href":"https:\/\/tucomarca.whitekongsoftware.com\/ca\/wp-json\/wp\/v2\/categories?post=82851"},{"taxonomy":"post_tag","embeddable":true,"href":"https:\/\/tucomarca.whitekongsoftware.com\/ca\/wp-json\/wp\/v2\/tags?post=82851"}],"curies":[{"name":"wp","href":"https:\/\/api.w.org\/{rel}","templated":true}]}}