{"id":82834,"date":"2019-03-06T17:18:21","date_gmt":"2019-03-06T15:18:21","guid":{"rendered":"http:\/\/www.tucomarca.com\/wordpress\/segunda\/?p=82834"},"modified":"2019-03-06T17:18:21","modified_gmt":"2019-03-06T15:18:21","slug":"el-club-bunyol-turis-xest-de-gimnastica-ritmica-participa-a-la-fase-autonomica-del-campionat-despanya-a-lalcora","status":"publish","type":"post","link":"https:\/\/tucomarca.whitekongsoftware.com\/ca\/el-club-bunyol-turis-xest-de-gimnastica-ritmica-participa-a-la-fase-autonomica-del-campionat-despanya-a-lalcora\/","title":{"rendered":"El Club Bunyol-Tur\u00eds-Xest de gimn\u00e0stica r\u00edtmica participa a la Fase Auton\u00f2mica del Campionat d&#8217;Espanya a L&#8217;Alcora"},"content":{"rendered":"<figure id=\"attachment_82828\" aria-describedby=\"caption-attachment-82828\" style=\"width: 469px\" class=\"wp-caption alignleft\"><img loading=\"lazy\" decoding=\"async\" class=\" wp-image-82828\" src=\"http:\/\/www.tucomarca.com\/wordpress\/segunda\/wp-content\/uploads\/2019\/03\/juvenilesgimnasia.jpg\" alt=\"Las gimnastas juveniles del Club de Gimnasia R\u00edtmica.\" width=\"469\" height=\"400\" srcset=\"https:\/\/tucomarca.whitekongsoftware.com\/wp-content\/uploads\/2019\/03\/juvenilesgimnasia.jpg 960w, https:\/\/tucomarca.whitekongsoftware.com\/wp-content\/uploads\/2019\/03\/juvenilesgimnasia-300x256.jpg 300w, https:\/\/tucomarca.whitekongsoftware.com\/wp-content\/uploads\/2019\/03\/juvenilesgimnasia-768x654.jpg 768w\" sizes=\"auto, (max-width: 469px) 100vw, 469px\" \/><figcaption id=\"caption-attachment-82828\" class=\"wp-caption-text\">Les gimnastes juvenils del Club de Gimn\u00e0stica R\u00edtmica.<\/figcaption><\/figure>\n<p>Aquest passat cap de setmana el club de gimn\u00e0stica r\u00edtmica Bunyol-Tur\u00eds-Xest s&#8217;ha despla\u00e7at juntament amb el seu cos t\u00e8cnic, les benjamins i el conjunt juvenil a l&#8217;Alcora (Castell\u00f3) on es va celebrar la fase auton\u00f2mica i classificat\u00f2ria per al campionat d&#8217;Espanya .<\/p>\n<p>Les benjamins Amaia Fuertes i Paola Iranzo, tot i els nervis i de la seva curta edat, van aconseguir classificar-se pel campionat d&#8217;Espanya base i viatjaran a principis d&#8217;abril a Guadalajara per a la Fase Nacional.<\/p>\n<p>Un campionat on es reuneixen m\u00e9s de 900 gimnastes de totes les categories i ciutats del pa\u00eds. No tanta sort ha tingut el conjunt Juvenil, que despr\u00e9s de realitzar el seu muntatge amb diversos errors no han aconseguit la seva classificaci\u00f3.<\/p>\n<p>A m\u00e9s, les m\u00e9s grans comencen les seves vacances per poder recuperar-se de diverses lesions sofertes aquesta temporada. \u00abEsperem que aquesta amarga actuaci\u00f3 no desanimi a aquestes gimnastes i segueixin lluitant un any m\u00e9s. Ara queda un treball dur fins a arribar al nacional, perfeccionant els exercicis per representar la comunitat i al club de la millor manera possible. La resta de gimnastes del club segueixen preparant els seus exercicis per competir en aquesta temporada cadascuna en el seu nivell i seguir avan\u00e7ant totes juntes \u00bb, tal com han informat des del club.<\/p>\n<figure id=\"attachment_82831\" aria-describedby=\"caption-attachment-82831\" style=\"width: 461px\" class=\"wp-caption alignright\"><img loading=\"lazy\" decoding=\"async\" class=\" wp-image-82831\" src=\"http:\/\/www.tucomarca.com\/wordpress\/segunda\/wp-content\/uploads\/2019\/03\/paolayamaia.jpg\" alt=\"Las gimnastas Paola y Amaia.\" width=\"461\" height=\"615\" srcset=\"https:\/\/tucomarca.whitekongsoftware.com\/wp-content\/uploads\/2019\/03\/paolayamaia.jpg 562w, https:\/\/tucomarca.whitekongsoftware.com\/wp-content\/uploads\/2019\/03\/paolayamaia-225x300.jpg 225w\" sizes=\"auto, (max-width: 461px) 100vw, 461px\" \/><figcaption id=\"caption-attachment-82831\" class=\"wp-caption-text\">Les gimnastes Paola i Amaia.<\/figcaption><\/figure>\n","protected":false},"excerpt":{"rendered":"<div class=\"mh-excerpt\">Aquest passat cap de setmana el club de gimn\u00e0stica r\u00edtmica Bunyol-Tur\u00eds-Xest s&#8217;ha despla\u00e7at juntament amb el seu cos t\u00e8cnic, les benjamins i el conjunt juvenil a l&#8217;Alcora (Castell\u00f3) on es va celebrar la fase auton\u00f2mica <a class=\"mh-excerpt-more\" href=\"https:\/\/tucomarca.whitekongsoftware.com\/ca\/el-club-bunyol-turis-xest-de-gimnastica-ritmica-participa-a-la-fase-autonomica-del-campionat-despanya-a-lalcora\/\" title=\"El Club Bunyol-Tur\u00eds-Xest de gimn\u00e0stica r\u00edtmica participa a la Fase Auton\u00f2mica del Campionat d&#8217;Espanya a L&#8217;Alcora\">[+] <\/a><\/div>\n","protected":false},"author":1,"featured_media":82829,"comment_status":"open","ping_status":"open","sticky":false,"template":"","format":"standard","meta":{"footnotes":""},"categories":[10911,11003,10912,10902,11009,10896,11047,10974],"tags":[10913,11314,11093,11109],"class_list":["post-82834","post","type-post","status-publish","format-standard","has-post-thumbnail","category-bunol-ca","category-sports","category-la-hoya-ca","category-la-ribera-ca","category-polideportivo-ca","category-seccion-ca","category-turis-ca","category-cheste-ca","tag-bunol-ca","tag-bunyol-ca","tag-turis-ca","tag-xest"],"_links":{"self":[{"href":"https:\/\/tucomarca.whitekongsoftware.com\/ca\/wp-json\/wp\/v2\/posts\/82834","targetHints":{"allow":["GET"]}}],"collection":[{"href":"https:\/\/tucomarca.whitekongsoftware.com\/ca\/wp-json\/wp\/v2\/posts"}],"about":[{"href":"https:\/\/tucomarca.whitekongsoftware.com\/ca\/wp-json\/wp\/v2\/types\/post"}],"author":[{"embeddable":true,"href":"https:\/\/tucomarca.whitekongsoftware.com\/ca\/wp-json\/wp\/v2\/users\/1"}],"replies":[{"embeddable":true,"href":"https:\/\/tucomarca.whitekongsoftware.com\/ca\/wp-json\/wp\/v2\/comments?post=82834"}],"version-history":[{"count":0,"href":"https:\/\/tucomarca.whitekongsoftware.com\/ca\/wp-json\/wp\/v2\/posts\/82834\/revisions"}],"wp:featuredmedia":[{"embeddable":true,"href":"https:\/\/tucomarca.whitekongsoftware.com\/ca\/wp-json\/wp\/v2\/media\/82829"}],"wp:attachment":[{"href":"https:\/\/tucomarca.whitekongsoftware.com\/ca\/wp-json\/wp\/v2\/media?parent=82834"}],"wp:term":[{"taxonomy":"category","embeddable":true,"href":"https:\/\/tucomarca.whitekongsoftware.com\/ca\/wp-json\/wp\/v2\/categories?post=82834"},{"taxonomy":"post_tag","embeddable":true,"href":"https:\/\/tucomarca.whitekongsoftware.com\/ca\/wp-json\/wp\/v2\/tags?post=82834"}],"curies":[{"name":"wp","href":"https:\/\/api.w.org\/{rel}","templated":true}]}}