{"id":82794,"date":"2019-03-07T09:48:37","date_gmt":"2019-03-07T07:48:37","guid":{"rendered":"http:\/\/www.tucomarca.com\/wordpress\/segunda\/?p=82794"},"modified":"2019-03-07T09:48:37","modified_gmt":"2019-03-07T07:48:37","slug":"fotogaleria-la-banda-simfonica-del-cim-la-armonica-ofereix-el-seu-concert-en-homenatge-a-la-dona-litrera","status":"publish","type":"post","link":"https:\/\/tucomarca.whitekongsoftware.com\/ca\/fotogaleria-la-banda-simfonica-del-cim-la-armonica-ofereix-el-seu-concert-en-homenatge-a-la-dona-litrera\/","title":{"rendered":"Fotogaleria: La banda simf\u00f2nica del CIM \u00abLa Arm\u00f3nica\u00bb ofereix el seu concert en homenatge a la \u00abdona litrera\u00bb"},"content":{"rendered":"<figure id=\"attachment_82791\" aria-describedby=\"caption-attachment-82791\" style=\"width: 317px\" class=\"wp-caption alignleft\"><img loading=\"lazy\" decoding=\"async\" class=\" wp-image-82791\" src=\"http:\/\/www.tucomarca.com\/wordpress\/segunda\/wp-content\/uploads\/2019\/03\/DSC00614.jpeg\" alt=\"La segunda parte comenz\u00f3 con el estreno de un pasodoble compuesto por un m\u00fasico litrero, Manuel Ram\u00f3n Mas.\" width=\"317\" height=\"211\" srcset=\"https:\/\/tucomarca.whitekongsoftware.com\/wp-content\/uploads\/2019\/03\/DSC00614.jpeg 6000w, https:\/\/tucomarca.whitekongsoftware.com\/wp-content\/uploads\/2019\/03\/DSC00614-300x200.jpeg 300w, https:\/\/tucomarca.whitekongsoftware.com\/wp-content\/uploads\/2019\/03\/DSC00614-768x512.jpeg 768w, https:\/\/tucomarca.whitekongsoftware.com\/wp-content\/uploads\/2019\/03\/DSC00614-1024x683.jpeg 1024w\" sizes=\"auto, (max-width: 317px) 100vw, 317px\" \/><figcaption id=\"caption-attachment-82791\" class=\"wp-caption-text\">La segona part va comen\u00e7ar amb l&#8217;estrena d&#8217;un pasdoble compost per un m\u00fasic litrero, Manuel Ram\u00f3n Mas.<\/figcaption><\/figure>\n<p>Aquest passat dissabte, 2 de mar\u00e7, va tenir lloc el tradicional concert de la Banda Simf\u00f2nica del CIM \u00abLa\u00a0Arm\u00f3nica\u00bb per homenatjar la \u00abdona litrera\u00bb.<\/p>\n<p><em>\u00abHem de tenir present que el motiu pel qual es porta a terme aquest homenatge \u00e9s la lluita incansable de la dona per igualar els seus drets als dels homes, drets que els han estat negats any rere any, segle rere segle, nom\u00e9s per mer fet de no haver nascut homes\u00bb<\/em>, com han manifestat des de l&#8217;entitat musical.<\/p>\n<p>Aquest concert va estar compost per dues parts: la primera va comen\u00e7ar amb la interpretaci\u00f3 de Godspeed !, de S. Melillo, obra en\u00e8rgica i una de les obres clau del compositor. La pe\u00e7a cont\u00e9 una brillant introducci\u00f3 i recapitulaci\u00f3, aix\u00ed com una secci\u00f3 central exuberant. A m\u00e9s, aquesta primera part va tenir un car\u00e0cter commemoratiu.<\/p>\n<p>Jos\u00e9 Tello Espert, director de la Banda Simf\u00f2nica, va voler continuar la celebraci\u00f3 del centenari del naixement L. Bernstein interpretant Danses Simf\u00f2niques, de West Side Story. L&#8217;argument d&#8217;aquesta obra est\u00e0 basat en la hist\u00f2ria de Romeu i Julieta, de Shakespeare, per\u00f2 adaptada als temps moderns.<\/p>\n<p>La segona part va comen\u00e7ar amb l&#8217;estrena d&#8217;un pasdoble compost per un m\u00fasic litrero, Manuel Ram\u00f3n Mas. Jos\u00e9 Tello va cedir la batuta a Manuel perqu\u00e8 ell mateix pogu\u00e9s dirigir l&#8217;estrena d&#8217;aquest pasdoble tan especial, que porta el nom del seu pare Vicente Duc, de fam\u00edlia litrera. El compositor va dedicar aquest pasdoble al seu pare i tota la seva fam\u00edlia, <em>\u00abgrans litreros que han dedicat la seva vida a la societat\u00bb<\/em>.<\/p>\n<p>Despr\u00e9s d&#8217;aquest moment tan emotiu, la Banda Simf\u00f2nica va interpretar la Simfonia no 8 en sol major, op.88 de Dvorak, qui va compondre aquesta obra en el seu retir d&#8217;estiu per celebrar la seva admissi\u00f3 a l&#8217;Acad\u00e8mia de Praga. El compositor volia produir \u00abuna obra que \u00e9s diferent de les altres simfonies, amb idees individuals elaborades d&#8217;una manera nova\u00bb. El concert de la Banda Simf\u00f2nica del CIM \u00abL&#8217;Harm\u00f2nica\u00bb va finalitzar amb l&#8217;Himne Litrero, de Masmano i D\u00edaz.<\/p>\n<div id='gallery-1' class='gallery galleryid-82794 gallery-columns-3 gallery-size-medium'><figure class='gallery-item'>\n\t\t\t<div class='gallery-icon landscape'>\n\t\t\t\t<a href='https:\/\/tucomarca.whitekongsoftware.com\/ca\/fotogaleria-la-banda-simfonica-del-cim-la-armonica-ofereix-el-seu-concert-en-homenatge-a-la-dona-litrera\/05-9-2\/'><img loading=\"lazy\" decoding=\"async\" width=\"300\" height=\"225\" src=\"https:\/\/tucomarca.whitekongsoftware.com\/wp-content\/uploads\/2019\/03\/05-300x225.jpeg\" class=\"attachment-medium size-medium\" alt=\"\" srcset=\"https:\/\/tucomarca.whitekongsoftware.com\/wp-content\/uploads\/2019\/03\/05-300x225.jpeg 300w, https:\/\/tucomarca.whitekongsoftware.com\/wp-content\/uploads\/2019\/03\/05-768x576.jpeg 768w, https:\/\/tucomarca.whitekongsoftware.com\/wp-content\/uploads\/2019\/03\/05-1024x768.jpeg 1024w, https:\/\/tucomarca.whitekongsoftware.com\/wp-content\/uploads\/2019\/03\/05.jpeg 1600w\" sizes=\"auto, (max-width: 300px) 100vw, 300px\" \/><\/a>\n\t\t\t<\/div><\/figure><figure class='gallery-item'>\n\t\t\t<div class='gallery-icon landscape'>\n\t\t\t\t<a href='https:\/\/tucomarca.whitekongsoftware.com\/ca\/fotogaleria-la-banda-simfonica-del-cim-la-armonica-ofereix-el-seu-concert-en-homenatge-a-la-dona-litrera\/dsc00628-2\/'><img loading=\"lazy\" decoding=\"async\" width=\"300\" height=\"200\" src=\"https:\/\/tucomarca.whitekongsoftware.com\/wp-content\/uploads\/2019\/03\/DSC00628-300x200.jpeg\" class=\"attachment-medium size-medium\" alt=\"\" srcset=\"https:\/\/tucomarca.whitekongsoftware.com\/wp-content\/uploads\/2019\/03\/DSC00628-300x200.jpeg 300w, https:\/\/tucomarca.whitekongsoftware.com\/wp-content\/uploads\/2019\/03\/DSC00628-768x512.jpeg 768w, https:\/\/tucomarca.whitekongsoftware.com\/wp-content\/uploads\/2019\/03\/DSC00628-1024x683.jpeg 1024w\" sizes=\"auto, (max-width: 300px) 100vw, 300px\" \/><\/a>\n\t\t\t<\/div><\/figure><figure class='gallery-item'>\n\t\t\t<div class='gallery-icon landscape'>\n\t\t\t\t<a href='https:\/\/tucomarca.whitekongsoftware.com\/ca\/fotogaleria-la-banda-simfonica-del-cim-la-armonica-ofereix-el-seu-concert-en-homenatge-a-la-dona-litrera\/dsc00608-2\/'><img loading=\"lazy\" decoding=\"async\" width=\"300\" height=\"200\" src=\"https:\/\/tucomarca.whitekongsoftware.com\/wp-content\/uploads\/2019\/03\/DSC00608-300x200.jpeg\" class=\"attachment-medium size-medium\" alt=\"\" srcset=\"https:\/\/tucomarca.whitekongsoftware.com\/wp-content\/uploads\/2019\/03\/DSC00608-300x200.jpeg 300w, https:\/\/tucomarca.whitekongsoftware.com\/wp-content\/uploads\/2019\/03\/DSC00608-768x512.jpeg 768w, https:\/\/tucomarca.whitekongsoftware.com\/wp-content\/uploads\/2019\/03\/DSC00608-1024x683.jpeg 1024w\" sizes=\"auto, (max-width: 300px) 100vw, 300px\" \/><\/a>\n\t\t\t<\/div><\/figure><figure class='gallery-item'>\n\t\t\t<div class='gallery-icon landscape'>\n\t\t\t\t<a href='https:\/\/tucomarca.whitekongsoftware.com\/ca\/fotogaleria-la-banda-simfonica-del-cim-la-armonica-ofereix-el-seu-concert-en-homenatge-a-la-dona-litrera\/dsc00614-2-2\/'><img loading=\"lazy\" decoding=\"async\" width=\"300\" height=\"200\" src=\"https:\/\/tucomarca.whitekongsoftware.com\/wp-content\/uploads\/2019\/03\/DSC00614-1-300x200.jpeg\" class=\"attachment-medium size-medium\" alt=\"\" srcset=\"https:\/\/tucomarca.whitekongsoftware.com\/wp-content\/uploads\/2019\/03\/DSC00614-1-300x200.jpeg 300w, https:\/\/tucomarca.whitekongsoftware.com\/wp-content\/uploads\/2019\/03\/DSC00614-1-768x512.jpeg 768w, https:\/\/tucomarca.whitekongsoftware.com\/wp-content\/uploads\/2019\/03\/DSC00614-1-1024x683.jpeg 1024w\" sizes=\"auto, (max-width: 300px) 100vw, 300px\" \/><\/a>\n\t\t\t<\/div><\/figure><figure class='gallery-item'>\n\t\t\t<div class='gallery-icon landscape'>\n\t\t\t\t<a href='https:\/\/tucomarca.whitekongsoftware.com\/ca\/fotogaleria-la-banda-simfonica-del-cim-la-armonica-ofereix-el-seu-concert-en-homenatge-a-la-dona-litrera\/dsc00617-2\/'><img loading=\"lazy\" decoding=\"async\" width=\"300\" height=\"200\" src=\"https:\/\/tucomarca.whitekongsoftware.com\/wp-content\/uploads\/2019\/03\/DSC00617-300x200.jpeg\" class=\"attachment-medium size-medium\" alt=\"\" srcset=\"https:\/\/tucomarca.whitekongsoftware.com\/wp-content\/uploads\/2019\/03\/DSC00617-300x200.jpeg 300w, https:\/\/tucomarca.whitekongsoftware.com\/wp-content\/uploads\/2019\/03\/DSC00617-768x512.jpeg 768w, https:\/\/tucomarca.whitekongsoftware.com\/wp-content\/uploads\/2019\/03\/DSC00617-1024x683.jpeg 1024w\" sizes=\"auto, (max-width: 300px) 100vw, 300px\" \/><\/a>\n\t\t\t<\/div><\/figure><figure class='gallery-item'>\n\t\t\t<div class='gallery-icon portrait'>\n\t\t\t\t<a href='https:\/\/tucomarca.whitekongsoftware.com\/ca\/fotogaleria-la-banda-simfonica-del-cim-la-armonica-ofereix-el-seu-concert-en-homenatge-a-la-dona-litrera\/00-2\/'><img loading=\"lazy\" decoding=\"async\" width=\"225\" height=\"300\" src=\"https:\/\/tucomarca.whitekongsoftware.com\/wp-content\/uploads\/2019\/03\/00-225x300.jpg\" class=\"attachment-medium size-medium\" alt=\"\" srcset=\"https:\/\/tucomarca.whitekongsoftware.com\/wp-content\/uploads\/2019\/03\/00-225x300.jpg 225w, https:\/\/tucomarca.whitekongsoftware.com\/wp-content\/uploads\/2019\/03\/00-768x1024.jpg 768w, https:\/\/tucomarca.whitekongsoftware.com\/wp-content\/uploads\/2019\/03\/00-1024x1365.jpg 1024w, https:\/\/tucomarca.whitekongsoftware.com\/wp-content\/uploads\/2019\/03\/00.jpg 1035w\" sizes=\"auto, (max-width: 225px) 100vw, 225px\" \/><\/a>\n\t\t\t<\/div><\/figure><figure class='gallery-item'>\n\t\t\t<div class='gallery-icon landscape'>\n\t\t\t\t<a href='https:\/\/tucomarca.whitekongsoftware.com\/ca\/fotogaleria-la-banda-simfonica-del-cim-la-armonica-ofereix-el-seu-concert-en-homenatge-a-la-dona-litrera\/01-18-2\/'><img loading=\"lazy\" decoding=\"async\" width=\"300\" height=\"225\" src=\"https:\/\/tucomarca.whitekongsoftware.com\/wp-content\/uploads\/2019\/03\/01-300x225.jpg\" class=\"attachment-medium size-medium\" alt=\"\" srcset=\"https:\/\/tucomarca.whitekongsoftware.com\/wp-content\/uploads\/2019\/03\/01-300x225.jpg 300w, https:\/\/tucomarca.whitekongsoftware.com\/wp-content\/uploads\/2019\/03\/01-768x576.jpg 768w, https:\/\/tucomarca.whitekongsoftware.com\/wp-content\/uploads\/2019\/03\/01-1024x768.jpg 1024w, https:\/\/tucomarca.whitekongsoftware.com\/wp-content\/uploads\/2019\/03\/01.jpg 1600w\" sizes=\"auto, (max-width: 300px) 100vw, 300px\" \/><\/a>\n\t\t\t<\/div><\/figure><figure class='gallery-item'>\n\t\t\t<div class='gallery-icon landscape'>\n\t\t\t\t<a href='https:\/\/tucomarca.whitekongsoftware.com\/ca\/fotogaleria-la-banda-simfonica-del-cim-la-armonica-ofereix-el-seu-concert-en-homenatge-a-la-dona-litrera\/02-17-2\/'><img loading=\"lazy\" decoding=\"async\" width=\"300\" height=\"225\" src=\"https:\/\/tucomarca.whitekongsoftware.com\/wp-content\/uploads\/2019\/03\/02-300x225.jpg\" class=\"attachment-medium size-medium\" alt=\"\" srcset=\"https:\/\/tucomarca.whitekongsoftware.com\/wp-content\/uploads\/2019\/03\/02-300x225.jpg 300w, https:\/\/tucomarca.whitekongsoftware.com\/wp-content\/uploads\/2019\/03\/02-768x576.jpg 768w, https:\/\/tucomarca.whitekongsoftware.com\/wp-content\/uploads\/2019\/03\/02-1024x768.jpg 1024w, https:\/\/tucomarca.whitekongsoftware.com\/wp-content\/uploads\/2019\/03\/02.jpg 1380w\" sizes=\"auto, (max-width: 300px) 100vw, 300px\" \/><\/a>\n\t\t\t<\/div><\/figure><figure class='gallery-item'>\n\t\t\t<div class='gallery-icon portrait'>\n\t\t\t\t<a href='https:\/\/tucomarca.whitekongsoftware.com\/ca\/fotogaleria-la-banda-simfonica-del-cim-la-armonica-ofereix-el-seu-concert-en-homenatge-a-la-dona-litrera\/03-12-2\/'><img loading=\"lazy\" decoding=\"async\" width=\"225\" height=\"300\" src=\"https:\/\/tucomarca.whitekongsoftware.com\/wp-content\/uploads\/2019\/03\/03-225x300.jpeg\" class=\"attachment-medium size-medium\" alt=\"\" srcset=\"https:\/\/tucomarca.whitekongsoftware.com\/wp-content\/uploads\/2019\/03\/03-225x300.jpeg 225w, https:\/\/tucomarca.whitekongsoftware.com\/wp-content\/uploads\/2019\/03\/03-768x1024.jpeg 768w, https:\/\/tucomarca.whitekongsoftware.com\/wp-content\/uploads\/2019\/03\/03-1024x1365.jpeg 1024w, https:\/\/tucomarca.whitekongsoftware.com\/wp-content\/uploads\/2019\/03\/03.jpeg 1035w\" sizes=\"auto, (max-width: 225px) 100vw, 225px\" \/><\/a>\n\t\t\t<\/div><\/figure>\n\t\t<\/div>\n\n","protected":false},"excerpt":{"rendered":"<div class=\"mh-excerpt\">Aquest passat dissabte, 2 de mar\u00e7, va tenir lloc el tradicional concert de la Banda Simf\u00f2nica del CIM \u00abLa\u00a0Arm\u00f3nica\u00bb per homenatjar la \u00abdona litrera\u00bb. \u00abHem de tenir present que el motiu pel qual es porta <a class=\"mh-excerpt-more\" href=\"https:\/\/tucomarca.whitekongsoftware.com\/ca\/fotogaleria-la-banda-simfonica-del-cim-la-armonica-ofereix-el-seu-concert-en-homenatge-a-la-dona-litrera\/\" title=\"Fotogaleria: La banda simf\u00f2nica del CIM \u00abLa Arm\u00f3nica\u00bb ofereix el seu concert en homenatge a la \u00abdona litrera\u00bb\">[+] <\/a><\/div>\n","protected":false},"author":2,"featured_media":82792,"comment_status":"open","ping_status":"open","sticky":false,"template":"","format":"standard","meta":{"footnotes":""},"categories":[10911,11005,10898,10912,11007,10896],"tags":[10913,11314,11209],"class_list":["post-82794","post","type-post","status-publish","format-standard","has-post-thumbnail","category-bunol-ca","category-canal-musica","category-ventana-ca","category-la-hoya-ca","category-ocio-y-cultura-ca","category-seccion-ca","tag-bunol-ca","tag-bunyol-ca","tag-cim-la-armonica-de-bunol-ca"],"_links":{"self":[{"href":"https:\/\/tucomarca.whitekongsoftware.com\/ca\/wp-json\/wp\/v2\/posts\/82794","targetHints":{"allow":["GET"]}}],"collection":[{"href":"https:\/\/tucomarca.whitekongsoftware.com\/ca\/wp-json\/wp\/v2\/posts"}],"about":[{"href":"https:\/\/tucomarca.whitekongsoftware.com\/ca\/wp-json\/wp\/v2\/types\/post"}],"author":[{"embeddable":true,"href":"https:\/\/tucomarca.whitekongsoftware.com\/ca\/wp-json\/wp\/v2\/users\/2"}],"replies":[{"embeddable":true,"href":"https:\/\/tucomarca.whitekongsoftware.com\/ca\/wp-json\/wp\/v2\/comments?post=82794"}],"version-history":[{"count":0,"href":"https:\/\/tucomarca.whitekongsoftware.com\/ca\/wp-json\/wp\/v2\/posts\/82794\/revisions"}],"wp:featuredmedia":[{"embeddable":true,"href":"https:\/\/tucomarca.whitekongsoftware.com\/ca\/wp-json\/wp\/v2\/media\/82792"}],"wp:attachment":[{"href":"https:\/\/tucomarca.whitekongsoftware.com\/ca\/wp-json\/wp\/v2\/media?parent=82794"}],"wp:term":[{"taxonomy":"category","embeddable":true,"href":"https:\/\/tucomarca.whitekongsoftware.com\/ca\/wp-json\/wp\/v2\/categories?post=82794"},{"taxonomy":"post_tag","embeddable":true,"href":"https:\/\/tucomarca.whitekongsoftware.com\/ca\/wp-json\/wp\/v2\/tags?post=82794"}],"curies":[{"name":"wp","href":"https:\/\/api.w.org\/{rel}","templated":true}]}}