{"id":82722,"date":"2019-03-04T22:32:49","date_gmt":"2019-03-04T20:32:49","guid":{"rendered":"http:\/\/www.tucomarca.com\/wordpress\/segunda\/?p=82722"},"modified":"2019-03-04T22:32:49","modified_gmt":"2019-03-04T20:32:49","slug":"finalitza-el-cicle-de-cinema-dactualitat-amb-un-ple-total-al-liceu-de-xest","status":"publish","type":"post","link":"https:\/\/tucomarca.whitekongsoftware.com\/ca\/finalitza-el-cicle-de-cinema-dactualitat-amb-un-ple-total-al-liceu-de-xest\/","title":{"rendered":"Finalitza el cicle de cinema d&#8217;actualitat amb un ple total al Liceu de Xest"},"content":{"rendered":"<figure id=\"attachment_82716\" aria-describedby=\"caption-attachment-82716\" style=\"width: 244px\" class=\"wp-caption alignleft\"><img loading=\"lazy\" decoding=\"async\" class=\" wp-image-82716\" src=\"http:\/\/www.tucomarca.com\/wordpress\/segunda\/wp-content\/uploads\/2019\/03\/CHESTE_LICEO.jpg\" alt=\"Finaliza el ciclo de cine de actualidad con un lleno total en el Liceo de Cheste.\" width=\"244\" height=\"165\" srcset=\"https:\/\/tucomarca.whitekongsoftware.com\/wp-content\/uploads\/2019\/03\/CHESTE_LICEO.jpg 957w, https:\/\/tucomarca.whitekongsoftware.com\/wp-content\/uploads\/2019\/03\/CHESTE_LICEO-300x203.jpg 300w, https:\/\/tucomarca.whitekongsoftware.com\/wp-content\/uploads\/2019\/03\/CHESTE_LICEO-768x518.jpg 768w\" sizes=\"auto, (max-width: 244px) 100vw, 244px\" \/><figcaption id=\"caption-attachment-82716\" class=\"wp-caption-text\">Finalitza el cicle de cinema d&#8217;actualitat amb un ple total al Liceu de Xest.<\/figcaption><\/figure>\n<p><strong>S&#8217;han projectat deu pel\u00b7l\u00edcules durant els caps de setmana de gener, febrer i mar\u00e7<\/strong><\/p>\n<p>Ahir, diumenge 3 de mar\u00e7, finalitzava el cicle de cinema d&#8217;actualitat, programat per la regidoria de Cultura, amb la guanyadora del Goya a la millor pel\u00b7l\u00edcula, Campions, de Javier Fesser, la recaptaci\u00f3 s&#8217;ha destinat a un fi solidari, la investigaci\u00f3 de les malalties rares, a trav\u00e9s de l&#8217;associaci\u00f3 Mirades que Parlen, Per Ells i l&#8217;Institut d&#8217;Investigaci\u00f3 de la Fe. la projecci\u00f3 va reunir prop de 700 persones al teatre Liceu.<\/p>\n<p>A la presentaci\u00f3 de la pel\u00b7l\u00edcula, la regidora de Cultura, M\u00aa \u00c1ngeles Llorente, va agrair l&#8217;assist\u00e8ncia de totes les persones presents i va insistir en la necessitat de visibilitzar la problem\u00e0tica del col\u00b7lectiu de persones amb malaltia minorit\u00e0ria. &#8220;\u00c9s urgent iniciar vies de recerca per trobar dianes terap\u00e8utiques. Les persones amb malalties rares tenen el dret constitucional a ser integrades en la societat. La inclusi\u00f3 \u00e9s un altre tema pendent, entre tots i totes podem avan\u00e7ar cap a un m\u00f3n millor &#8220;, conclo\u00efa la regidora.<\/p>\n<p>En total s&#8217;han projectat deu pel\u00b7l\u00edcules d&#8217;actualitat al Liceu, durant els caps de setmana de gener, febrer i mar\u00e7; 6 d&#8217;elles per a p\u00fablic adult i 4 per a p\u00fablic infantil o familiar. La projecci\u00f3 de Yuli, tamb\u00e9 va ser amb taquilla solid\u00e0ria, destinada a Acaronar, associaci\u00f3 dedicada a l&#8217;acolliment familiar.<\/p>\n<p>&#8220;\u00c9s per a mi una satisfacci\u00f3 molt gran comprovar l&#8217;excel\u00b7lent acceptaci\u00f3 que ha tingut el cicle de cinema d&#8217;actualitat tant en la modalitat infantil com en la de persones adultes; hem intentat que les pel\u00b7l\u00edcules complissin dos requisits b\u00e0sics, actualitat i qualitat, i pensem que totes dues s&#8217;han complert. Tamb\u00e9 ha estat molt valorada per la gent la cessi\u00f3 dels diners recollits a taquilla per causes solid\u00e0ries &#8220;, apunta Llorente. &#8220;Crec que poques coses s\u00f3n tan agradables i valuoses des del punt de vista tant social com cultural que seure amb altres persones a veure una pel\u00b7l\u00edcula en pantalla gran&#8221;.<\/p>\n","protected":false},"excerpt":{"rendered":"<div class=\"mh-excerpt\">S&#8217;han projectat deu pel\u00b7l\u00edcules durant els caps de setmana de gener, febrer i mar\u00e7 Ahir, diumenge 3 de mar\u00e7, finalitzava el cicle de cinema d&#8217;actualitat, programat per la regidoria de Cultura, amb la guanyadora del <a class=\"mh-excerpt-more\" href=\"https:\/\/tucomarca.whitekongsoftware.com\/ca\/finalitza-el-cicle-de-cinema-dactualitat-amb-un-ple-total-al-liceu-de-xest\/\" title=\"Finalitza el cicle de cinema d&#8217;actualitat amb un ple total al Liceu de Xest\">[+] <\/a><\/div>\n","protected":false},"author":2,"featured_media":82717,"comment_status":"open","ping_status":"open","sticky":false,"template":"","format":"standard","meta":{"footnotes":""},"categories":[10912,11007,10896,10974],"tags":[11109],"class_list":["post-82722","post","type-post","status-publish","format-standard","has-post-thumbnail","category-la-hoya-ca","category-ocio-y-cultura-ca","category-seccion-ca","category-cheste-ca","tag-xest"],"_links":{"self":[{"href":"https:\/\/tucomarca.whitekongsoftware.com\/ca\/wp-json\/wp\/v2\/posts\/82722","targetHints":{"allow":["GET"]}}],"collection":[{"href":"https:\/\/tucomarca.whitekongsoftware.com\/ca\/wp-json\/wp\/v2\/posts"}],"about":[{"href":"https:\/\/tucomarca.whitekongsoftware.com\/ca\/wp-json\/wp\/v2\/types\/post"}],"author":[{"embeddable":true,"href":"https:\/\/tucomarca.whitekongsoftware.com\/ca\/wp-json\/wp\/v2\/users\/2"}],"replies":[{"embeddable":true,"href":"https:\/\/tucomarca.whitekongsoftware.com\/ca\/wp-json\/wp\/v2\/comments?post=82722"}],"version-history":[{"count":0,"href":"https:\/\/tucomarca.whitekongsoftware.com\/ca\/wp-json\/wp\/v2\/posts\/82722\/revisions"}],"wp:featuredmedia":[{"embeddable":true,"href":"https:\/\/tucomarca.whitekongsoftware.com\/ca\/wp-json\/wp\/v2\/media\/82717"}],"wp:attachment":[{"href":"https:\/\/tucomarca.whitekongsoftware.com\/ca\/wp-json\/wp\/v2\/media?parent=82722"}],"wp:term":[{"taxonomy":"category","embeddable":true,"href":"https:\/\/tucomarca.whitekongsoftware.com\/ca\/wp-json\/wp\/v2\/categories?post=82722"},{"taxonomy":"post_tag","embeddable":true,"href":"https:\/\/tucomarca.whitekongsoftware.com\/ca\/wp-json\/wp\/v2\/tags?post=82722"}],"curies":[{"name":"wp","href":"https:\/\/api.w.org\/{rel}","templated":true}]}}