{"id":82710,"date":"2019-03-04T22:29:54","date_gmt":"2019-03-04T20:29:54","guid":{"rendered":"http:\/\/www.tucomarca.com\/wordpress\/segunda\/?p=82710"},"modified":"2019-03-04T22:29:54","modified_gmt":"2019-03-04T20:29:54","slug":"el-sopar-de-gala-reconeix-a-vint-i-set-fallers-i-falleres-de-turis-amb-el-bunyol-dor-amb-fulles-de-llorer-i-brillants","status":"publish","type":"post","link":"https:\/\/tucomarca.whitekongsoftware.com\/ca\/el-sopar-de-gala-reconeix-a-vint-i-set-fallers-i-falleres-de-turis-amb-el-bunyol-dor-amb-fulles-de-llorer-i-brillants\/","title":{"rendered":"El sopar de gala reconeix a vint-i-set fallers i falleres de\u00a0Tur\u00eds\u00a0amb el Bunyol d\u2019or amb fulles de llorer i brillants"},"content":{"rendered":"<figure id=\"attachment_82705\" aria-describedby=\"caption-attachment-82705\" style=\"width: 245px\" class=\"wp-caption alignleft\"><img loading=\"lazy\" decoding=\"async\" class=\" wp-image-82705\" src=\"http:\/\/www.tucomarca.com\/wordpress\/segunda\/wp-content\/uploads\/2019\/03\/Ganadorcarteles.jpg\" alt=\"Ganador del concurso de carteles\" width=\"245\" height=\"184\" srcset=\"https:\/\/tucomarca.whitekongsoftware.com\/wp-content\/uploads\/2019\/03\/Ganadorcarteles.jpg 4000w, https:\/\/tucomarca.whitekongsoftware.com\/wp-content\/uploads\/2019\/03\/Ganadorcarteles-300x225.jpg 300w, https:\/\/tucomarca.whitekongsoftware.com\/wp-content\/uploads\/2019\/03\/Ganadorcarteles-768x576.jpg 768w, https:\/\/tucomarca.whitekongsoftware.com\/wp-content\/uploads\/2019\/03\/Ganadorcarteles-1024x768.jpg 1024w\" sizes=\"auto, (max-width: 245px) 100vw, 245px\" \/><figcaption id=\"caption-attachment-82705\" class=\"wp-caption-text\">Guanyador del concurs de cartells.<\/figcaption><\/figure>\n<p>El sopar de gala suposa, en certa mesura, el punt de partida cap a la gran setmana fallera de\u00a0Tur\u00eds. Un acte en el qual els m\u00e0xims representants de les cinc comissions del municipi visten les seues millors gales, ja que en el transcurs de la vetlada s&#8217;entreguen les m\u00e9s\u00a0altes distincions que concedeix Junta Central Fallera de mans de l&#8217;Alcalde i President Nat de Junta Local Fallera,\u00a0Eugenio\u00a0Forta\u00f1a, i la regidora de Cultura i Presidenta Executiva, Isabel Guaita.<\/p>\n<p>S\u00f3n instants per a l&#8217;emoci\u00f3 en els quals es reconeix la labor de diferents fallers i falleres que treballen desinteressadament per amor a la festa des dels diferents \u00e0mbits que es presenten en cadascuna de les seues comissions. I enguany Tur\u00eds deixa patent la gran solera fallera de qu\u00e8 disposa, ja que es van recollir fins a vint-i-set d&#8217;estos\u00a0guardons.<\/p>\n<p>En la mateixa celebraci\u00f3 s&#8217;aprofita per a premiar al guanyador del concurs de cartells anunciadors que enguany ha sigut\u00a0Enrique\u00a0Benlloch\u00a0Ferrer, fill d&#8217;un antic dirigent de junta central,\u00a0Enrique\u00a0Benlloch, i d&#8217;una integrant de cort d&#8217;honor,\u00a0Yolanda\u00a0Ferrer. A\u00a0Enrique, que va recollir el premi amb especial emoci\u00f3, se li va imposar per part de l&#8217;alcalde la ins\u00edgnia d&#8217;or de Junta Local Fallera de\u00a0Tur\u00eds.<\/p>\n<p><img loading=\"lazy\" decoding=\"async\" class=\"alignleft  wp-image-82703\" src=\"http:\/\/www.tucomarca.com\/wordpress\/segunda\/wp-content\/uploads\/2019\/03\/Galardonados.jpg\" alt=\"\" width=\"752\" height=\"564\" srcset=\"https:\/\/tucomarca.whitekongsoftware.com\/wp-content\/uploads\/2019\/03\/Galardonados.jpg 4000w, https:\/\/tucomarca.whitekongsoftware.com\/wp-content\/uploads\/2019\/03\/Galardonados-300x225.jpg 300w, https:\/\/tucomarca.whitekongsoftware.com\/wp-content\/uploads\/2019\/03\/Galardonados-768x576.jpg 768w, https:\/\/tucomarca.whitekongsoftware.com\/wp-content\/uploads\/2019\/03\/Galardonados-1024x768.jpg 1024w\" sizes=\"auto, (max-width: 752px) 100vw, 752px\" \/><\/p>\n<p><img loading=\"lazy\" decoding=\"async\" class=\"alignleft  wp-image-82707\" src=\"http:\/\/www.tucomarca.com\/wordpress\/segunda\/wp-content\/uploads\/2019\/03\/JuntaLocalFalleraTuris.jpg\" alt=\"\" width=\"787\" height=\"414\" srcset=\"https:\/\/tucomarca.whitekongsoftware.com\/wp-content\/uploads\/2019\/03\/JuntaLocalFalleraTuris.jpg 4000w, https:\/\/tucomarca.whitekongsoftware.com\/wp-content\/uploads\/2019\/03\/JuntaLocalFalleraTuris-300x158.jpg 300w, https:\/\/tucomarca.whitekongsoftware.com\/wp-content\/uploads\/2019\/03\/JuntaLocalFalleraTuris-768x404.jpg 768w, https:\/\/tucomarca.whitekongsoftware.com\/wp-content\/uploads\/2019\/03\/JuntaLocalFalleraTuris-1024x539.jpg 1024w\" sizes=\"auto, (max-width: 787px) 100vw, 787px\" \/><\/p>\n","protected":false},"excerpt":{"rendered":"<div class=\"mh-excerpt\">El sopar de gala suposa, en certa mesura, el punt de partida cap a la gran setmana fallera de\u00a0Tur\u00eds. Un acte en el qual els m\u00e0xims representants de les cinc comissions del municipi visten les <a class=\"mh-excerpt-more\" href=\"https:\/\/tucomarca.whitekongsoftware.com\/ca\/el-sopar-de-gala-reconeix-a-vint-i-set-fallers-i-falleres-de-turis-amb-el-bunyol-dor-amb-fulles-de-llorer-i-brillants\/\" title=\"El sopar de gala reconeix a vint-i-set fallers i falleres de\u00a0Tur\u00eds\u00a0amb el Bunyol d\u2019or amb fulles de llorer i brillants\">[+] <\/a><\/div>\n","protected":false},"author":2,"featured_media":82706,"comment_status":"open","ping_status":"open","sticky":false,"template":"","format":"standard","meta":{"footnotes":""},"categories":[10898,10902,11004,11008,10896,11047],"tags":[11103,11093],"class_list":["post-82710","post","type-post","status-publish","format-standard","has-post-thumbnail","category-ventana-ca","category-la-ribera-ca","category-la-semana-en-imagenes-ca","category-pueblos-en-fiestas-ca","category-seccion-ca","category-turis-ca","tag-ajuntament-de-turis-ca","tag-turis-ca"],"_links":{"self":[{"href":"https:\/\/tucomarca.whitekongsoftware.com\/ca\/wp-json\/wp\/v2\/posts\/82710","targetHints":{"allow":["GET"]}}],"collection":[{"href":"https:\/\/tucomarca.whitekongsoftware.com\/ca\/wp-json\/wp\/v2\/posts"}],"about":[{"href":"https:\/\/tucomarca.whitekongsoftware.com\/ca\/wp-json\/wp\/v2\/types\/post"}],"author":[{"embeddable":true,"href":"https:\/\/tucomarca.whitekongsoftware.com\/ca\/wp-json\/wp\/v2\/users\/2"}],"replies":[{"embeddable":true,"href":"https:\/\/tucomarca.whitekongsoftware.com\/ca\/wp-json\/wp\/v2\/comments?post=82710"}],"version-history":[{"count":0,"href":"https:\/\/tucomarca.whitekongsoftware.com\/ca\/wp-json\/wp\/v2\/posts\/82710\/revisions"}],"wp:featuredmedia":[{"embeddable":true,"href":"https:\/\/tucomarca.whitekongsoftware.com\/ca\/wp-json\/wp\/v2\/media\/82706"}],"wp:attachment":[{"href":"https:\/\/tucomarca.whitekongsoftware.com\/ca\/wp-json\/wp\/v2\/media?parent=82710"}],"wp:term":[{"taxonomy":"category","embeddable":true,"href":"https:\/\/tucomarca.whitekongsoftware.com\/ca\/wp-json\/wp\/v2\/categories?post=82710"},{"taxonomy":"post_tag","embeddable":true,"href":"https:\/\/tucomarca.whitekongsoftware.com\/ca\/wp-json\/wp\/v2\/tags?post=82710"}],"curies":[{"name":"wp","href":"https:\/\/api.w.org\/{rel}","templated":true}]}}