{"id":82416,"date":"2019-03-01T12:09:25","date_gmt":"2019-03-01T10:09:25","guid":{"rendered":"http:\/\/www.tucomarca.com\/wordpress\/segunda\/?p=82416"},"modified":"2019-03-01T12:09:46","modified_gmt":"2019-03-01T10:09:46","slug":"els-pilots-bunolenses-vicente-galarza-i-isaias-galarza-primer-i-tercer-en-el-campionat-denduro-i-pequenduro-celebrat-a-cabanes","status":"publish","type":"post","link":"https:\/\/tucomarca.whitekongsoftware.com\/ca\/els-pilots-bunolenses-vicente-galarza-i-isaias-galarza-primer-i-tercer-en-el-campionat-denduro-i-pequenduro-celebrat-a-cabanes\/","title":{"rendered":"Els pilots bu\u00f1olenses Vicente Galarza i Isa\u00edas Galarza, primer i tercer en el Campionat d&#8217;Enduro i Pequenduro celebrat a Cabanes"},"content":{"rendered":"<figure id=\"attachment_82413\" aria-describedby=\"caption-attachment-82413\" style=\"width: 619px\" class=\"wp-caption alignleft\"><img loading=\"lazy\" decoding=\"async\" class=\" wp-image-82413\" src=\"http:\/\/www.tucomarca.com\/wordpress\/segunda\/wp-content\/uploads\/2019\/03\/VinCabanes.jpg\" alt=\"El joven piloto Vin en lo alto del caj\u00f3n.\" width=\"619\" height=\"464\" srcset=\"https:\/\/tucomarca.whitekongsoftware.com\/wp-content\/uploads\/2019\/03\/VinCabanes.jpg 1600w, https:\/\/tucomarca.whitekongsoftware.com\/wp-content\/uploads\/2019\/03\/VinCabanes-300x225.jpg 300w, https:\/\/tucomarca.whitekongsoftware.com\/wp-content\/uploads\/2019\/03\/VinCabanes-768x576.jpg 768w, https:\/\/tucomarca.whitekongsoftware.com\/wp-content\/uploads\/2019\/03\/VinCabanes-1024x768.jpg 1024w\" sizes=\"auto, (max-width: 619px) 100vw, 619px\" \/><figcaption id=\"caption-attachment-82413\" class=\"wp-caption-text\">El jove pilot Vin a la part alta del calaix.<\/figcaption><\/figure>\n<p>A la segona prova del Campionat d&#8217;Enduro i Pequenduro de la Comunitat Valenciana, celebrada el passat cap de setmana a Cabanes (Castell\u00f3), els pilots de Bunyol van fer un magn\u00edfic paper en un cap de setmana perfecte.<\/p>\n<p>En la categoria de Pequenduro, 65 Vicente Galarza Agustina va ser el vencedor en el mat\u00ed de dissabte, aconseguint els 25 punts i liderant la taula de classificaci\u00f3 general.<\/p>\n<p>I diumenge el seu pare, Isaias Galarza, va aconseguir pujar al podi en el tercer esgla\u00f3 de la categoria de S\u00e8nior C 2T.<\/p>\n<p>Un magn\u00edfic cap de setmana que esperem torni a complir-se en la propera prova el 14 d&#8217;abril a Viver (Castell\u00f3). Informa, Elio Zan\u00f3n.<\/p>\n","protected":false},"excerpt":{"rendered":"<div class=\"mh-excerpt\">A la segona prova del Campionat d&#8217;Enduro i Pequenduro de la Comunitat Valenciana, celebrada el passat cap de setmana a Cabanes (Castell\u00f3), els pilots de Bunyol van fer un magn\u00edfic paper en un cap de <a class=\"mh-excerpt-more\" href=\"https:\/\/tucomarca.whitekongsoftware.com\/ca\/els-pilots-bunolenses-vicente-galarza-i-isaias-galarza-primer-i-tercer-en-el-campionat-denduro-i-pequenduro-celebrat-a-cabanes\/\" title=\"Els pilots bu\u00f1olenses Vicente Galarza i Isa\u00edas Galarza, primer i tercer en el Campionat d&#8217;Enduro i Pequenduro celebrat a Cabanes\">[+] <\/a><\/div>\n","protected":false},"author":1,"featured_media":82414,"comment_status":"open","ping_status":"open","sticky":false,"template":"","format":"standard","meta":{"footnotes":""},"categories":[10911,11003,10912,11011,10896],"tags":[11314],"class_list":["post-82416","post","type-post","status-publish","format-standard","has-post-thumbnail","category-bunol-ca","category-sports","category-la-hoya-ca","category-motociclismo-ca","category-seccion-ca","tag-bunyol-ca"],"_links":{"self":[{"href":"https:\/\/tucomarca.whitekongsoftware.com\/ca\/wp-json\/wp\/v2\/posts\/82416","targetHints":{"allow":["GET"]}}],"collection":[{"href":"https:\/\/tucomarca.whitekongsoftware.com\/ca\/wp-json\/wp\/v2\/posts"}],"about":[{"href":"https:\/\/tucomarca.whitekongsoftware.com\/ca\/wp-json\/wp\/v2\/types\/post"}],"author":[{"embeddable":true,"href":"https:\/\/tucomarca.whitekongsoftware.com\/ca\/wp-json\/wp\/v2\/users\/1"}],"replies":[{"embeddable":true,"href":"https:\/\/tucomarca.whitekongsoftware.com\/ca\/wp-json\/wp\/v2\/comments?post=82416"}],"version-history":[{"count":0,"href":"https:\/\/tucomarca.whitekongsoftware.com\/ca\/wp-json\/wp\/v2\/posts\/82416\/revisions"}],"wp:featuredmedia":[{"embeddable":true,"href":"https:\/\/tucomarca.whitekongsoftware.com\/ca\/wp-json\/wp\/v2\/media\/82414"}],"wp:attachment":[{"href":"https:\/\/tucomarca.whitekongsoftware.com\/ca\/wp-json\/wp\/v2\/media?parent=82416"}],"wp:term":[{"taxonomy":"category","embeddable":true,"href":"https:\/\/tucomarca.whitekongsoftware.com\/ca\/wp-json\/wp\/v2\/categories?post=82416"},{"taxonomy":"post_tag","embeddable":true,"href":"https:\/\/tucomarca.whitekongsoftware.com\/ca\/wp-json\/wp\/v2\/tags?post=82416"}],"curies":[{"name":"wp","href":"https:\/\/api.w.org\/{rel}","templated":true}]}}