{"id":82364,"date":"2019-02-28T16:05:52","date_gmt":"2019-02-28T14:05:52","guid":{"rendered":"http:\/\/www.tucomarca.com\/wordpress\/segunda\/?p=82364"},"modified":"2019-02-28T16:05:52","modified_gmt":"2019-02-28T14:05:52","slug":"regis-laconi-inaugurara-en-el-racing-legends-el-passeig-de-la-fama-del-circuit-ricardo-tormo","status":"publish","type":"post","link":"https:\/\/tucomarca.whitekongsoftware.com\/ca\/regis-laconi-inaugurara-en-el-racing-legends-el-passeig-de-la-fama-del-circuit-ricardo-tormo\/","title":{"rendered":"Regis Laconi inaugurar\u00e0 en el Racing Legends el Passeig de la Fama del Circuit Ricardo Tormo"},"content":{"rendered":"<figure id=\"attachment_82361\" aria-describedby=\"caption-attachment-82361\" style=\"width: 428px\" class=\"wp-caption alignleft\"><img loading=\"lazy\" decoding=\"async\" class=\" wp-image-82361\" src=\"http:\/\/www.tucomarca.com\/wordpress\/segunda\/wp-content\/uploads\/2019\/02\/Regis_Laconi.jpg\" alt=\"Regis Laconi inaugurar\u00e1 el Paseo de la Fama del Circuit.\" width=\"428\" height=\"288\" srcset=\"https:\/\/tucomarca.whitekongsoftware.com\/wp-content\/uploads\/2019\/02\/Regis_Laconi.jpg 2048w, https:\/\/tucomarca.whitekongsoftware.com\/wp-content\/uploads\/2019\/02\/Regis_Laconi-300x202.jpg 300w, https:\/\/tucomarca.whitekongsoftware.com\/wp-content\/uploads\/2019\/02\/Regis_Laconi-768x517.jpg 768w, https:\/\/tucomarca.whitekongsoftware.com\/wp-content\/uploads\/2019\/02\/Regis_Laconi-1024x689.jpg 1024w\" sizes=\"auto, (max-width: 428px) 100vw, 428px\" \/><figcaption id=\"caption-attachment-82361\" class=\"wp-caption-text\">Regis Laconi inaugurar\u00e0 en el Passeig de la Fama del Circuit.<\/figcaption><\/figure>\n<p>El Circuit Ricardo Tormo posar\u00e0 dissabte que ve la primera pe\u00e7a del seu Passeig de la Fama durant la celebraci\u00f3 del Racing Legends, la sisena edici\u00f3 de la concentraci\u00f3 de vehicles cl\u00e0ssics i de pilots llegendaris del tra\u00e7at de Cheste.<\/p>\n<p>El pilot franc\u00e9s R\u00e9gis Laconi, primer vencedor del Gran Premi de la Comunitat Valenciana en la categoria de 500cc ser\u00e0 l&#8217;encarregat inaugurar el Passeig de la Fama i deixar\u00e0 la seua petjada a l&#8217;entrada de les instal\u00b7lacions.<\/p>\n<p>Laconi ser\u00e0 l&#8217;estrela convidada de l&#8217;esdeveniment i protagonitzar\u00e0 la primera pe\u00e7a del Passeig de la Fama. Nom\u00e9s els guanyadors d&#8217;un Gran Premi de la Comunitat Valenciana de la categoria reina seran convidats a plasmar les seues petjades en aquest passeig.<\/p>\n<p>La llista va comen\u00e7ar en 1999 amb Laconi i altres onze pilots s\u00f3n mereixedors d&#8217;aquesta menci\u00f3: els australians Troy Bayliss, Casey Stoner i Garry McCoy, guanyador en 2000; els espanyols Sete Gibernau, Dani Pedrosa, Jorge Lorenzo i Marc M\u00e1rquez, els italians Valentino Rossi, Marco Melandri i Andrea Dovizioso, guanyador l&#8217;any passat i el brasiler Alex Barros que es va endur la vict\u00f2ria de 2002, la primera vegada que el Circuit va tancar el mundial.<\/p>\n<p>&#8220;\u00c9s un homenatge als pilots de Gran Premi que quedar\u00e0 per sempre a l&#8217;entrada principal de les nostres instal\u00b7lacions&#8221; ha indicat el director general del Circuit, Gonzalo Gobert, que dissabte que ve a les 11.30 hores participar\u00e0 en l&#8217;acte d&#8217;inauguraci\u00f3 del Passeig de la Fama. &#8220;En els pr\u00f2xims anys aprofitarem la visita de pilots i expilots per a retre&#8217;ls aquest xicotet homenatge que ser\u00e0 molt ben valorat pels aficionats que ens visiten en cada esdeveniment&#8221;.<\/p>\n<p>En total 1.214 vehicles s&#8217;han inscrit en el Racing Legends, que reunir\u00e0 persones aficionades, restauradors i col\u00b7leccionistes de cotxes, motos i camions en un cap de setmana d&#8217;acci\u00f3 dins i fora de la pista.<\/p>\n<p>Al voltant dels vehicles, el Circuit Ricardo Tormo ha disposat una \u00e0mplia oferta de &#8216;food trucks&#8217; d&#8217;ambient cl\u00e0ssic que oferiran la possibilitat d&#8217;esmorzar i dinar al Circuit. Les entrades estan a la venda en la web de Circuit amb un preu de 10 euros per als adults. Les persones menors de 13 anys tindran entrada lliure.<\/p>\n","protected":false},"excerpt":{"rendered":"<div class=\"mh-excerpt\">El Circuit Ricardo Tormo posar\u00e0 dissabte que ve la primera pe\u00e7a del seu Passeig de la Fama durant la celebraci\u00f3 del Racing Legends, la sisena edici\u00f3 de la concentraci\u00f3 de vehicles cl\u00e0ssics i de pilots <a class=\"mh-excerpt-more\" href=\"https:\/\/tucomarca.whitekongsoftware.com\/ca\/regis-laconi-inaugurara-en-el-racing-legends-el-passeig-de-la-fama-del-circuit-ricardo-tormo\/\" title=\"Regis Laconi inaugurar\u00e0 en el Racing Legends el Passeig de la Fama del Circuit Ricardo Tormo\">[+] <\/a><\/div>\n","protected":false},"author":2,"featured_media":82362,"comment_status":"open","ping_status":"open","sticky":false,"template":"","format":"standard","meta":{"footnotes":""},"categories":[11003,10898,10904,10912,11011,10896,10974],"tags":[11071,11412,11498],"class_list":["post-82364","post","type-post","status-publish","format-standard","has-post-thumbnail","category-sports","category-ventana-ca","category-sin-categorizar-ca","category-la-hoya-ca","category-motociclismo-ca","category-seccion-ca","category-cheste-ca","tag-cheste","tag-circuit-ricardo-tormo-ca","tag-generalitat-valenciana-ca"],"_links":{"self":[{"href":"https:\/\/tucomarca.whitekongsoftware.com\/ca\/wp-json\/wp\/v2\/posts\/82364","targetHints":{"allow":["GET"]}}],"collection":[{"href":"https:\/\/tucomarca.whitekongsoftware.com\/ca\/wp-json\/wp\/v2\/posts"}],"about":[{"href":"https:\/\/tucomarca.whitekongsoftware.com\/ca\/wp-json\/wp\/v2\/types\/post"}],"author":[{"embeddable":true,"href":"https:\/\/tucomarca.whitekongsoftware.com\/ca\/wp-json\/wp\/v2\/users\/2"}],"replies":[{"embeddable":true,"href":"https:\/\/tucomarca.whitekongsoftware.com\/ca\/wp-json\/wp\/v2\/comments?post=82364"}],"version-history":[{"count":0,"href":"https:\/\/tucomarca.whitekongsoftware.com\/ca\/wp-json\/wp\/v2\/posts\/82364\/revisions"}],"wp:featuredmedia":[{"embeddable":true,"href":"https:\/\/tucomarca.whitekongsoftware.com\/ca\/wp-json\/wp\/v2\/media\/82362"}],"wp:attachment":[{"href":"https:\/\/tucomarca.whitekongsoftware.com\/ca\/wp-json\/wp\/v2\/media?parent=82364"}],"wp:term":[{"taxonomy":"category","embeddable":true,"href":"https:\/\/tucomarca.whitekongsoftware.com\/ca\/wp-json\/wp\/v2\/categories?post=82364"},{"taxonomy":"post_tag","embeddable":true,"href":"https:\/\/tucomarca.whitekongsoftware.com\/ca\/wp-json\/wp\/v2\/tags?post=82364"}],"curies":[{"name":"wp","href":"https:\/\/api.w.org\/{rel}","templated":true}]}}