{"id":82357,"date":"2019-02-28T15:55:50","date_gmt":"2019-02-28T13:55:50","guid":{"rendered":"http:\/\/www.tucomarca.com\/wordpress\/segunda\/?p=82357"},"modified":"2019-02-28T15:55:50","modified_gmt":"2019-02-28T13:55:50","slug":"ximo-puig-tenim-un-deute-historic-i-moral-amb-els-pobles-de-linterior-de-la-comunitat-valenciana-i-lhem-de-pagar-amb-oportunitats-de-futur","status":"publish","type":"post","link":"https:\/\/tucomarca.whitekongsoftware.com\/ca\/ximo-puig-tenim-un-deute-historic-i-moral-amb-els-pobles-de-linterior-de-la-comunitat-valenciana-i-lhem-de-pagar-amb-oportunitats-de-futur\/","title":{"rendered":"Ximo Puig: &#8220;Tenim un deute hist\u00f2ric i moral amb els pobles de l&#8217;interior de la Comunitat Valenciana i l&#8217;hem de pagar amb oportunitats de futur&#8221;"},"content":{"rendered":"<figure id=\"attachment_82354\" aria-describedby=\"caption-attachment-82354\" style=\"width: 416px\" class=\"wp-caption alignleft\"><img loading=\"lazy\" decoding=\"async\" class=\" wp-image-82354\" src=\"http:\/\/www.tucomarca.com\/wordpress\/segunda\/wp-content\/uploads\/2019\/02\/puigmarines.jpg\" alt=\"El president se compromete a \u201credoblar los esfuerzos\u201d para revertir la despoblaci\u00f3n de las comarcas del interior con medidas de \u201cdiscriminaci\u00f3n positiva\u201d.\" width=\"416\" height=\"257\" srcset=\"https:\/\/tucomarca.whitekongsoftware.com\/wp-content\/uploads\/2019\/02\/puigmarines.jpg 1575w, https:\/\/tucomarca.whitekongsoftware.com\/wp-content\/uploads\/2019\/02\/puigmarines-300x185.jpg 300w, https:\/\/tucomarca.whitekongsoftware.com\/wp-content\/uploads\/2019\/02\/puigmarines-768x474.jpg 768w, https:\/\/tucomarca.whitekongsoftware.com\/wp-content\/uploads\/2019\/02\/puigmarines-1024x633.jpg 1024w\" sizes=\"auto, (max-width: 416px) 100vw, 416px\" \/><figcaption id=\"caption-attachment-82354\" class=\"wp-caption-text\">El president es compromet a &#8220;redoblar els esfor\u00e7os&#8221; per revertir la despoblaci\u00f3 de les comarques de l&#8217;interior amb mesures de &#8220;discriminaci\u00f3 positiva&#8221;.<\/figcaption><\/figure>\n<p><strong>El president es compromet a &#8220;redoblar els esfor\u00e7os&#8221; per revertir la despoblaci\u00f3 de les comarques de l&#8217;interior amb mesures de &#8220;discriminaci\u00f3 positiva&#8221;<\/strong><\/p>\n<p><strong>Aposta per iniciatives que generen ocupaci\u00f3 i per mesures com la instal\u00b7laci\u00f3 de la banda ampla a tot el territori per al 2020<\/strong><\/p>\n<p>El president de la Generalitat, Ximo Puig, s&#8217;ha comprom\u00e8s a &#8220;redoblar els esfor\u00e7os&#8221; per revertir la despoblaci\u00f3 a les comarques de l&#8217;interior de la Comunitat Valenciana. &#8220;Davant d&#8217;una discriminaci\u00f3 negativa durant anys, ara cal plantejar una discriminaci\u00f3 positiva&#8221;, ha afirmat Puig.<\/p>\n<p>El responsable del Consell, que ha intervingut a Marines en la jornada &#8216;El paper de les pol\u00edtiques ambientals i de benestar social en la lluita contra la despoblaci\u00f3&#8217;, ha assegurat que cal &#8220;estructurar mesures de llarg abast&#8221;, que vagen m\u00e9s all\u00e1\u00a0d&#8217;una legislatura i que donen continu\u00eftat a l&#8217;Agenda Valenciana Antidespoblament.<\/p>\n<p>&#8220;Hi ha una dicotomia i un desequilibri molt gran entre el que \u00e9s el litoral i la costa&#8221;, ha assenyalat el president, que ha expressat la necessitat de posar la q\u00fcesti\u00f3 en l&#8217;agenda pol\u00edtica i social.<\/p>\n<p>Durant la seva intervenci\u00f3, el cap de l&#8217;Executiu valenci\u00e0 ha advocat per continuar amb el treball posat en marxa en aquesta legislatura intensificant una acci\u00f3 p\u00fablica &#8220;potent, organitzada i coordinada&#8221;.<\/p>\n<p>Per aix\u00f2, ha explicat que, des del Consell, s&#8217;ha establert una alian\u00e7a amb els ajuntaments a trav\u00e9s de mesures com la creaci\u00f3 dels fons de compensaci\u00f3 i cooperaci\u00f3.<\/p>\n<p>A m\u00e9s, ha lamentat el que ha qualificat com el &#8220;despotisme il\u00b7lustrat urbanita&#8221; que, segons ha afirmat, dicta les accions des de fora del territori afectat, i ha defensat un &#8220;ressorgiment de la veu de les comarques i els pobles&#8221;.<\/p>\n<p>Pel que fa a les accions a impulsar per revertir la situaci\u00f3, el president ha explicat que s&#8217;ha de generar un espai en el qual la gent pugui dur a terme el seu projecte de vida.<\/p>\n<p>En aquest sentit, ha incidit en la necessitat de crear oportunitats de treball, mitjan\u00e7ant projectes que ja estan funcionant i que permetin avan\u00e7ar en la nova economia. Per aix\u00f2, Puig ha assegurat que es pret\u00e9n acabar amb la bretxa digital portant per al 2020 la banda ampla a tot el territori de la Comunitat Valenciana.<\/p>\n<p>A m\u00e9s, tamb\u00e9 ha destacat el manteniment i singularitzaci\u00f3 rural dels serveis p\u00fablics fonamentals perqu\u00e8 totes les persones tinguin la mateixa atenci\u00f3 sanit\u00e0ria o es garanteixin els serveis destinats a la gent gran. A m\u00e9s, en mat\u00e8ria educativa, Puig ha expressat que l&#8217;objectiu del Consell \u00e9s &#8220;no tancar cap escola m\u00e9s en l&#8217;\u00e0mbit rural&#8221;.<\/p>\n<p>Aix\u00ed mateix, el cap de l&#8217;Executiu valenci\u00e0, ha afirmat que el problema demogr\u00e0fic &#8220;no afecta nom\u00e9s a les comarques de l&#8217;interior&#8221;, sin\u00f3 al conjunt del territori valenci\u00e0.<\/p>\n<p>Per aix\u00f2, el president ha assegurat que la lluita contra la despoblaci\u00f3 \u00e9s &#8220;una causa comuna&#8221; en favor de la dignitat de les persones i del record de la realitat valenciana, ja que &#8220;la Comunitat Valenciana no seria la que \u00e9s sense els seus pobles&#8221; .<\/p>\n<p>&#8220;Hi ha part de deute hist\u00f2ric i moral amb els pobles de la nostra Comunitat i l&#8217;hem de pagar entre tots amb m\u00e9s capacitat de generar futur en aquestes comarques&#8221;, ha manifestat.<\/p>\n<p><strong>Mesures del Consell<\/strong><\/p>\n<p>El Consell va presentar a l&#8217;abril de 2017 l&#8217;Agenda Valenciana Antidespoblament (Avant) amb l&#8217;objectiu coordinar les pol\u00edtiques per superar les fractures territorials i demogr\u00e0fiques de la Comunitat Valenciana.<\/p>\n<p>Entre altres mesures, la Generalitat ha creat el Fons de Cooperaci\u00f3 Municipal per a la Lluita contra la Despoblaci\u00f3 o el Fons de Cooperaci\u00f3 Municipal incondicionat per ajudar a establir un sistema de finan\u00e7ament estable i millorar els serveis p\u00fablics dels municipis.<\/p>\n<p>A m\u00e9s, s&#8217;han posat en marxa iniciatives com les de les unitats de prevenci\u00f3 de riscos, per donar resposta immediata a les emerg\u00e8ncies de les zones menys poblades, i s&#8217;han aprovat plans per formar personal m\u00e8dic i d&#8217;infermeria amb la intenci\u00f3 d&#8217;atendre urg\u00e8ncies en els municipis m\u00e9s remots, el que ha perm\u00e8s millorar l&#8217;assist\u00e8ncia sanit\u00e0ria de 18.000 habitants en 47 municipis i pedanies.<\/p>\n","protected":false},"excerpt":{"rendered":"<div class=\"mh-excerpt\">El president es compromet a &#8220;redoblar els esfor\u00e7os&#8221; per revertir la despoblaci\u00f3 de les comarques de l&#8217;interior amb mesures de &#8220;discriminaci\u00f3 positiva&#8221; Aposta per iniciatives que generen ocupaci\u00f3 i per mesures com la instal\u00b7laci\u00f3 de <a class=\"mh-excerpt-more\" href=\"https:\/\/tucomarca.whitekongsoftware.com\/ca\/ximo-puig-tenim-un-deute-historic-i-moral-amb-els-pobles-de-linterior-de-la-comunitat-valenciana-i-lhem-de-pagar-amb-oportunitats-de-futur\/\" title=\"Ximo Puig: &#8220;Tenim un deute hist\u00f2ric i moral amb els pobles de l&#8217;interior de la Comunitat Valenciana i l&#8217;hem de pagar amb oportunitats de futur&#8221;\">[+] <\/a><\/div>\n","protected":false},"author":2,"featured_media":82355,"comment_status":"open","ping_status":"open","sticky":false,"template":"","format":"standard","meta":{"footnotes":""},"categories":[10898,10904,10903,10947,10896],"tags":[11497,11305],"class_list":["post-82357","post","type-post","status-publish","format-standard","has-post-thumbnail","category-ventana-ca","category-sin-categorizar-ca","category-medio-ambiente-la-comarca-ca","category-politica","category-seccion-ca","tag-comunitat-valenciana-ca","tag-cvi-ca"],"_links":{"self":[{"href":"https:\/\/tucomarca.whitekongsoftware.com\/ca\/wp-json\/wp\/v2\/posts\/82357","targetHints":{"allow":["GET"]}}],"collection":[{"href":"https:\/\/tucomarca.whitekongsoftware.com\/ca\/wp-json\/wp\/v2\/posts"}],"about":[{"href":"https:\/\/tucomarca.whitekongsoftware.com\/ca\/wp-json\/wp\/v2\/types\/post"}],"author":[{"embeddable":true,"href":"https:\/\/tucomarca.whitekongsoftware.com\/ca\/wp-json\/wp\/v2\/users\/2"}],"replies":[{"embeddable":true,"href":"https:\/\/tucomarca.whitekongsoftware.com\/ca\/wp-json\/wp\/v2\/comments?post=82357"}],"version-history":[{"count":0,"href":"https:\/\/tucomarca.whitekongsoftware.com\/ca\/wp-json\/wp\/v2\/posts\/82357\/revisions"}],"wp:featuredmedia":[{"embeddable":true,"href":"https:\/\/tucomarca.whitekongsoftware.com\/ca\/wp-json\/wp\/v2\/media\/82355"}],"wp:attachment":[{"href":"https:\/\/tucomarca.whitekongsoftware.com\/ca\/wp-json\/wp\/v2\/media?parent=82357"}],"wp:term":[{"taxonomy":"category","embeddable":true,"href":"https:\/\/tucomarca.whitekongsoftware.com\/ca\/wp-json\/wp\/v2\/categories?post=82357"},{"taxonomy":"post_tag","embeddable":true,"href":"https:\/\/tucomarca.whitekongsoftware.com\/ca\/wp-json\/wp\/v2\/tags?post=82357"}],"curies":[{"name":"wp","href":"https:\/\/api.w.org\/{rel}","templated":true}]}}