{"id":82351,"date":"2019-02-28T12:20:59","date_gmt":"2019-02-28T10:20:59","guid":{"rendered":"http:\/\/www.tucomarca.com\/wordpress\/segunda\/?p=82351"},"modified":"2019-02-28T12:20:59","modified_gmt":"2019-02-28T10:20:59","slug":"ja-esta-a-punt-el-programa-dactes-amb-motiu-del-dia-internacional-de-la-dona-a-xest","status":"publish","type":"post","link":"https:\/\/tucomarca.whitekongsoftware.com\/ca\/ja-esta-a-punt-el-programa-dactes-amb-motiu-del-dia-internacional-de-la-dona-a-xest\/","title":{"rendered":"Ja est\u00e0 a punt el programa d&#8217;actes amb motiu del Dia Internacional de la Dona a Xest"},"content":{"rendered":"<figure id=\"attachment_82346\" aria-describedby=\"caption-attachment-82346\" style=\"width: 305px\" class=\"wp-caption alignleft\"><img loading=\"lazy\" decoding=\"async\" class=\" wp-image-82346\" src=\"http:\/\/www.tucomarca.com\/wordpress\/segunda\/wp-content\/uploads\/2019\/02\/8marzo_cheste2019.jpg\" alt=\"Ya est\u00e1 listo el programa de actos con motivo del D\u00eda Internacional de la Mujer en Cheste.\" width=\"305\" height=\"427\" srcset=\"https:\/\/tucomarca.whitekongsoftware.com\/wp-content\/uploads\/2019\/02\/8marzo_cheste2019.jpg 1202w, https:\/\/tucomarca.whitekongsoftware.com\/wp-content\/uploads\/2019\/02\/8marzo_cheste2019-214x300.jpg 214w, https:\/\/tucomarca.whitekongsoftware.com\/wp-content\/uploads\/2019\/02\/8marzo_cheste2019-768x1076.jpg 768w, https:\/\/tucomarca.whitekongsoftware.com\/wp-content\/uploads\/2019\/02\/8marzo_cheste2019-731x1024.jpg 731w, https:\/\/tucomarca.whitekongsoftware.com\/wp-content\/uploads\/2019\/02\/8marzo_cheste2019-1024x1435.jpg 1024w\" sizes=\"auto, (max-width: 305px) 100vw, 305px\" \/><figcaption id=\"caption-attachment-82346\" class=\"wp-caption-text\">Ja est\u00e0 a punt el programa d&#8217;actes amb motiu del Dia Internacional de la Dona a Xest.<\/figcaption><\/figure>\n<p><strong>La regidoria d&#8217;Igualtat s&#8217;ha bolcat, un any m\u00e9s, en la preparaci\u00f3 d&#8217;un complet programa d&#8217;activitats amb motiu del Dia Internacional de la Dona<\/strong><\/p>\n<div class=\"\">\n<p>&#8220;Hem treballat perqu\u00e8 hi hagi activitats en diferents \u00e0mbits com l&#8217;esport, la joventut o les associacions de dones, amb la finalitat d&#8217;arribar al major nombre de gent possible&#8221;, explica la regidora d&#8217;Igualtat, Ainoha Albiach. &#8220;Aquests actes no nom\u00e9s estan pensats perqu\u00e8 participin les dones, sin\u00f3 per a tota la poblaci\u00f3, ja que la igualtat implica a tots i totes&#8221;.<\/p>\n<p>El programa arrenca diumenge que ve, 3 de mar\u00e7, amb la II Trobada de la Comunitat Valenciana de Karate i Dona, que organitza la Federaci\u00f3 de Karate auton\u00f2mica en col\u00b7laboraci\u00f3 amb l&#8217;Ajuntament, i que est\u00e0 dirigit tant a persones coneixedores de l&#8217;esport com a aquelles que vulguin provar per primera vegada. Tindr\u00e0 lloc al pavell\u00f3 esportiu de 10 a 16 hores i el preu \u00e9s de 10 euros, incloent p\u00edcnic i samarreta.<\/p>\n<p>Aquest mateix diumenge, a partir de les 11.30 hores, el front\u00f3 Bar\u00f3 de Xest acollir\u00e0 el I Trofeu &#8220;Dia de la Dona&#8221; de pilota valenciana, que enfrontar\u00e0 M\u00f2nica de Massanassa i Ana de Borbot\u00f3 contra Vict\u00f2ria de Val\u00e8ncia i Amparo de Montcada.<\/p>\n<p>Dilluns, 4 de mar\u00e7, es realitzaran dos tallers: un sobre intel\u00b7lig\u00e8ncia emocional, a les 17:30 hores al local de les Ames de Casa i un altre sobre hipopressius, a c\u00e0rrec de la instructora de Xest Fit, Maite Guijarro, que tindr\u00e0 lloc a la sala de plens a partir de les 18 hores.<\/p>\n<\/div>\n<div class=\"\"><img loading=\"lazy\" decoding=\"async\" class=\"alignleft wp-image-82348\" src=\"http:\/\/www.tucomarca.com\/wordpress\/segunda\/wp-content\/uploads\/2019\/02\/Pgmadeactos.png\" alt=\"\" width=\"927\" height=\"656\" srcset=\"https:\/\/tucomarca.whitekongsoftware.com\/wp-content\/uploads\/2019\/02\/Pgmadeactos.png 2828w, https:\/\/tucomarca.whitekongsoftware.com\/wp-content\/uploads\/2019\/02\/Pgmadeactos-300x213.png 300w, https:\/\/tucomarca.whitekongsoftware.com\/wp-content\/uploads\/2019\/02\/Pgmadeactos-768x544.png 768w, https:\/\/tucomarca.whitekongsoftware.com\/wp-content\/uploads\/2019\/02\/Pgmadeactos-1024x726.png 1024w\" sizes=\"auto, (max-width: 927px) 100vw, 927px\" \/><\/div>\n<div class=\"\">\n<p>Les activitats continuen tota la setmana, amb la xerrada &#8220;L&#8217;evoluci\u00f3 de la cotilla: l&#8217;alliberament de la dona a la moda&#8221;, que tindr\u00e0 lloc a la sala de plens el dimecres dia 6 de mar\u00e7, a partir de les 19 hores. Dijous tindr\u00e0 lloc un dinar a l&#8217;associaci\u00f3 cultural Ateneu, en la qual es lliurar\u00e0 el premi al guanyador del concurs de cartells d&#8217;aquesta edici\u00f3, Juan Diego Ingelmo Benavente, ve\u00ed de Burriana; i es far\u00e0 un reconeixement a dones chestanas. Les persones interessades a participar en el dinar hauran d&#8217;apuntar a l&#8217;oficina de Turisme.<\/p>\n<p>Divendres, 8 de mar\u00e7, Dia Internacional de la Dona, es posaran a disposici\u00f3 de la poblaci\u00f3 autobusos per acudir a la manifestaci\u00f3 feminista convocada a Val\u00e8ncia, pr\u00e8via inscripci\u00f3 a l&#8217;Ajuntament. Aquest mateix dia es dur\u00e0 a terme un acci\u00f3 reivindicativa que consistir\u00e0 en el repartiment de bosses de pa en els forns de Xest amb el lema &#8220;Jo consum Igualtat&#8221;.<\/p>\n<p>La activitats de la setmana es tancaran el dissabte amb la III Marat\u00f3 Esportiva de la Dona, que se celebrar\u00e0 a la pla\u00e7a Doctor Cajal, a partir de les 11 hores, amb activitats de Body Attack (programa atl\u00e8tic), Sh&#8217;bam (programa de ball) i Body Balance (programa de ioga), impartits per Cheste\u00a0Fit sota el m\u00e8tode d&#8217;entrenament Les Mills, reconegut internacionalment en el m\u00f3n del fitness.<\/p>\n<p>A m\u00e9s, durant tot el mes de mar\u00e7 es realitzaran altres activitats de visibilitzaci\u00f3 i conscienciaci\u00f3 sobre la igualtat entre homes i dones, com la projecci\u00f3 del v\u00eddeo &#8220;Visibilitzant a la dona pintora i artista&#8221;, elaborat per l&#8217;alumnat de 4t d&#8217;ESO de l&#8217;IES Ricardo Mar\u00edn, a c\u00e0rrec de la professora Yolanda Marco, programat pel 21 de mar\u00e7 a les 19 hores al sal\u00f3 de plens. Tamb\u00e9 es projectar\u00e0 el curt &#8220;IV&#8221; (Cuatro), realitzat pel chestano Teo Vallet i es representar\u00e0 el mon\u00f2leg &#8220;Mari palante&#8221;, tots dos actes previstos pel divendres 22, a partir de les 19:30 hores, al teatre Liceo. Finalment, el 31 de mar\u00e7 es representar\u00e0 l&#8217;obra &#8220;El contracte&#8221;, a la sala de plens de l&#8217;Ajuntament.<\/p>\n<p>&#8220;Aquest any des de la regidoria d&#8217;Igualtat s&#8217;han preparat molts m\u00e9s actes respecte a anys anteriors; s&#8217;han mantingut activitats que han estat molt participatives i s&#8217;han incl\u00f2s novetats com les dues obres de teatre i la projecci\u00f3 de curtmetratges &#8220;, apunta Albiach. &#8220;A m\u00e9s, hem tornat a comprar llibres de tem\u00e0tica de g\u00e8nere per a la secci\u00f3 d&#8217;Igualtat que vam crear a la biblioteca i anem a repartir bosses de pa serigrafiades amb el lema&#8221; Jo consum Igualtat &#8220;. Tamb\u00e9 hem procurat que hi hagi servei de guarderia durant els actes per a facilitar la conciliaci\u00f3 familiar i, per tant, la capacitat d&#8217;implicaci\u00f3 de les fam\u00edlies; per aix\u00f2 convido als chestanos i a les chestanas a participar i a reivindicar la Igualtat &#8220;.<\/p>\n<\/div>\n","protected":false},"excerpt":{"rendered":"<div class=\"mh-excerpt\">La regidoria d&#8217;Igualtat s&#8217;ha bolcat, un any m\u00e9s, en la preparaci\u00f3 d&#8217;un complet programa d&#8217;activitats amb motiu del Dia Internacional de la Dona &#8220;Hem treballat perqu\u00e8 hi hagi activitats en diferents \u00e0mbits com l&#8217;esport, la <a class=\"mh-excerpt-more\" href=\"https:\/\/tucomarca.whitekongsoftware.com\/ca\/ja-esta-a-punt-el-programa-dactes-amb-motiu-del-dia-internacional-de-la-dona-a-xest\/\" title=\"Ja est\u00e0 a punt el programa d&#8217;actes amb motiu del Dia Internacional de la Dona a Xest\">[+] <\/a><\/div>\n","protected":false},"author":2,"featured_media":82347,"comment_status":"open","ping_status":"open","sticky":false,"template":"","format":"standard","meta":{"footnotes":""},"categories":[11019,10894,10912,10896,10974],"tags":[11109],"class_list":["post-82351","post","type-post","status-publish","format-standard","has-post-thumbnail","category-agenda-ca","category-la-comarca-ca","category-la-hoya-ca","category-seccion-ca","category-cheste-ca","tag-xest"],"_links":{"self":[{"href":"https:\/\/tucomarca.whitekongsoftware.com\/ca\/wp-json\/wp\/v2\/posts\/82351","targetHints":{"allow":["GET"]}}],"collection":[{"href":"https:\/\/tucomarca.whitekongsoftware.com\/ca\/wp-json\/wp\/v2\/posts"}],"about":[{"href":"https:\/\/tucomarca.whitekongsoftware.com\/ca\/wp-json\/wp\/v2\/types\/post"}],"author":[{"embeddable":true,"href":"https:\/\/tucomarca.whitekongsoftware.com\/ca\/wp-json\/wp\/v2\/users\/2"}],"replies":[{"embeddable":true,"href":"https:\/\/tucomarca.whitekongsoftware.com\/ca\/wp-json\/wp\/v2\/comments?post=82351"}],"version-history":[{"count":0,"href":"https:\/\/tucomarca.whitekongsoftware.com\/ca\/wp-json\/wp\/v2\/posts\/82351\/revisions"}],"wp:featuredmedia":[{"embeddable":true,"href":"https:\/\/tucomarca.whitekongsoftware.com\/ca\/wp-json\/wp\/v2\/media\/82347"}],"wp:attachment":[{"href":"https:\/\/tucomarca.whitekongsoftware.com\/ca\/wp-json\/wp\/v2\/media?parent=82351"}],"wp:term":[{"taxonomy":"category","embeddable":true,"href":"https:\/\/tucomarca.whitekongsoftware.com\/ca\/wp-json\/wp\/v2\/categories?post=82351"},{"taxonomy":"post_tag","embeddable":true,"href":"https:\/\/tucomarca.whitekongsoftware.com\/ca\/wp-json\/wp\/v2\/tags?post=82351"}],"curies":[{"name":"wp","href":"https:\/\/api.w.org\/{rel}","templated":true}]}}