{"id":82334,"date":"2019-02-27T14:00:43","date_gmt":"2019-02-27T12:00:43","guid":{"rendered":"http:\/\/www.tucomarca.com\/wordpress\/segunda\/?p=82334"},"modified":"2019-02-27T14:00:43","modified_gmt":"2019-02-27T12:00:43","slug":"detenen-dues-persones-per-deu-delictes-de-furt-i-un-delicte-de-robatori-amb-violencia-a-persones-davancada-edat-a-requena-i-bunyol","status":"publish","type":"post","link":"https:\/\/tucomarca.whitekongsoftware.com\/ca\/detenen-dues-persones-per-deu-delictes-de-furt-i-un-delicte-de-robatori-amb-violencia-a-persones-davancada-edat-a-requena-i-bunyol\/","title":{"rendered":"Detenen dues persones per deu delictes de furt i un delicte de robatori amb viol\u00e8ncia a persones d&#8217;avan\u00e7ada edat a Requena i Bunyol"},"content":{"rendered":"<p>La Gu\u00e0rdia Civil de Bunyol, en el marc del Pla Major de Seguretat dels nostres Majors, ha detingut dues persones per deu delictes de furt i un delicte de robatori amb viol\u00e8ncia i intimidaci\u00f3 a persones d&#8217;avan\u00e7ada edat.<\/p>\n<p>\u00abDes del dia 10 de gener de 2019 va rebre la primera den\u00fancia en el Lloc de la Gu\u00e0rdia Civil de Bunyol en qu\u00e8 una dona denunciava un furt pel conegut&#8221; m\u00e8tode de l&#8217;abra\u00e7ada &#8220;i en den\u00fancies posteriors que s&#8217;han anat rebent, es va poder detectar que tots eren comesos presumiblement per la mateixa persona, una dona d&#8217;uns 30 anys de nacionalitat romanesa \u00bb, segons han informat des de la Comand\u00e0ncia de la Gu\u00e0rdia Civil de Val\u00e8ncia.<\/p>\n<p>Per tot l&#8217;exposat anteriorment, es va iniciar l&#8217;operaci\u00f3 RINAMO per part dels agents de la Gu\u00e0rdia Civil de Bunyol amb la col\u00b7laboraci\u00f3 de la Policia Local de dita localitat a fi de poder identificar i detenir l&#8217;autor o autors dels fets.<\/p>\n<p>\u00abTots aquests robatoris van causar una gran alarma social, ja que totes les v\u00edctimes eren persones majors de molt avan\u00e7ada edat a qu\u00e8 ha estat f\u00e0cil robar-los amb aquest m\u00e8tode joies i diners\u00bb, segons les mateixes fonts.<\/p>\n<p>\u00abEls suposats autors reconeixien en vehicle les diferents localitats on tenien previst actuar, buscant un objectiu clar, una persona d&#8217;avan\u00e7ada edat, amb lentitud o dificultar en els seus moviments i en les proximitats dels llocs que aquestes persones freq\u00fcenten (entrada o sortida de supermercats , centres de dia, resid\u00e8ncies gent gran, centres de salut &#8230;) \u00bb.<\/p>\n<p>Un cop conegut el fet es van establir dispositius en coordinaci\u00f3 amb el Cos de Policia local de Bunyol per efectuar patrulles a peu i vigil\u00e0ncies exhaustives pel nucli urb\u00e0 per a la possible identificaci\u00f3 i detenci\u00f3 dels autors dels fets, ja que es disposava d&#8217;informaci\u00f3 del vehicle en qu\u00e8 habitualment es cometien aquests fets.<\/p>\n<p>Aquests serveis de prevenci\u00f3 van donar el seu fruit el passat dia 22 de febrer quan agents en servei del Cos de Policia Local de Bunyol van localitzar i van seguir al vehicle, podent finalment bloquejar-i detenir als seus ocupants quan acabaven de cometre un furt a un anci\u00e0 de la resid\u00e8ncia de Bunyol. Sent immediatament recolzats pels agents de la Gu\u00e0rdia Civil d&#8217;aquesta localitat.<\/p>\n<p>\u00abUn cop detinguts i efectuat un registre superficial, es troba diners en efectiu, trobant els dos bitllets de 50 euros que acaben de sostreure a la seva \u00faltima v\u00edctima\u00bb, com han explicat des de la Gu\u00e0rdia Civil.<\/p>\n<p>Els detinguts, un home i una dona de nacionalitat romanesa de 35 i 36 anys, van ser traslladats a depend\u00e8ncies del Lloc de la Gu\u00e0rdia Civil de Bunyol on s&#8217;han instru\u00eft les dilig\u00e8ncies, sent-li imputats els seg\u00fcents fets delictius: un delicte de robatori amb viol\u00e8ncia i intimidaci\u00f3 a la localitat de Bunyol, 6 delictes de furt a la localitat de Bunyol, tres delictes de furt a la localitat de Sant Antoni de Requena i un delicte de furt a la localitat de Requena.<\/p>\n<p>Se&#8217;ls ha intervingut el vehicle que utilitzaven per efectuar els robatoris i 330 euros en met\u00e0l\u00b7lic. Les dilig\u00e8ncies instru\u00efdes han estat lliurades al jutjat d&#8217;Instrucci\u00f3 n\u00famero 4 de Requena.<\/p>\n","protected":false},"excerpt":{"rendered":"<div class=\"mh-excerpt\">La Gu\u00e0rdia Civil de Bunyol, en el marc del Pla Major de Seguretat dels nostres Majors, ha detingut dues persones per deu delictes de furt i un delicte de robatori amb viol\u00e8ncia i intimidaci\u00f3 a <a class=\"mh-excerpt-more\" href=\"https:\/\/tucomarca.whitekongsoftware.com\/ca\/detenen-dues-persones-per-deu-delictes-de-furt-i-un-delicte-de-robatori-amb-violencia-a-persones-davancada-edat-a-requena-i-bunyol\/\" title=\"Detenen dues persones per deu delictes de furt i un delicte de robatori amb viol\u00e8ncia a persones d&#8217;avan\u00e7ada edat a Requena i Bunyol\">[+] <\/a><\/div>\n","protected":false},"author":1,"featured_media":82329,"comment_status":"open","ping_status":"open","sticky":false,"template":"","format":"standard","meta":{"footnotes":""},"categories":[10911,10898,10894,10912,10908,10909,10896,10897],"tags":[11314],"class_list":["post-82334","post","type-post","status-publish","format-standard","has-post-thumbnail","category-bunol-ca","category-ventana-ca","category-la-comarca-ca","category-la-hoya-ca","category-requena-ca","category-requena-utiel-ca","category-seccion-ca","category-sucesos-la-comarca-ca","tag-bunyol-ca"],"_links":{"self":[{"href":"https:\/\/tucomarca.whitekongsoftware.com\/ca\/wp-json\/wp\/v2\/posts\/82334","targetHints":{"allow":["GET"]}}],"collection":[{"href":"https:\/\/tucomarca.whitekongsoftware.com\/ca\/wp-json\/wp\/v2\/posts"}],"about":[{"href":"https:\/\/tucomarca.whitekongsoftware.com\/ca\/wp-json\/wp\/v2\/types\/post"}],"author":[{"embeddable":true,"href":"https:\/\/tucomarca.whitekongsoftware.com\/ca\/wp-json\/wp\/v2\/users\/1"}],"replies":[{"embeddable":true,"href":"https:\/\/tucomarca.whitekongsoftware.com\/ca\/wp-json\/wp\/v2\/comments?post=82334"}],"version-history":[{"count":0,"href":"https:\/\/tucomarca.whitekongsoftware.com\/ca\/wp-json\/wp\/v2\/posts\/82334\/revisions"}],"wp:featuredmedia":[{"embeddable":true,"href":"https:\/\/tucomarca.whitekongsoftware.com\/ca\/wp-json\/wp\/v2\/media\/82329"}],"wp:attachment":[{"href":"https:\/\/tucomarca.whitekongsoftware.com\/ca\/wp-json\/wp\/v2\/media?parent=82334"}],"wp:term":[{"taxonomy":"category","embeddable":true,"href":"https:\/\/tucomarca.whitekongsoftware.com\/ca\/wp-json\/wp\/v2\/categories?post=82334"},{"taxonomy":"post_tag","embeddable":true,"href":"https:\/\/tucomarca.whitekongsoftware.com\/ca\/wp-json\/wp\/v2\/tags?post=82334"}],"curies":[{"name":"wp","href":"https:\/\/api.w.org\/{rel}","templated":true}]}}