{"id":82298,"date":"2019-02-26T23:35:39","date_gmt":"2019-02-26T21:35:39","guid":{"rendered":"http:\/\/www.tucomarca.com\/wordpress\/segunda\/?p=82298"},"modified":"2019-02-26T23:35:39","modified_gmt":"2019-02-26T21:35:39","slug":"el-consell-licitara-al-marc-la-redaccio-del-projecte-de-rehabilitacio-delements-comuns-i-reurbanitzacio-despais-lliures-de-la-placa-de-la-ribera-dalzira","status":"publish","type":"post","link":"https:\/\/tucomarca.whitekongsoftware.com\/ca\/el-consell-licitara-al-marc-la-redaccio-del-projecte-de-rehabilitacio-delements-comuns-i-reurbanitzacio-despais-lliures-de-la-placa-de-la-ribera-dalzira\/","title":{"rendered":"El Consell licitar\u00e0 al mar\u00e7 la redacci\u00f3 del projecte de rehabilitaci\u00f3 d&#8217;elements comuns i reurbanitzaci\u00f3 d&#8217;espais lliures de la pla\u00e7a de la Ribera d&#8217;Alzira"},"content":{"rendered":"<figure id=\"attachment_82293\" aria-describedby=\"caption-attachment-82293\" style=\"width: 623px\" class=\"wp-caption alignleft\"><img loading=\"lazy\" decoding=\"async\" class=\" wp-image-82293\" src=\"http:\/\/www.tucomarca.com\/wordpress\/segunda\/wp-content\/uploads\/2019\/02\/Alzira.jpeg\" alt=\"Visita que han realizado a este grupo.\" width=\"623\" height=\"467\" srcset=\"https:\/\/tucomarca.whitekongsoftware.com\/wp-content\/uploads\/2019\/02\/Alzira.jpeg 1600w, https:\/\/tucomarca.whitekongsoftware.com\/wp-content\/uploads\/2019\/02\/Alzira-300x225.jpeg 300w, https:\/\/tucomarca.whitekongsoftware.com\/wp-content\/uploads\/2019\/02\/Alzira-768x576.jpeg 768w, https:\/\/tucomarca.whitekongsoftware.com\/wp-content\/uploads\/2019\/02\/Alzira-1024x768.jpeg 1024w\" sizes=\"auto, (max-width: 623px) 100vw, 623px\" \/><figcaption id=\"caption-attachment-82293\" class=\"wp-caption-text\">Visita que han realitzat a aquest grup.<\/figcaption><\/figure>\n<p>La Conselleria d&#8217;Habitatge, Obres P\u00fabliques i Vertebraci\u00f3 del Territori, a trav\u00e9s de l&#8217;Entitat Valenciana d&#8217;Habitatge i S\u00f2l (EVha), t\u00e9 previst licitar al mes de mar\u00e7 la redacci\u00f3 del projecte per a la millora d&#8217;elements comuns i reurbanitzaci\u00f3 d&#8217;espais p\u00fablics del grup d&#8217;habitatges p\u00fablics Pla\u00e7a de la Ribera a Alzira.<\/p>\n<p>Aix\u00ed ho han anunciat el director general d&#8217;Habitatge, Rehabilitaci\u00f3 i Regeneraci\u00f3 Urbana, Rafael Briet, i la directora general de l&#8217;Entitat Valenciana d&#8217;Habitatge i S\u00f2l (EVha), Laura Soto, en la visita que han realitzat a aquest grup. Hi han estat acompanyats pel regidor de Gesti\u00f3 Urban\u00edstica i Serveis P\u00fablics, Fernando Pascual Moscard\u00f3.<\/p>\n<p>A m\u00e9s del projecte de millora d&#8217;elements comuns, aquest mar\u00e7 la Conselleria tamb\u00e9 es preveu licitar l&#8217;elaboraci\u00f3 d&#8217;informes d&#8217;avaluaci\u00f3 d&#8217;edificis.<\/p>\n<p>Abans de l&#8217;execuci\u00f3 d&#8217;aquest projecte de millora, l&#8217;objectiu \u00e9s executar les obres al llarg de 2020, l&#8217;Ajuntament d&#8217;Alzira ha sol\u00b7licitat a la Conselleria mesures provisionals fins que s&#8217;executi el projecte de millora, com el paredat d&#8217;habitatges buits fins que es puguin reparar.<\/p>\n<p>Aquest mateix dimecres, personal t\u00e8cnic de EVha i municipal visitar\u00e0 el grup per inspeccionar i detectar les actuacions que cal realitzar amb car\u00e0cter d&#8217;emerg\u00e8ncia.<\/p>\n<p>El director general d&#8217;Habitatge ha destacat el gran esfor\u00e7 d&#8217;aquest Consell &#8220;per millorar la situaci\u00f3 del parc p\u00fablic d&#8217;habitatge, abandonat durant molts anys, aix\u00ed com les condicions de vida dels seus habitants&#8221;.<\/p>\n<p>El grup pla\u00e7a de la Ribera est\u00e0 distribu\u00eft en vuit blocs, amb un total de 60 habitatges i cinc locals. Quant als elements comuns dels edificis i l&#8217;espai lliure com\u00fa, el projecte de millora es centrar\u00e0 b\u00e0sicament en l&#8217;adequaci\u00f3 dels vest\u00edbuls, escales i replans de planta; reparaci\u00f3 de fa\u00e7anes i cobertes; adequaci\u00f3 de les instal\u00b7lacions; millores en accessibilitat i enllumenat i reestructuraci\u00f3 i adequaci\u00f3 dels espais lliures.<\/p>\n","protected":false},"excerpt":{"rendered":"<div class=\"mh-excerpt\">La Conselleria d&#8217;Habitatge, Obres P\u00fabliques i Vertebraci\u00f3 del Territori, a trav\u00e9s de l&#8217;Entitat Valenciana d&#8217;Habitatge i S\u00f2l (EVha), t\u00e9 previst licitar al mes de mar\u00e7 la redacci\u00f3 del projecte per a la millora d&#8217;elements comuns <a class=\"mh-excerpt-more\" href=\"https:\/\/tucomarca.whitekongsoftware.com\/ca\/el-consell-licitara-al-marc-la-redaccio-del-projecte-de-rehabilitacio-delements-comuns-i-reurbanitzacio-despais-lliures-de-la-placa-de-la-ribera-dalzira\/\" title=\"El Consell licitar\u00e0 al mar\u00e7 la redacci\u00f3 del projecte de rehabilitaci\u00f3 d&#8217;elements comuns i reurbanitzaci\u00f3 d&#8217;espais lliures de la pla\u00e7a de la Ribera d&#8217;Alzira\">[+] <\/a><\/div>\n","protected":false},"author":1,"featured_media":82294,"comment_status":"open","ping_status":"open","sticky":false,"template":"","format":"standard","meta":{"footnotes":""},"categories":[10889,10898,10948,10894,10902,10947,10896],"tags":[11192],"class_list":["post-82298","post","type-post","status-publish","format-standard","has-post-thumbnail","category-alzira-cat","category-ventana-ca","category-infraestructuras-ca","category-la-comarca-ca","category-la-ribera-ca","category-politica","category-seccion-ca","tag-alzira-ca"],"_links":{"self":[{"href":"https:\/\/tucomarca.whitekongsoftware.com\/ca\/wp-json\/wp\/v2\/posts\/82298","targetHints":{"allow":["GET"]}}],"collection":[{"href":"https:\/\/tucomarca.whitekongsoftware.com\/ca\/wp-json\/wp\/v2\/posts"}],"about":[{"href":"https:\/\/tucomarca.whitekongsoftware.com\/ca\/wp-json\/wp\/v2\/types\/post"}],"author":[{"embeddable":true,"href":"https:\/\/tucomarca.whitekongsoftware.com\/ca\/wp-json\/wp\/v2\/users\/1"}],"replies":[{"embeddable":true,"href":"https:\/\/tucomarca.whitekongsoftware.com\/ca\/wp-json\/wp\/v2\/comments?post=82298"}],"version-history":[{"count":0,"href":"https:\/\/tucomarca.whitekongsoftware.com\/ca\/wp-json\/wp\/v2\/posts\/82298\/revisions"}],"wp:featuredmedia":[{"embeddable":true,"href":"https:\/\/tucomarca.whitekongsoftware.com\/ca\/wp-json\/wp\/v2\/media\/82294"}],"wp:attachment":[{"href":"https:\/\/tucomarca.whitekongsoftware.com\/ca\/wp-json\/wp\/v2\/media?parent=82298"}],"wp:term":[{"taxonomy":"category","embeddable":true,"href":"https:\/\/tucomarca.whitekongsoftware.com\/ca\/wp-json\/wp\/v2\/categories?post=82298"},{"taxonomy":"post_tag","embeddable":true,"href":"https:\/\/tucomarca.whitekongsoftware.com\/ca\/wp-json\/wp\/v2\/tags?post=82298"}],"curies":[{"name":"wp","href":"https:\/\/api.w.org\/{rel}","templated":true}]}}