{"id":82281,"date":"2019-02-26T14:08:19","date_gmt":"2019-02-26T12:08:19","guid":{"rendered":"http:\/\/www.tucomarca.com\/wordpress\/segunda\/?p=82281"},"modified":"2019-02-26T14:08:19","modified_gmt":"2019-02-26T12:08:19","slug":"isabel-bonig-apadrina-la-presentacio-de-la-candidata-del-pp-a-setaigues-gemma-lopez-zahonero","status":"publish","type":"post","link":"https:\/\/tucomarca.whitekongsoftware.com\/ca\/isabel-bonig-apadrina-la-presentacio-de-la-candidata-del-pp-a-setaigues-gemma-lopez-zahonero\/","title":{"rendered":"Isabel Bonig apadrina la presentaci\u00f3 de la candidata del PP a Setaig\u00fces, Gemma L\u00f3pez Zahonero"},"content":{"rendered":"<figure id=\"attachment_82278\" aria-describedby=\"caption-attachment-82278\" style=\"width: 552px\" class=\"wp-caption alignleft\"><img loading=\"lazy\" decoding=\"async\" class=\" wp-image-82278\" src=\"http:\/\/www.tucomarca.com\/wordpress\/segunda\/wp-content\/uploads\/2019\/02\/BonigSieteAGuas.jpeg\" alt=\"Isabel Bonig en el acto de presentaci\u00f3n de la candidata del PP en Siete Aguas, Gema L\u00f3pez Zahonero.\" width=\"552\" height=\"425\" srcset=\"https:\/\/tucomarca.whitekongsoftware.com\/wp-content\/uploads\/2019\/02\/BonigSieteAGuas.jpeg 1600w, https:\/\/tucomarca.whitekongsoftware.com\/wp-content\/uploads\/2019\/02\/BonigSieteAGuas-300x231.jpeg 300w, https:\/\/tucomarca.whitekongsoftware.com\/wp-content\/uploads\/2019\/02\/BonigSieteAGuas-768x592.jpeg 768w, https:\/\/tucomarca.whitekongsoftware.com\/wp-content\/uploads\/2019\/02\/BonigSieteAGuas-1024x789.jpeg 1024w\" sizes=\"auto, (max-width: 552px) 100vw, 552px\" \/><figcaption id=\"caption-attachment-82278\" class=\"wp-caption-text\">Isabel Bonig en l&#8217;acte de presentaci\u00f3 de la candidata del PP a Setaig\u00fces, Gemma L\u00f3pez Zahonero.<\/figcaption><\/figure>\n<p>La presidenta del Partit Popular de la Comunitat Valenciana, Isabel Bonig, ha participat en l&#8217;acte de presentaci\u00f3 de la candidata del PP a Setaig\u00fces, Gema L\u00f3pez Zahonero on ha aprofitat per instar al President del Consell i secretari general del PSOE, a &#8220;deixar de marejar &#8220;amb l&#8217;avan\u00e7ament electoral i de centrar-se menys en els seus problemes org\u00e0nics i m\u00e9s en els temes que de veritat preocupen als valencians com les llistes d&#8217;espera en Sanitat i Depend\u00e8ncia, la creaci\u00f3 d&#8217;ocupaci\u00f3, la baixada d&#8217;impostos o la llibertat educativa . &#8220;Mentre parla d&#8217;eleccions si o eleccions no, no parla del que volen els valencians&#8221;.<\/p>\n<p>&#8220;La difer\u00e8ncia entre l&#8217;esquerra i el PP \u00e9s que som un partit obert i no sectari, que som gent que creu en la unitat d&#8217;Espanya, que defensa una Espanya plural per\u00f2 en la qual cabem tots, un partit que creu en la igualtat de drets i obligacions de tots els espanyols &#8220;, ha destacat Bonig.<\/p>\n<p>Bonig ha destacat que el PP &#8220;\u00e9s el gran partit de centre-dreta, el que la lidera a la Comunitat Valenciana ia Espanya i el que seguir\u00e0 liderant, l&#8217;\u00fanic capa\u00e7 de frenar el sectarisme de l&#8217;esquerra&#8221;.<\/p>\n<p>Segons ha assenyalat, &#8220;molts pensen que \u00e9s f\u00e0cil governar una naci\u00f3, una comunitat o un municipi, per\u00f2 nom\u00e9s la persones que ve a treballar de veritat tenen aquest sentiment d&#8217;il\u00b7lusi\u00f3 i de responsabilitat, com la gent del PP i no com el PSOE de S\u00e1nchez i Ximo Puig &#8220;.<\/p>\n<p><strong>&#8220;Som l&#8217;\u00fanic partit que t\u00e9 una seu i gent preparada en tots els municipis de la Comunitat&#8221;<\/strong><\/p>\n<p>La presidenta del PPCV, ha assenyalat que per governar cal con\u00e8ixer el territori, i aquest \u00e9s &#8220;el principal aval del PPCV&#8221; perqu\u00e8 a difer\u00e8ncia dels partits d&#8217;esquerres, \u00e9s l&#8217;\u00fanic partit que t\u00e9 una seu i gent preparada en tots els municipis de la Comunitat &#8220;per defensar el seu projecte en tots els racons del nostre territori&#8221;.<\/p>\n<p>Aix\u00ed, ha assenyalat que el PPCV t\u00e9 un &#8220;full de ruta&#8221; per als valencians que va portar pels 542 municipis que passa per la baixada d&#8217;impostos i l&#8217;eliminaci\u00f3 de l&#8217;impost de Patrimoni i Successions despr\u00e9s de la pujada de gaireb\u00e9 1400000000 de Ximo Puig i de M\u00f3nica Oltra; per acabar amb les llistes d&#8217;espera mitjan\u00e7ant una Llei de Temps M\u00e0xims i amb la devoluci\u00f3 de la llibertat educativa als pares valencians perqu\u00e8 puguin educar els seus fills en la llengua i el centre que tri\u00efn.<\/p>\n<p><strong>&#8220;Estan nerviosos&#8221;<\/strong><\/p>\n<p>&#8220;Estan nerviosos&#8221; ha destacat Bonig en refer\u00e8ncia als partits de l&#8217;esquerra perqu\u00e8 el PPCV ha seguit mirant cap endavant, amb gent valenta, gent amb coher\u00e8ncia, experi\u00e8ncia i bons projectes pol\u00edtics que aconseguiran que guanyem en Set Aig\u00fces, a la Generalitat ia Espanya &#8220;.<\/p>\n<p>&#8220;I es posaran encara m\u00e9s nerviosos perqu\u00e8 saben que tenim projecte i que la gent est\u00e0 farta i cansada de les seves promeses que es queden en res, prometen per\u00f2 despr\u00e9s no compleixen i ja no ens enganyen&#8221;, ha finalitzat.<\/p>\n","protected":false},"excerpt":{"rendered":"<div class=\"mh-excerpt\">La presidenta del Partit Popular de la Comunitat Valenciana, Isabel Bonig, ha participat en l&#8217;acte de presentaci\u00f3 de la candidata del PP a Setaig\u00fces, Gema L\u00f3pez Zahonero on ha aprofitat per instar al President del <a class=\"mh-excerpt-more\" href=\"https:\/\/tucomarca.whitekongsoftware.com\/ca\/isabel-bonig-apadrina-la-presentacio-de-la-candidata-del-pp-a-setaigues-gemma-lopez-zahonero\/\" title=\"Isabel Bonig apadrina la presentaci\u00f3 de la candidata del PP a Setaig\u00fces, Gemma L\u00f3pez Zahonero\">[+] <\/a><\/div>\n","protected":false},"author":1,"featured_media":82279,"comment_status":"open","ping_status":"open","sticky":false,"template":"","format":"standard","meta":{"footnotes":""},"categories":[10898,10894,10904,10912,10947,10896,10979],"tags":[11344],"class_list":["post-82281","post","type-post","status-publish","format-standard","has-post-thumbnail","category-ventana-ca","category-la-comarca-ca","category-sin-categorizar-ca","category-la-hoya-ca","category-politica","category-seccion-ca","category-siete-aguas-ca","tag-pp-ca"],"_links":{"self":[{"href":"https:\/\/tucomarca.whitekongsoftware.com\/ca\/wp-json\/wp\/v2\/posts\/82281","targetHints":{"allow":["GET"]}}],"collection":[{"href":"https:\/\/tucomarca.whitekongsoftware.com\/ca\/wp-json\/wp\/v2\/posts"}],"about":[{"href":"https:\/\/tucomarca.whitekongsoftware.com\/ca\/wp-json\/wp\/v2\/types\/post"}],"author":[{"embeddable":true,"href":"https:\/\/tucomarca.whitekongsoftware.com\/ca\/wp-json\/wp\/v2\/users\/1"}],"replies":[{"embeddable":true,"href":"https:\/\/tucomarca.whitekongsoftware.com\/ca\/wp-json\/wp\/v2\/comments?post=82281"}],"version-history":[{"count":0,"href":"https:\/\/tucomarca.whitekongsoftware.com\/ca\/wp-json\/wp\/v2\/posts\/82281\/revisions"}],"wp:featuredmedia":[{"embeddable":true,"href":"https:\/\/tucomarca.whitekongsoftware.com\/ca\/wp-json\/wp\/v2\/media\/82279"}],"wp:attachment":[{"href":"https:\/\/tucomarca.whitekongsoftware.com\/ca\/wp-json\/wp\/v2\/media?parent=82281"}],"wp:term":[{"taxonomy":"category","embeddable":true,"href":"https:\/\/tucomarca.whitekongsoftware.com\/ca\/wp-json\/wp\/v2\/categories?post=82281"},{"taxonomy":"post_tag","embeddable":true,"href":"https:\/\/tucomarca.whitekongsoftware.com\/ca\/wp-json\/wp\/v2\/tags?post=82281"}],"curies":[{"name":"wp","href":"https:\/\/api.w.org\/{rel}","templated":true}]}}