{"id":82260,"date":"2019-02-26T11:44:53","date_gmt":"2019-02-26T09:44:53","guid":{"rendered":"http:\/\/www.tucomarca.com\/wordpress\/segunda\/?p=82260"},"modified":"2019-02-26T11:44:53","modified_gmt":"2019-02-26T09:44:53","slug":"set-aigues-aconsegueix-de-la-guardia-civil-el-compromis-duna-major-vigilancia-policial-despres-de-la-visita-dels-seus-maxims-responsables-a-valencia","status":"publish","type":"post","link":"https:\/\/tucomarca.whitekongsoftware.com\/ca\/set-aigues-aconsegueix-de-la-guardia-civil-el-compromis-duna-major-vigilancia-policial-despres-de-la-visita-dels-seus-maxims-responsables-a-valencia\/","title":{"rendered":"Set Aig\u00fces aconsegueix de la Gu\u00e0rdia Civil el comprom\u00eds d&#8217;una major vigil\u00e0ncia policial despr\u00e9s de la visita dels seus m\u00e0xims responsables a Val\u00e8ncia"},"content":{"rendered":"<figure id=\"attachment_82257\" aria-describedby=\"caption-attachment-82257\" style=\"width: 748px\" class=\"wp-caption alignleft\"><img loading=\"lazy\" decoding=\"async\" class=\" wp-image-82257\" src=\"http:\/\/www.tucomarca.com\/wordpress\/segunda\/wp-content\/uploads\/2019\/02\/SieteAguasGC2.jpg\" alt=\"El equipo de Gobierno de Siete Aguas con los altos responsables de la Guardia Civil en Valencia.\" width=\"748\" height=\"561\" srcset=\"https:\/\/tucomarca.whitekongsoftware.com\/wp-content\/uploads\/2019\/02\/SieteAguasGC2.jpg 2976w, https:\/\/tucomarca.whitekongsoftware.com\/wp-content\/uploads\/2019\/02\/SieteAguasGC2-300x225.jpg 300w, https:\/\/tucomarca.whitekongsoftware.com\/wp-content\/uploads\/2019\/02\/SieteAguasGC2-768x576.jpg 768w, https:\/\/tucomarca.whitekongsoftware.com\/wp-content\/uploads\/2019\/02\/SieteAguasGC2-1024x768.jpg 1024w\" sizes=\"auto, (max-width: 748px) 100vw, 748px\" \/><figcaption id=\"caption-attachment-82257\" class=\"wp-caption-text\">L&#8217;equip de Govern de Set Aig\u00fces amb els alts responsables de la Gu\u00e0rdia Civil a Val\u00e8ncia.<\/figcaption><\/figure>\n<p>&#8220;L&#8217;equip de Govern de Set Aig\u00fces ha estat fent gestions amb el m\u00e9s alt de la Gu\u00e0rdia Civil per aconseguir una visita al municipi per mantenir una reuni\u00f3 i expressar necessitats i inquietuds&#8221;, tal com han informat fonts municipals.<\/p>\n<p>&#8220;Aquest dijous passat es va aconseguir la visita al municipi de l&#8217;Excm. Sr. Jos\u00e9 Hermida Blanc (General Cap de la VI Zona de la Gu\u00e0rdia Civil a la Comunitat Valenciana), Il\u00b7lm. Sr. Amador Escalada S\u00e1nchez (Coronel Cap de la Comand\u00e0ncia de la Gu\u00e0rdia civil de Val\u00e8ncia), Il\u00b7lm. Sr. Bernardo Baldanta Llamas (Coronel Cap de la Plana Major de la VI Zona de la Gu\u00e0rdia civil a la Comunitat Valenciana), D. Juan Bermejo Moremo (Capit\u00e0 Cap de la Tercera Companyia de la gu\u00e0rdia civil de Requena) i D. Jos\u00e9 Cazalilla (Cap lloc de la caserna Setaig\u00fces) &#8220;, han afegit.<\/p>\n<p>&#8220;La jornada va ser molt agradable i fruct\u00edfera on s&#8217;han establerts compromisos per part de la Gu\u00e0rdia Civil despr\u00e9s de les demandes de l&#8217;equip de govern aconseguint punts tan importants com una major vigil\u00e0ncia al municipi, realitzar controls a les entrades i sortides al municipi com urbanitzacions per evitar robatoris com s&#8217;est\u00e0 fent ara, refor\u00e7ar la lluita antidroga amb un equip especialitzat, cobrir les places lliures de la plantilla, informaci\u00f3 com funcionament per fer una campanya d&#8217;acc\u00e9s a AlertCops que \u00e9s un servei d&#8217;alertes de seguretat ciutadana de les Forces i Cossos de Seguretat, un vehicle nou tot terreny tan necessari i la confirmaci\u00f3 de la continu\u00eftat de caserna de Set Aig\u00fces per molts anys m\u00e9s &#8220;.<\/p>\n<p>L&#8217;Alcalde de Set Aig\u00fces, Santiago Mas, va oferir al general Jos\u00e9 Hermida que sign\u00e9s al llibre de visites d&#8217;honor a Set Aig\u00fces &#8220;pel seu comprom\u00eds cap al nostre municipi, donant-los les gr\u00e0cies per adquirir les nostres necessitats com a compromisos que es van fer realitat en breu &#8220;.<\/p>\n<p>Se&#8217;ls ha transm\u00e8s la &#8220;import\u00e0ncia de la Gu\u00e0rdia Civil en Set Aig\u00fces&#8221; donant-los una dada com que l&#8217;antic quarter de la poblaci\u00f3 era de 1855 &#8220;quan la Gu\u00e0rdia Civil es va fundar el 1844, aix\u00f2 vol dir que 11 anys m\u00e9s tard Setaig\u00fces disposava dels primers casernes de la Gu\u00e0rdia Civil a Espanya. Avui en dia la nova caserna que s\u00f3n depend\u00e8ncies municipals i est\u00e0 arrendat per un preu simb\u00f2lic a canvi de prestar un servei de seguretat al municipi compta amb habitatges adossats. a la visita del mateix acompanyant al General l&#8217;equip de Govern van transmetre que els habitatges estaven molt b\u00e9 i que \u00e9s un honor tenir depend\u00e8ncies aix\u00ed perqu\u00e8 Gu\u00e0rdies Civils demanin el lloc de Set Aig\u00fces &#8220;.<\/p>\n<figure id=\"attachment_82255\" aria-describedby=\"caption-attachment-82255\" style=\"width: 461px\" class=\"wp-caption alignright\"><img loading=\"lazy\" decoding=\"async\" class=\" wp-image-82255\" src=\"http:\/\/www.tucomarca.com\/wordpress\/segunda\/wp-content\/uploads\/2019\/02\/SieteAguasGC.jpg\" alt=\"Homenaje por ser este a\u00f1o el 25 aniversario del asesinato de los dos guardias civiles en Siete Aguas en 1994.\" width=\"461\" height=\"346\" srcset=\"https:\/\/tucomarca.whitekongsoftware.com\/wp-content\/uploads\/2019\/02\/SieteAguasGC.jpg 2976w, https:\/\/tucomarca.whitekongsoftware.com\/wp-content\/uploads\/2019\/02\/SieteAguasGC-300x225.jpg 300w, https:\/\/tucomarca.whitekongsoftware.com\/wp-content\/uploads\/2019\/02\/SieteAguasGC-768x576.jpg 768w, https:\/\/tucomarca.whitekongsoftware.com\/wp-content\/uploads\/2019\/02\/SieteAguasGC-1024x768.jpg 1024w\" sizes=\"auto, (max-width: 461px) 100vw, 461px\" \/><figcaption id=\"caption-attachment-82255\" class=\"wp-caption-text\">Homenatge per ser aquest any el 25 aniversari de l&#8217;assassinat dels dos gu\u00e0rdies civils en Set Aig\u00fces en 1994.<\/figcaption><\/figure>\n<p>Es va baixar al mon\u00f2lit en homenatge per ser aquest any el 25 aniversari de l&#8217;assassinat dels dos gu\u00e0rdies civils en Set Aig\u00fces en 1994, el sergent Sr. Manuel Sousa Casat i l&#8217;agent D. Florentino S\u00e1nchez, on el General i alcalde han dipositat un ram de flors.<\/p>\n<p>&#8220;S&#8217;ha aprofitat per mostrar les riqueses de Set Aig\u00fces com la font dels Set Canelles, la nostra hist\u00f2ria entre elles el Pont del Real, constru\u00eft el 1782, i una de les poques obres d&#8217;arquitectura civil que resten del regnat de Carles III&#8221;, han finalitzat des de l&#8217;Ajuntament local.<\/p>\n","protected":false},"excerpt":{"rendered":"<div class=\"mh-excerpt\">&#8220;L&#8217;equip de Govern de Set Aig\u00fces ha estat fent gestions amb el m\u00e9s alt de la Gu\u00e0rdia Civil per aconseguir una visita al municipi per mantenir una reuni\u00f3 i expressar necessitats i inquietuds&#8221;, tal com <a class=\"mh-excerpt-more\" href=\"https:\/\/tucomarca.whitekongsoftware.com\/ca\/set-aigues-aconsegueix-de-la-guardia-civil-el-compromis-duna-major-vigilancia-policial-despres-de-la-visita-dels-seus-maxims-responsables-a-valencia\/\" title=\"Set Aig\u00fces aconsegueix de la Gu\u00e0rdia Civil el comprom\u00eds d&#8217;una major vigil\u00e0ncia policial despr\u00e9s de la visita dels seus m\u00e0xims responsables a Val\u00e8ncia\">[+] <\/a><\/div>\n","protected":false},"author":1,"featured_media":82258,"comment_status":"open","ping_status":"open","sticky":false,"template":"","format":"standard","meta":{"footnotes":""},"categories":[10898,10948,10894,10904,10912,10947,10896,10979,10897],"tags":[11157],"class_list":["post-82260","post","type-post","status-publish","format-standard","has-post-thumbnail","category-ventana-ca","category-infraestructuras-ca","category-la-comarca-ca","category-sin-categorizar-ca","category-la-hoya-ca","category-politica","category-seccion-ca","category-siete-aguas-ca","category-sucesos-la-comarca-ca","tag-siete-aguas-ca"],"_links":{"self":[{"href":"https:\/\/tucomarca.whitekongsoftware.com\/ca\/wp-json\/wp\/v2\/posts\/82260","targetHints":{"allow":["GET"]}}],"collection":[{"href":"https:\/\/tucomarca.whitekongsoftware.com\/ca\/wp-json\/wp\/v2\/posts"}],"about":[{"href":"https:\/\/tucomarca.whitekongsoftware.com\/ca\/wp-json\/wp\/v2\/types\/post"}],"author":[{"embeddable":true,"href":"https:\/\/tucomarca.whitekongsoftware.com\/ca\/wp-json\/wp\/v2\/users\/1"}],"replies":[{"embeddable":true,"href":"https:\/\/tucomarca.whitekongsoftware.com\/ca\/wp-json\/wp\/v2\/comments?post=82260"}],"version-history":[{"count":0,"href":"https:\/\/tucomarca.whitekongsoftware.com\/ca\/wp-json\/wp\/v2\/posts\/82260\/revisions"}],"wp:featuredmedia":[{"embeddable":true,"href":"https:\/\/tucomarca.whitekongsoftware.com\/ca\/wp-json\/wp\/v2\/media\/82258"}],"wp:attachment":[{"href":"https:\/\/tucomarca.whitekongsoftware.com\/ca\/wp-json\/wp\/v2\/media?parent=82260"}],"wp:term":[{"taxonomy":"category","embeddable":true,"href":"https:\/\/tucomarca.whitekongsoftware.com\/ca\/wp-json\/wp\/v2\/categories?post=82260"},{"taxonomy":"post_tag","embeddable":true,"href":"https:\/\/tucomarca.whitekongsoftware.com\/ca\/wp-json\/wp\/v2\/tags?post=82260"}],"curies":[{"name":"wp","href":"https:\/\/api.w.org\/{rel}","templated":true}]}}