{"id":82250,"date":"2019-02-26T11:09:23","date_gmt":"2019-02-26T09:09:23","guid":{"rendered":"http:\/\/www.tucomarca.com\/wordpress\/segunda\/?p=82250"},"modified":"2019-02-26T11:09:23","modified_gmt":"2019-02-26T09:09:23","slug":"vilamarxant-condiciona-el-paratge-natural-les-rodanes-amb-ajuda-de-la-diputacio","status":"publish","type":"post","link":"https:\/\/tucomarca.whitekongsoftware.com\/ca\/vilamarxant-condiciona-el-paratge-natural-les-rodanes-amb-ajuda-de-la-diputacio\/","title":{"rendered":"Vilamarxant condiciona el paratge natural \u2018Les Rodanes\u2019 amb ajuda de la Diputaci\u00f3"},"content":{"rendered":"<div class=\"\">\n<div class=\"WordSection1\">\n<div class=\"\">\n<figure id=\"attachment_82247\" aria-describedby=\"caption-attachment-82247\" style=\"width: 301px\" class=\"wp-caption alignleft\"><img loading=\"lazy\" decoding=\"async\" class=\" wp-image-82247\" src=\"http:\/\/www.tucomarca.com\/wordpress\/segunda\/wp-content\/uploads\/2019\/02\/josepbort_Vilamarxant.jpg\" alt=\"El diputado de Medio Ambiente, Josep Bort, ha visitado este paraje acompa\u00f1ado por el alcalde del municipio, Jes\u00fas Montesinos.\" width=\"301\" height=\"226\" srcset=\"https:\/\/tucomarca.whitekongsoftware.com\/wp-content\/uploads\/2019\/02\/josepbort_Vilamarxant.jpg 4032w, https:\/\/tucomarca.whitekongsoftware.com\/wp-content\/uploads\/2019\/02\/josepbort_Vilamarxant-300x225.jpg 300w, https:\/\/tucomarca.whitekongsoftware.com\/wp-content\/uploads\/2019\/02\/josepbort_Vilamarxant-768x576.jpg 768w, https:\/\/tucomarca.whitekongsoftware.com\/wp-content\/uploads\/2019\/02\/josepbort_Vilamarxant-1024x768.jpg 1024w\" sizes=\"auto, (max-width: 301px) 100vw, 301px\" \/><figcaption id=\"caption-attachment-82247\" class=\"wp-caption-text\">El diputat de Medi Ambient, Josep Bort, ha visitat aquest paratge acompanyat per l&#8217;alcalde del municipi, Jes\u00fas Montesinos.<\/figcaption><\/figure>\n<div>\n<div class=\"\">\n<div class=\"WordSection1\">\n<div class=\"\"><b class=\"\"><span class=\"\">El projecte de millora del paratge s\u2019ha realitzat amb una inversi\u00f3 total de 25.455 euros del Programa de Paratges Naturals Municipals<\/span><\/b><\/div>\n<\/div>\n<\/div>\n<div class=\"\"><b class=\"\"><span class=\"\">Josep Bort, diputat de Medi Ambient: \u201cEls ajuntament que cuiden els seus recursos naturals mostren una clara visi\u00f3 de present i de futur\u201d<\/span><\/b><\/div>\n<\/div>\n<\/div>\n<\/div>\n<\/div>\n<div class=\"\"><\/div>\n<div class=\"\">\n<div class=\"\">\n<div class=\"WordSection1\">\n<div class=\"\">\n<div>\n<div class=\"\">\n<div class=\"WordSection1\">\n<div class=\"\"><span class=\"\">El consistori de Vilamarxant ha condicionat i millorat l\u2019entorn del paratge natural \u2018Les Rodanes\u2019, situat al terme municipal de la localitat del Camp de T\u00faria, per tal de promoure el seu \u00fas com a espai did\u00e0ctic i d\u2019oci. El diputat de Medi Ambient, Josep Bort, ha visitat aquest paratge acompanyat per l\u2019alcalde del municipi, Jes\u00fas Montesinos, per a con\u00e8ixer els detalls de les obres.\u00a0 <\/span><\/div>\n<div class=\"\"><span class=\"\">\u00a0<\/span><\/div>\n<div class=\"\"><span class=\"\">El diputat de Medi Ambient, Josep Bort, ha assenyalat durant la visita que \u201chem de mirar el nostre territori amb les lents de la sostenibilitat i hem de posar en valor tot all\u00f2 que ens singularitza. I en aquest sentit, els ajuntament que cuiden els seus recursos naturals, mostren una clara visi\u00f3 de present i de futur\u201d. Bort, a m\u00e9s, ha subratllat que \u201cla resili\u00e8ncia dels nostres pobles passa necess\u00e0riament per tornar a apropar-nos a la natura i viure en harmonia amb aquesta\u201d. <\/span><\/div>\n<div class=\"\"><span class=\"\">\u00a0<\/span><\/div>\n<div class=\"\"><span class=\"\">Les obres de condicionament als indrets de Les Rodanes s\u2019han realitzat a les instal\u00b7lacions del nou centre did\u00e0ctic que ha habilitat l\u2019ajuntament de Vilamarxant amb la remodelaci\u00f3 d\u2019un antic corral de ramat. Aquestes han incl\u00f2s la construcci\u00f3 d\u2019una escalera d\u2019acc\u00e9s a la cuina de l\u2019alberg, la finalitzaci\u00f3 de la p\u00e8rgola del pati central i l\u2019adequaci\u00f3 de l\u2019aparcament. <\/span><\/div>\n<div class=\"\"><span class=\"\">\u00a0<\/span><\/div>\n<div class=\"\"><span class=\"\">El projecte s\u2019ha realitzat a trav\u00e9s del Programa de Paratges Naturals Municipals que desenvolupa l\u2019\u00e0rea de Medi Ambient de la instituci\u00f3 provincial. Les obres han tingut un cost total de 29.947,50 euros, dels que la Diputaci\u00f3 ha sufragat el 85% amb 25.455,37 euros, i el consistori el 15% restant amb 4.492,13 euros m\u00e9s. <\/span><\/div>\n<div class=\"\"><span class=\"\">\u00a0<\/span><\/div>\n<div class=\"\"><span class=\"\">Les actuacions han perm\u00e9s tamb\u00e9 la integraci\u00f3 paisatg\u00edstica de l\u2019acc\u00e9s al centre did\u00e0ctic i a l\u2019alberg, i la de l\u2019espai que ocupen la depuradora d\u2019aig\u00fces i els dip\u00f2sits. A m\u00e9s, s\u2019han impermeabilitzat l\u2019interior dels dip\u00f2sits d\u2019aigua per a l\u2019extinci\u00f3 d\u2019incendis, s\u2019han retirat els arbres morts per la plaga de \u201cTomicus\u201d i s\u2019han creat diverses feixines en les \u00e0rees de m\u00e0xima pendent. <\/span><\/div>\n<div class=\"\"><span class=\"\">\u00a0<\/span><\/div>\n<div class=\"\"><span class=\"\">Aquestes obres i millores contribueixen a la millora d\u2019un paratge natural que compta amb un elevat valor per la seua singularitat litol\u00f2gica i la pres\u00e8ncia de litologies sil\u00edcies de gresos del per\u00edode tri\u00e0sic, que tenen una pres\u00e8ncia escassa a la resta de la Comunitat Valenciana. L\u2019entorn de \u2018Les Rodanes\u2019 tamb\u00e9 alberga un elevat nombre d\u2019esp\u00e8cies vegetals amb un total de 170 taxons. <\/span><\/div>\n<div class=\"\"><span class=\"\">\u00a0<\/span><\/div>\n<\/div>\n<\/div>\n<div class=\"\">\n<div class=\"WordSection1\">\n<div class=\"\"><span class=\"\">Amb aquestes actuacions tamb\u00e9 es redueixen els efectes de l\u2019erosi\u00f3 per escorrentia, es millora la mobilitat dins del paratge i la seua biodiversitat. A m\u00e9s, el condicionament permet modificar el model de combustible des del punt de vista de l\u2019extinci\u00f3 d\u2019incendis forestals i reduir el risc d\u2019accidents. <\/span><\/div>\n<\/div>\n<\/div>\n<\/div>\n<\/div>\n<\/div>\n<\/div>\n<\/div>\n","protected":false},"excerpt":{"rendered":"<div class=\"mh-excerpt\">El projecte de millora del paratge s\u2019ha realitzat amb una inversi\u00f3 total de 25.455 euros del Programa de Paratges Naturals Municipals Josep Bort, diputat de Medi Ambient: \u201cEls ajuntament que cuiden els seus recursos naturals <a class=\"mh-excerpt-more\" href=\"https:\/\/tucomarca.whitekongsoftware.com\/ca\/vilamarxant-condiciona-el-paratge-natural-les-rodanes-amb-ajuda-de-la-diputacio\/\" title=\"Vilamarxant condiciona el paratge natural \u2018Les Rodanes\u2019 amb ajuda de la Diputaci\u00f3\">[+] <\/a><\/div>\n","protected":false},"author":2,"featured_media":82248,"comment_status":"open","ping_status":"open","sticky":false,"template":"","format":"standard","meta":{"footnotes":""},"categories":[10892,10898,10948,10903,10927],"tags":[10899,11090],"class_list":["post-82250","post","type-post","status-publish","format-standard","has-post-thumbnail","category-camp-de-turia-ca","category-ventana-ca","category-infraestructuras-ca","category-medio-ambiente-la-comarca-ca","category-vilamarxant-ca","tag-camp-de-turia-ca","tag-vilamarxant-ca"],"_links":{"self":[{"href":"https:\/\/tucomarca.whitekongsoftware.com\/ca\/wp-json\/wp\/v2\/posts\/82250","targetHints":{"allow":["GET"]}}],"collection":[{"href":"https:\/\/tucomarca.whitekongsoftware.com\/ca\/wp-json\/wp\/v2\/posts"}],"about":[{"href":"https:\/\/tucomarca.whitekongsoftware.com\/ca\/wp-json\/wp\/v2\/types\/post"}],"author":[{"embeddable":true,"href":"https:\/\/tucomarca.whitekongsoftware.com\/ca\/wp-json\/wp\/v2\/users\/2"}],"replies":[{"embeddable":true,"href":"https:\/\/tucomarca.whitekongsoftware.com\/ca\/wp-json\/wp\/v2\/comments?post=82250"}],"version-history":[{"count":0,"href":"https:\/\/tucomarca.whitekongsoftware.com\/ca\/wp-json\/wp\/v2\/posts\/82250\/revisions"}],"wp:featuredmedia":[{"embeddable":true,"href":"https:\/\/tucomarca.whitekongsoftware.com\/ca\/wp-json\/wp\/v2\/media\/82248"}],"wp:attachment":[{"href":"https:\/\/tucomarca.whitekongsoftware.com\/ca\/wp-json\/wp\/v2\/media?parent=82250"}],"wp:term":[{"taxonomy":"category","embeddable":true,"href":"https:\/\/tucomarca.whitekongsoftware.com\/ca\/wp-json\/wp\/v2\/categories?post=82250"},{"taxonomy":"post_tag","embeddable":true,"href":"https:\/\/tucomarca.whitekongsoftware.com\/ca\/wp-json\/wp\/v2\/tags?post=82250"}],"curies":[{"name":"wp","href":"https:\/\/api.w.org\/{rel}","templated":true}]}}