{"id":82101,"date":"2019-02-22T15:55:28","date_gmt":"2019-02-22T13:55:28","guid":{"rendered":"http:\/\/www.tucomarca.com\/wordpress\/segunda\/?p=82101"},"modified":"2019-02-22T15:55:28","modified_gmt":"2019-02-22T13:55:28","slug":"sanitat-reconeix-com-a-bona-practica-el-projecte-v-i-d-impulsat-al-municipi-dutiel","status":"publish","type":"post","link":"https:\/\/tucomarca.whitekongsoftware.com\/ca\/sanitat-reconeix-com-a-bona-practica-el-projecte-v-i-d-impulsat-al-municipi-dutiel\/","title":{"rendered":"Sanitat reconeix com a bona pr\u00e0ctica el projecte V.I.D impulsat al municipi d&#8217;Utiel"},"content":{"rendered":"<div class=\"page\" title=\"Page 1\">\n<div class=\"layoutArea\">\n<div class=\"column\">\n<figure id=\"attachment_82097\" aria-describedby=\"caption-attachment-82097\" style=\"width: 329px\" class=\"wp-caption alignleft\"><img loading=\"lazy\" decoding=\"async\" class=\" wp-image-82097\" src=\"http:\/\/www.tucomarca.com\/wordpress\/segunda\/wp-content\/uploads\/2019\/02\/Reconocimiento-Buena-Pr\u00e1ctica-proyecto-V.I.D-Utiel.jpg\" alt=\"Representantes del proyecto \u201cVulnerabilidad, Intervenci\u00f3n y Desarrollo Comunitario (V.I.D) de Utiel.\" width=\"329\" height=\"247\" srcset=\"https:\/\/tucomarca.whitekongsoftware.com\/wp-content\/uploads\/2019\/02\/Reconocimiento-Buena-Pr\u00e1ctica-proyecto-V.I.D-Utiel.jpg 1600w, https:\/\/tucomarca.whitekongsoftware.com\/wp-content\/uploads\/2019\/02\/Reconocimiento-Buena-Pr\u00e1ctica-proyecto-V.I.D-Utiel-300x225.jpg 300w, https:\/\/tucomarca.whitekongsoftware.com\/wp-content\/uploads\/2019\/02\/Reconocimiento-Buena-Pr\u00e1ctica-proyecto-V.I.D-Utiel-768x576.jpg 768w, https:\/\/tucomarca.whitekongsoftware.com\/wp-content\/uploads\/2019\/02\/Reconocimiento-Buena-Pr\u00e1ctica-proyecto-V.I.D-Utiel-1024x768.jpg 1024w\" sizes=\"auto, (max-width: 329px) 100vw, 329px\" \/><figcaption id=\"caption-attachment-82097\" class=\"wp-caption-text\">Representants del projecte &#8220;Vulnerabilitat, Intervenci\u00f3 i Desenvolupament Comunitari (V.I.D) d&#8217;Utiel.<\/figcaption><\/figure>\n<p><strong>Ahir recollien el guard\u00f3 representants del Centre de Salut P\u00fablica d&#8217;Utiel i de l&#8217;Ajuntament d&#8217;Utiel<\/strong><\/p>\n<p>La Conselleria de Sanitat Universal i Salut P\u00fablica reconeixia ahir a 37 projectes com Bones Pr\u00e0ctiques en el Sistema Valenci\u00e0 de Salut, entre els quals es trobava el projecte &#8220;Vulnerabilitat, Intervenci\u00f3 i Desenvolupament Comunitari (VID)&#8221; impulsat pel Centre de Salut P\u00fablica d&#8217;Utiel del Departament 8 de Requena. Aquest projecte ha comptat amb la col\u00b7laboraci\u00f3 de l&#8217;Ajuntament d&#8217;Utiel, Creu Roja Utiel i C\u00e0ritas Utiel., Unitat de Prevenci\u00f3 de Conductes Addictives, aix\u00ed com el Departament de Salut de Requena representat pel Centre de Salut d&#8217;Utiel i el Centre de Salut P\u00fablica.<\/p>\n<p>El secretari auton\u00f2mic de Salut P\u00fablica, Narc\u00eds V\u00e1zquez lliurava ahir els reconeixements durant la celebraci\u00f3 de les II Jornades de Bones Pr\u00e0ctiques en el Sistema Valenci\u00e0 de Salut que va tenir lloc a l&#8217;Aula Magna de la Facultat de Medicina i Odontologia de la Universitat de Val\u00e8ncia.<\/p>\n<p>El diploma de reconeixement al projecte V.I.D com a Bona Pr\u00e0ctica en el Sistema Valenci\u00e0 de Salut ho recollien Diana Ampolla, metgessa de la Unitat de Promoci\u00f3 de la Salut del Centre de Salut P\u00fablica de Utiel i la Regidora de Sanitat de l&#8217;Ajuntament d&#8217;Utiel, Noelia Mart\u00ednez.<\/p>\n<p>En concret, per a la convocat\u00f2ria 2018 es va tenir en compte la segona l\u00ednia estrat\u00e8gica del IV Pla de Salut de la Comunitat Valenciana, per la qual cosa s&#8217;han valorat actuacions grupals i comunit\u00e0ries destinades, fonamentalment, a la prevenci\u00f3 ia l&#8217;atenci\u00f3 de la cronicitat en les diferents etapes del cicle vital, com la que s&#8217;ha plantejat a trav\u00e9s del projecte VID<\/p>\n<p><strong>Projecte V.I.D Utiel<\/strong><\/p>\n<p>El projecte guardonat planteja com a principal objectiu formar en salut i donar poder a col\u00b7lectius en estat de vulnerabilitat dins l&#8217;\u00e0mbit local. Una formaci\u00f3 integral que s&#8217;ha desenvolupat a trav\u00e9s de diverses sessions informatives i que ha comptat no nom\u00e9s amb els professionals de salut del Centre de Salut P\u00fablica d&#8217;Utiel sin\u00f3 tamb\u00e9 per agents de salut formats pr\u00e8viament en el Programa MIHSALUD.<\/p>\n<p>Aquest any, durant els mesos de maig i juny, s&#8217;impartiran diversos tallers i xerrades informatives vinculades al projecte que abordaran temes sobre primers auxilis, viol\u00e8ncia de g\u00e8nere, cures de la inf\u00e0ncia i malalties de transmissi\u00f3 sexual entre d&#8217;altres. Uns tallers que estaran vinculats i seran valorats de cara al Pla municipal d&#8217;Ocupaci\u00f3 d&#8217;Emerg\u00e8ncia Social.<\/p>\n<\/div>\n<\/div>\n<\/div>\n","protected":false},"excerpt":{"rendered":"<div class=\"mh-excerpt\">Ahir recollien el guard\u00f3 representants del Centre de Salut P\u00fablica d&#8217;Utiel i de l&#8217;Ajuntament d&#8217;Utiel La Conselleria de Sanitat Universal i Salut P\u00fablica reconeixia ahir a 37 projectes com Bones Pr\u00e0ctiques en el Sistema Valenci\u00e0 <a class=\"mh-excerpt-more\" href=\"https:\/\/tucomarca.whitekongsoftware.com\/ca\/sanitat-reconeix-com-a-bona-practica-el-projecte-v-i-d-impulsat-al-municipi-dutiel\/\" title=\"Sanitat reconeix com a bona pr\u00e0ctica el projecte V.I.D impulsat al municipi d&#8217;Utiel\">[+] <\/a><\/div>\n","protected":false},"author":2,"featured_media":82098,"comment_status":"open","ping_status":"open","sticky":false,"template":"","format":"standard","meta":{"footnotes":""},"categories":[11010,10898,10894,10909,10896,11059],"tags":[11493,11459],"class_list":["post-82101","post","type-post","status-publish","format-standard","has-post-thumbnail","category-canal-salud","category-ventana-ca","category-la-comarca-ca","category-requena-utiel-ca","category-seccion-ca","category-utiel-ca","tag-proyecto-v-i-d-utiel-ca","tag-utiel-requena-ca"],"_links":{"self":[{"href":"https:\/\/tucomarca.whitekongsoftware.com\/ca\/wp-json\/wp\/v2\/posts\/82101","targetHints":{"allow":["GET"]}}],"collection":[{"href":"https:\/\/tucomarca.whitekongsoftware.com\/ca\/wp-json\/wp\/v2\/posts"}],"about":[{"href":"https:\/\/tucomarca.whitekongsoftware.com\/ca\/wp-json\/wp\/v2\/types\/post"}],"author":[{"embeddable":true,"href":"https:\/\/tucomarca.whitekongsoftware.com\/ca\/wp-json\/wp\/v2\/users\/2"}],"replies":[{"embeddable":true,"href":"https:\/\/tucomarca.whitekongsoftware.com\/ca\/wp-json\/wp\/v2\/comments?post=82101"}],"version-history":[{"count":0,"href":"https:\/\/tucomarca.whitekongsoftware.com\/ca\/wp-json\/wp\/v2\/posts\/82101\/revisions"}],"wp:featuredmedia":[{"embeddable":true,"href":"https:\/\/tucomarca.whitekongsoftware.com\/ca\/wp-json\/wp\/v2\/media\/82098"}],"wp:attachment":[{"href":"https:\/\/tucomarca.whitekongsoftware.com\/ca\/wp-json\/wp\/v2\/media?parent=82101"}],"wp:term":[{"taxonomy":"category","embeddable":true,"href":"https:\/\/tucomarca.whitekongsoftware.com\/ca\/wp-json\/wp\/v2\/categories?post=82101"},{"taxonomy":"post_tag","embeddable":true,"href":"https:\/\/tucomarca.whitekongsoftware.com\/ca\/wp-json\/wp\/v2\/tags?post=82101"}],"curies":[{"name":"wp","href":"https:\/\/api.w.org\/{rel}","templated":true}]}}