{"id":81886,"date":"2019-02-19T14:50:43","date_gmt":"2019-02-19T12:50:43","guid":{"rendered":"http:\/\/www.tucomarca.com\/wordpress\/segunda\/?p=81886"},"modified":"2019-02-19T14:50:43","modified_gmt":"2019-02-19T12:50:43","slug":"tot-preparat-per-a-la-quarta-edicio-de-graffitea-xest","status":"publish","type":"post","link":"https:\/\/tucomarca.whitekongsoftware.com\/ca\/tot-preparat-per-a-la-quarta-edicio-de-graffitea-xest\/","title":{"rendered":"Tot preparat per a la quarta edici\u00f3 de Graffitea Xest"},"content":{"rendered":"<figure id=\"attachment_68777\" aria-describedby=\"caption-attachment-68777\" style=\"width: 493px\" class=\"wp-caption alignleft\"><img loading=\"lazy\" decoding=\"async\" class=\" wp-image-68777\" src=\"http:\/\/www.tucomarca.com\/wordpress\/segunda\/wp-content\/uploads\/2018\/05\/180506_RutaGraffitea16.jpeg\" alt=\"Una imagen de la edici\u00f3n del a\u00f1o pasado de Graffitea.\" width=\"493\" height=\"329\" srcset=\"https:\/\/tucomarca.whitekongsoftware.com\/wp-content\/uploads\/2018\/05\/180506_RutaGraffitea16.jpeg 5184w, https:\/\/tucomarca.whitekongsoftware.com\/wp-content\/uploads\/2018\/05\/180506_RutaGraffitea16-300x200.jpeg 300w, https:\/\/tucomarca.whitekongsoftware.com\/wp-content\/uploads\/2018\/05\/180506_RutaGraffitea16-768x512.jpeg 768w, https:\/\/tucomarca.whitekongsoftware.com\/wp-content\/uploads\/2018\/05\/180506_RutaGraffitea16-1024x683.jpeg 1024w\" sizes=\"auto, (max-width: 493px) 100vw, 493px\" \/><figcaption id=\"caption-attachment-68777\" class=\"wp-caption-text\">Una imatge de l&#8217;edici\u00f3 de l&#8217;any passat de Graffitea.<\/figcaption><\/figure>\n<p>Xest ja s&#8217;est\u00e0 preparant per a una nova edici\u00f3 del festival internacional d&#8217;art urb\u00e0, Graffitea, que enguany Una imatge de l&#8217;edici\u00f3 de l&#8217;any passat de Graffitea.<\/p>\n<p>Tal com expliquen des de l&#8217;organitzaci\u00f3, a c\u00e0rrec de la regidoria de Cultura i del col\u00b7lectiu Wall Arttitude, la filosofia del festival va &#8220;m\u00e9s enll\u00e0 de realitzar una s\u00e8rie d&#8217;intervencions murals&#8221;. El seu objectiu, afirmen, \u00e9s &#8220;fer unes jornades de cultura i art urb\u00e0 completes&#8221;.<\/p>\n<p>&#8220;En totes les edicions hem comptat amb intervencions murals, per\u00f2 tamb\u00e9 s&#8217;han programat confer\u00e8ncies sobre art, tallers de stencil i graffiti i una ruta amb explicacions per part d&#8217;un expert i dels i les artistes de les peces realitzades, de manera que el p\u00fablic pot establir un di\u00e0leg directe amb els i les artistes i con\u00e8ixer al detall els treballs realitzats &#8220;, declara la regidora de Cultura, M\u00aa \u00c1ngeles Llorente. &#8220;A m\u00e9s, Graffitea proposa als ve\u00efns i ve\u00efnes poder veure de prop el proc\u00e9s creatiu que duen a terme artistes de diferents parts del m\u00f3n, amb diferents t\u00e8cniques i m\u00e8todes de treball. El festival ha gaudit d&#8217;una gran acollida al llarg d&#8217;aquests anys; de fet, en la primera edici\u00f3 dels murs intervinguts eren parets municipals, per\u00f2 amb el temps augmenten les cessions de murs privats dels ve\u00efns i ve\u00efnes de Xest &#8220;.<\/p>\n<p>Concurs per a alumnat dels centres educatius de Xest<\/p>\n<p>Llorente ha anunciat que, com a novetat en aquesta edici\u00f3, durant el mes de febrer els artistes del col\u00b7lectiu Wall Arttitude dirigiran unes xerrades que es faran a les escoles de la localitat amb la finalitat que l&#8217;alumnat participi en el &#8220;I Concurs de Dibuix de Graffitea &#8220;.<\/p>\n<p>Els treballs s&#8217;hauran de lliurar abans del 11 de mar\u00e7 i s&#8217;exposaran el 5 d&#8217;abril, coincidint amb de lliurament de premis i l&#8217;acte d&#8217;obertura de la quarta edici\u00f3 de Graffitea Xest. Concretament, el lliurament de premis es far\u00e0 a les 19 hores a la sala d&#8217;actes de la Caixa Rural de Xest i, tot seguit, s&#8217;inaugurar\u00e0 l&#8217;exposici\u00f3 a la sala de plens de l&#8217;Ajuntament.<\/p>\n<p>El 21 de mar\u00e7, a les 11 hores, al Centre del Carme de Cultura Contempor\u00e0nia de Val\u00e8ncia acollir\u00e0 la roda de premsa de Graffitea Xest 2019.<\/p>\n<p>Graffitea 2019 \u00b7 Quarta edici\u00f3<\/p>\n<p>Al llarg de tres edicions, m\u00e9s de 50 d&#8217;artistes d&#8217;art urb\u00e0, nacionals i internacionals, han intervingut parets i murs en nombrosos espais de la localitat. Graffitea Xest arriba aix\u00ed a la seva quarta edici\u00f3 com un festival consolidat i reconegut, a nivell local i dins i fora d&#8217;Espanya.<\/p>\n<p>Des del pr\u00f2xim 1 d&#8217;abril fins al dia 7 seran sis els artistes participants que executaran les seves obres a Xest, al costat dels artistes de Wall Arttitude qui, com cada any, faran murals tem\u00e0tics en diferents punts de la localitat. Com en cada edici\u00f3, l&#8217;organitzaci\u00f3 realitzar\u00e0 una ruta que passar\u00e0 per totes intervencions, en la qual un especialista de Wall Arttitude explicar\u00e0 cada pe\u00e7a. Ser\u00e0 el diumenge 7 d&#8217;abril a la tarda.<\/p>\n","protected":false},"excerpt":{"rendered":"<div class=\"mh-excerpt\">Xest ja s&#8217;est\u00e0 preparant per a una nova edici\u00f3 del festival internacional d&#8217;art urb\u00e0, Graffitea, que enguany Una imatge de l&#8217;edici\u00f3 de l&#8217;any passat de Graffitea. Tal com expliquen des de l&#8217;organitzaci\u00f3, a c\u00e0rrec de <a class=\"mh-excerpt-more\" href=\"https:\/\/tucomarca.whitekongsoftware.com\/ca\/tot-preparat-per-a-la-quarta-edicio-de-graffitea-xest\/\" title=\"Tot preparat per a la quarta edici\u00f3 de Graffitea Xest\">[+] <\/a><\/div>\n","protected":false},"author":1,"featured_media":81884,"comment_status":"open","ping_status":"open","sticky":false,"template":"","format":"standard","meta":{"footnotes":""},"categories":[11019,10912,11007,11063,10896,10974],"tags":[11109],"class_list":["post-81886","post","type-post","status-publish","format-standard","has-post-thumbnail","category-agenda-ca","category-la-hoya-ca","category-ocio-y-cultura-ca","category-pintura-ca","category-seccion-ca","category-cheste-ca","tag-xest"],"_links":{"self":[{"href":"https:\/\/tucomarca.whitekongsoftware.com\/ca\/wp-json\/wp\/v2\/posts\/81886","targetHints":{"allow":["GET"]}}],"collection":[{"href":"https:\/\/tucomarca.whitekongsoftware.com\/ca\/wp-json\/wp\/v2\/posts"}],"about":[{"href":"https:\/\/tucomarca.whitekongsoftware.com\/ca\/wp-json\/wp\/v2\/types\/post"}],"author":[{"embeddable":true,"href":"https:\/\/tucomarca.whitekongsoftware.com\/ca\/wp-json\/wp\/v2\/users\/1"}],"replies":[{"embeddable":true,"href":"https:\/\/tucomarca.whitekongsoftware.com\/ca\/wp-json\/wp\/v2\/comments?post=81886"}],"version-history":[{"count":0,"href":"https:\/\/tucomarca.whitekongsoftware.com\/ca\/wp-json\/wp\/v2\/posts\/81886\/revisions"}],"wp:featuredmedia":[{"embeddable":true,"href":"https:\/\/tucomarca.whitekongsoftware.com\/ca\/wp-json\/wp\/v2\/media\/81884"}],"wp:attachment":[{"href":"https:\/\/tucomarca.whitekongsoftware.com\/ca\/wp-json\/wp\/v2\/media?parent=81886"}],"wp:term":[{"taxonomy":"category","embeddable":true,"href":"https:\/\/tucomarca.whitekongsoftware.com\/ca\/wp-json\/wp\/v2\/categories?post=81886"},{"taxonomy":"post_tag","embeddable":true,"href":"https:\/\/tucomarca.whitekongsoftware.com\/ca\/wp-json\/wp\/v2\/tags?post=81886"}],"curies":[{"name":"wp","href":"https:\/\/api.w.org\/{rel}","templated":true}]}}