{"id":81852,"date":"2019-02-18T15:39:29","date_gmt":"2019-02-18T13:39:29","guid":{"rendered":"http:\/\/www.tucomarca.com\/wordpress\/segunda\/?p=81852"},"modified":"2019-02-18T15:39:29","modified_gmt":"2019-02-18T13:39:29","slug":"video-la-plataforma-demana-a-lalcaldessa-que-es-replentee-la-seua-continuitat-davant-larribada-aquest-dilluns-duna-desena-de-menors-a-lalberg-dalboraig","status":"publish","type":"post","link":"https:\/\/tucomarca.whitekongsoftware.com\/ca\/video-la-plataforma-demana-a-lalcaldessa-que-es-replentee-la-seua-continuitat-davant-larribada-aquest-dilluns-duna-desena-de-menors-a-lalberg-dalboraig\/","title":{"rendered":"V\u00eddeo: La plataforma demana a l&#8217;alcaldessa que es &#8220;replentee la seua continu\u00eftat&#8221; davant l&#8217;arribada aquest dilluns d&#8217;una desena de menors a l&#8217;Alberg d&#8217;Alboraig"},"content":{"rendered":"<p>La Plataforma Ciutadana Independent d&#8217;Alborache (PCIA) ha demanat a l&#8217;alcaldessa de la localitat, la socialista Paqui Collado, &#8220;explicacions davant l&#8217;arribada d&#8217;un nombre d&#8217;entre onze i tretze menors que s&#8217;han incorporat aquest dilluns a l&#8217;Alberg de la localitat, com hem tingut const\u00e0ncia aquest mateix mat\u00ed &#8220;, segons han informat des de la PCIA.<\/p>\n<p>&#8220;Ens agradaria que l&#8217;alcaldessa ens expliqu\u00e9s com s&#8217;ha dut a terme aquest trasllat, at\u00e8s que la mesura sembla haver-se realitzat amb el desconeixement total de l&#8217;Ajuntament, cosa que, sincerament, ens sembla poc cre\u00efble. I si fos aix\u00ed -han afegit des de la plataforma- l&#8217;alcaldessa hauria de plantejar-se seriosament la seva continu\u00eftat al capdavant de l&#8217;Ajuntament &#8220;, com han manifestat des de la plataforma ve\u00efnal.<\/p>\n<p>De fet, dies enrere la Plataforma Ciutadana Independent d&#8217;Alborache demanava que es &#8220;descart\u00e9s, no que s&#8217;ajorn\u00e9s&#8221;, l&#8217;Alberg Torre d&#8217;Alborache com el centre de recepci\u00f3 de menors, davant les afirmacions de l&#8217;alcaldessa, Paqui Collado, que el trasllat de moment no va fer per falta de llic\u00e8ncia la plataforma no canviar\u00e0 la seva manera de &#8220;. Un trasllat que s&#8217;ha produ\u00eft aquest mateix dilluns com testifica el v\u00eddeo que incorpora aquesta informaci\u00f3, facilitat per la pr\u00f2pia plataforma.<\/p>\n<p><strong>Seguiran les protestes<\/strong><\/p>\n<p>Amb antelaci\u00f3 a l&#8217;arribada dels menors, des de la plataforma ja havien anunciat que continuaran &#8220;amb les protestes, la consulta legal i amb tots els passos necessaris per aconseguir que la Generalitat canvi\u00ef de postura i disposi d&#8217;un lloc adequat per atendre com cal a aquests menors perqu\u00e8 el motiu pel qual rebutgem aquest centre no \u00e9s per ser poc humans i per infondre temor i xenof\u00f2bia entre els ve\u00efns, com ens ha acusat l&#8217;alcaldessa d&#8217;Alborache &#8220;, han afegit des de la PCIA.<\/p>\n<p>&#8220;La nostra poblaci\u00f3 no est\u00e0 preparada per rebre a diverses desenes de menors, es parla d&#8217;entorn a uns 80, en r\u00e8gim obert i sense comptar amb la vigil\u00e0ncia en els nostres carrers de policia ni Gu\u00e0rdia Civil davant de qualsevol incid\u00e8ncia com les ocorregudes en el municipi ve\u00ed de Bunyol &#8220;.<\/p>\n<p>&#8220;Alborache no t\u00e9 oferta cultural, esportiva o d&#8217;oci per a aquests joves que si poden oferir altres localitats m\u00e9s grans. No es tracta de racisme, com ens acusa Paqui Collado, sin\u00f3 de responsabilitat. La d&#8217;atendre i oferir opcions a uns menors que per necessitat han arribat al nostre pa\u00eds sols i als que sens dubte cal atendre i ajudar &#8220;, han afegit des de la plataforma.<\/p>\n<p><strong>&#8220;Acusacions de xenof\u00f2bia&#8221;<\/strong><\/p>\n<p>La PCIA ha reclamat tamb\u00e9 a l&#8217;alcaldessa d&#8217;Alborache que &#8220;rectifiqui les seves acusacions de xenof\u00f2bia cap a la nostra entitat i no descartem emprendre accions judicials per aquestes greus declaracions. Davant la manca de resposta per part de la vicepresidenta del Consell, M\u00f3nica Oltra, responsable de l&#8217; decisi\u00f3 del trasllat la plataforma mantindr\u00e0 i endurir\u00e0 les seves protestes. Cada dijous els ve\u00efns estan convocats a una cassolada a la pla\u00e7a Salvador Mart\u00ednez per a expressar la seva oposici\u00f3 &#8220;.<\/p>\n<p>De fet, dijous passat, &#8220;120 ve\u00efns d&#8217;Alborache per\u00f2 tamb\u00e9 de Y\u00e1tova i Macastre, han participat en la primera de les protestes. A m\u00e9s s&#8217;han sol\u00b7licitat ja permisos per manifestar-nos davant la seu de les Corts Valencianes perqu\u00e8 tots els diputats i membres del govern valenci\u00e0 coneguin de primera m\u00e0 la nostra situaci\u00f3 &#8220;, han finalitzat des de la PCIA.<\/p>\n","protected":false},"excerpt":{"rendered":"<div class=\"mh-excerpt\">La Plataforma Ciutadana Independent d&#8217;Alborache (PCIA) ha demanat a l&#8217;alcaldessa de la localitat, la socialista Paqui Collado, &#8220;explicacions davant l&#8217;arribada d&#8217;un nombre d&#8217;entre onze i tretze menors que s&#8217;han incorporat aquest dilluns a l&#8217;Alberg de <a class=\"mh-excerpt-more\" href=\"https:\/\/tucomarca.whitekongsoftware.com\/ca\/video-la-plataforma-demana-a-lalcaldessa-que-es-replentee-la-seua-continuitat-davant-larribada-aquest-dilluns-duna-desena-de-menors-a-lalberg-dalboraig\/\" title=\"V\u00eddeo: La plataforma demana a l&#8217;alcaldessa que es &#8220;replentee la seua continu\u00eftat&#8221; davant l&#8217;arribada aquest dilluns d&#8217;una desena de menors a l&#8217;Alberg d&#8217;Alboraig\">[+] <\/a><\/div>\n","protected":false},"author":1,"featured_media":81849,"comment_status":"open","ping_status":"open","sticky":false,"template":"","format":"standard","meta":{"footnotes":""},"categories":[10911,10898,10948,10894,10904,10912,10947,10896,10897,11062],"tags":[11153],"class_list":["post-81852","post","type-post","status-publish","format-standard","has-post-thumbnail","category-bunol-ca","category-ventana-ca","category-infraestructuras-ca","category-la-comarca-ca","category-sin-categorizar-ca","category-la-hoya-ca","category-politica","category-seccion-ca","category-sucesos-la-comarca-ca","category-videos","tag-alboraig"],"_links":{"self":[{"href":"https:\/\/tucomarca.whitekongsoftware.com\/ca\/wp-json\/wp\/v2\/posts\/81852","targetHints":{"allow":["GET"]}}],"collection":[{"href":"https:\/\/tucomarca.whitekongsoftware.com\/ca\/wp-json\/wp\/v2\/posts"}],"about":[{"href":"https:\/\/tucomarca.whitekongsoftware.com\/ca\/wp-json\/wp\/v2\/types\/post"}],"author":[{"embeddable":true,"href":"https:\/\/tucomarca.whitekongsoftware.com\/ca\/wp-json\/wp\/v2\/users\/1"}],"replies":[{"embeddable":true,"href":"https:\/\/tucomarca.whitekongsoftware.com\/ca\/wp-json\/wp\/v2\/comments?post=81852"}],"version-history":[{"count":0,"href":"https:\/\/tucomarca.whitekongsoftware.com\/ca\/wp-json\/wp\/v2\/posts\/81852\/revisions"}],"wp:featuredmedia":[{"embeddable":true,"href":"https:\/\/tucomarca.whitekongsoftware.com\/ca\/wp-json\/wp\/v2\/media\/81849"}],"wp:attachment":[{"href":"https:\/\/tucomarca.whitekongsoftware.com\/ca\/wp-json\/wp\/v2\/media?parent=81852"}],"wp:term":[{"taxonomy":"category","embeddable":true,"href":"https:\/\/tucomarca.whitekongsoftware.com\/ca\/wp-json\/wp\/v2\/categories?post=81852"},{"taxonomy":"post_tag","embeddable":true,"href":"https:\/\/tucomarca.whitekongsoftware.com\/ca\/wp-json\/wp\/v2\/tags?post=81852"}],"curies":[{"name":"wp","href":"https:\/\/api.w.org\/{rel}","templated":true}]}}