{"id":81808,"date":"2019-02-18T14:00:01","date_gmt":"2019-02-18T12:00:01","guid":{"rendered":"http:\/\/www.tucomarca.com\/wordpress\/segunda\/?p=81808"},"modified":"2019-02-18T14:00:24","modified_gmt":"2019-02-18T12:00:24","slug":"el-pilot-bunyolense-vicente-galarza-arrenca-la-temporada-de-motodes-tercer-en-la-prova-de-crevillent","status":"publish","type":"post","link":"https:\/\/tucomarca.whitekongsoftware.com\/ca\/el-pilot-bunyolense-vicente-galarza-arrenca-la-temporada-de-motodes-tercer-en-la-prova-de-crevillent\/","title":{"rendered":"El pilot bunyolense Vicente Galarza arrenca la temporada de MotoDes tercer en la prova de Crevillent"},"content":{"rendered":"<figure id=\"attachment_81805\" aria-describedby=\"caption-attachment-81805\" style=\"width: 531px\" class=\"wp-caption alignleft\"><img loading=\"lazy\" decoding=\"async\" class=\" wp-image-81805\" src=\"http:\/\/www.tucomarca.com\/wordpress\/segunda\/wp-content\/uploads\/2019\/02\/VinMCBunol.jpg\" alt=\"El piloto bu\u00f1olense ha subido al tercer escal\u00f3n del caj\u00f3n.\" width=\"531\" height=\"398\" \/><figcaption id=\"caption-attachment-81805\" class=\"wp-caption-text\">El pilot bu\u00f1olense ha pujat al tercer esgla\u00f3 del calaix.<\/figcaption><\/figure>\n<p>Aquest dissabte passat, 16 de febrer, es va celebrar la primera prova del campionat de MotoDes amb l&#8217;especialitat de Motocr\u00f2s; seva XIX Motocr\u00f2s Internacional de Crevillent, 15\u00e8 Memorial J. M. Perez \u00abCarni\u00bb.<\/p>\n<p>All\u00e0 el gran petit pilot del Moto Club Bunyol de la categoria MX 65, Vicente Galarza Agustina, va poder lluitar amb els m\u00e9s grans de la seva categoria i al final aconseguir pujar al podi en tercera posici\u00f3, el que diu molt de cara a aquest dur campionat on ning\u00fa vol perdre ni un mil\u00b7l\u00edmetre en les carreres.<\/p>\n<p>Per aquest comen\u00e7ament, el mateix Vin 34 comentava que ha estat \u00abuna dura cursa que al final hem aconseguit aquesta tercera posici\u00f3 quedant molt satisfets per ser la primera prova de Motocr\u00f2s de la temporada\u00bb.<\/p>\n<p>Dissabte que ve ve la segona prova de Pequenduro a Cabanes \u00abi hem de seguir igual de forts ja que vaig primer a la taula de classificaci\u00f3 general\u00bb, ha finalitzat el jove pilot. Informa, Elio Zan\u00f3n.<\/p>\n","protected":false},"excerpt":{"rendered":"<div class=\"mh-excerpt\">Aquest dissabte passat, 16 de febrer, es va celebrar la primera prova del campionat de MotoDes amb l&#8217;especialitat de Motocr\u00f2s; seva XIX Motocr\u00f2s Internacional de Crevillent, 15\u00e8 Memorial J. M. Perez \u00abCarni\u00bb. All\u00e0 el gran <a class=\"mh-excerpt-more\" href=\"https:\/\/tucomarca.whitekongsoftware.com\/ca\/el-pilot-bunyolense-vicente-galarza-arrenca-la-temporada-de-motodes-tercer-en-la-prova-de-crevillent\/\" title=\"El pilot bunyolense Vicente Galarza arrenca la temporada de MotoDes tercer en la prova de Crevillent\">[+] <\/a><\/div>\n","protected":false},"author":1,"featured_media":81806,"comment_status":"open","ping_status":"open","sticky":false,"template":"","format":"standard","meta":{"footnotes":""},"categories":[10911,11003,10912,11011,10896],"tags":[11314,11264],"class_list":["post-81808","post","type-post","status-publish","format-standard","has-post-thumbnail","category-bunol-ca","category-sports","category-la-hoya-ca","category-motociclismo-ca","category-seccion-ca","tag-bunyol-ca","tag-esports-ca"],"_links":{"self":[{"href":"https:\/\/tucomarca.whitekongsoftware.com\/ca\/wp-json\/wp\/v2\/posts\/81808","targetHints":{"allow":["GET"]}}],"collection":[{"href":"https:\/\/tucomarca.whitekongsoftware.com\/ca\/wp-json\/wp\/v2\/posts"}],"about":[{"href":"https:\/\/tucomarca.whitekongsoftware.com\/ca\/wp-json\/wp\/v2\/types\/post"}],"author":[{"embeddable":true,"href":"https:\/\/tucomarca.whitekongsoftware.com\/ca\/wp-json\/wp\/v2\/users\/1"}],"replies":[{"embeddable":true,"href":"https:\/\/tucomarca.whitekongsoftware.com\/ca\/wp-json\/wp\/v2\/comments?post=81808"}],"version-history":[{"count":0,"href":"https:\/\/tucomarca.whitekongsoftware.com\/ca\/wp-json\/wp\/v2\/posts\/81808\/revisions"}],"wp:featuredmedia":[{"embeddable":true,"href":"https:\/\/tucomarca.whitekongsoftware.com\/ca\/wp-json\/wp\/v2\/media\/81806"}],"wp:attachment":[{"href":"https:\/\/tucomarca.whitekongsoftware.com\/ca\/wp-json\/wp\/v2\/media?parent=81808"}],"wp:term":[{"taxonomy":"category","embeddable":true,"href":"https:\/\/tucomarca.whitekongsoftware.com\/ca\/wp-json\/wp\/v2\/categories?post=81808"},{"taxonomy":"post_tag","embeddable":true,"href":"https:\/\/tucomarca.whitekongsoftware.com\/ca\/wp-json\/wp\/v2\/tags?post=81808"}],"curies":[{"name":"wp","href":"https:\/\/api.w.org\/{rel}","templated":true}]}}