{"id":81654,"date":"2019-02-14T22:18:37","date_gmt":"2019-02-14T20:18:37","guid":{"rendered":"http:\/\/www.tucomarca.com\/wordpress\/segunda\/?p=81654"},"modified":"2019-02-14T22:18:37","modified_gmt":"2019-02-14T20:18:37","slug":"zulima-perez-shan-vetat-uns-pressupostos-que-concedien-84-milions-deuros-per-a-lelectrificacio-de-la-c-3-en-el-tram-valencia-bunyol","status":"publish","type":"post","link":"https:\/\/tucomarca.whitekongsoftware.com\/ca\/zulima-perez-shan-vetat-uns-pressupostos-que-concedien-84-milions-deuros-per-a-lelectrificacio-de-la-c-3-en-el-tram-valencia-bunyol\/","title":{"rendered":"Zulima P\u00e9rez: &#8220;S&#8217;han vetat uns pressupostos que concedien 84 milions d&#8217;euros per a l&#8217;electrificaci\u00f3 de la C-3 en el tram Val\u00e8ncia-Bunyol&#8221;"},"content":{"rendered":"<figure id=\"attachment_81649\" aria-describedby=\"caption-attachment-81649\" style=\"width: 533px\" class=\"wp-caption alignleft\"><img loading=\"lazy\" decoding=\"async\" class=\" wp-image-81649\" src=\"http:\/\/www.tucomarca.com\/wordpress\/segunda\/wp-content\/uploads\/2019\/02\/PSOEMata.jpeg\" alt=\"La subsecretaria de Hacienda ha incidido en que la no aprobaci\u00f3n de los Presupuestos Generales del Estado \u201ces una mala noticia para todos los valencianos y las valencianas\u201d que podr\u00edan haber tenido \u201cunos Presupuestos que hubiesen ayudado mucho a mejorar la Comunitat y a blindar el bienestar de su gente\u201d. \" width=\"533\" height=\"400\" srcset=\"https:\/\/tucomarca.whitekongsoftware.com\/wp-content\/uploads\/2019\/02\/PSOEMata.jpeg 1600w, https:\/\/tucomarca.whitekongsoftware.com\/wp-content\/uploads\/2019\/02\/PSOEMata-300x225.jpeg 300w, https:\/\/tucomarca.whitekongsoftware.com\/wp-content\/uploads\/2019\/02\/PSOEMata-768x576.jpeg 768w, https:\/\/tucomarca.whitekongsoftware.com\/wp-content\/uploads\/2019\/02\/PSOEMata-1024x768.jpeg 1024w\" sizes=\"auto, (max-width: 533px) 100vw, 533px\" \/><figcaption id=\"caption-attachment-81649\" class=\"wp-caption-text\">La subsecret\u00e0ria d&#8217;Hisenda ha incidit que la no aprovaci\u00f3 dels pressupostos generals de l&#8217;Estat &#8220;\u00e9s una mala not\u00edcia per a tots els valencians i les valencianes&#8221; que podrien haver tingut &#8220;uns pressupostos que haguessin ajudat molt a millorar la Comunitat ja blindar el benestar de la seva gent &#8220;.<\/figcaption><\/figure>\n<p>La subsecret\u00e0ria d&#8217;Hisenda i Model Econ\u00f2mic de la Generalitat Valenciana, Zulima P\u00e9rez, ha participat aquest dijous en un acte al costat del portaveu del PSPV-PSOE a les Corts Valencianes, Manolo Mata, i l&#8217;alcaldessa de Bunyol i regidora d&#8217;Hisenda, Jonquera Carrascosa, on han explicat els Pressupostos de la Generalitat 2019 i han fet balan\u00e7 dels tres anys i mig del Consell de Ximo Puig. Durant la seva intervenci\u00f3, Zulima P\u00e9rez ha lamentat &#8220;les inversions milion\u00e0ries que perdr\u00e0 Bunyol i la seva comarca per l&#8217;alian\u00e7a de la dreta i els independentistes ahir al Congr\u00e9s. El veto als pressupostos generals suposa tombar la soluci\u00f3 a una de les reivindicaci\u00f3 hist\u00f2riques d&#8217;aquesta comarca, l&#8217;electrificaci\u00f3 de la C3 fins Bunyol &#8220;, ha indicat la dirigent socialista.<\/p>\n<p>Concretament, ha explicat Zulima P\u00e9rez, &#8220;desapareixeran els 84 milions d&#8217;euros que el Govern de Pedro S\u00e1nchez havia contemplat per dignificar les connexions de rodalies entre els municipis de l&#8217;interior amb Val\u00e8ncia&#8221;. Aix\u00ed mateix, la subsecret\u00e0ria d&#8217;Hisenda ha retret que el pacte de la dreta torna a bloquejar la construcci\u00f3 del centre penitenciari Llevant II de Set Aig\u00fces. &#8220;Els 33,5 milions d&#8217;euros previstos per reaunudar un projecte que el PP va condemnar a l&#8217;oblit tamb\u00e9 desapareixen, aix\u00ed com la partida destinada a l&#8217;estudi del tercer carril al tram Bunyol-Xiva de l&#8217;Autovia A-3. &#8220;La no aprovaci\u00f3 dels pressupostos generals de l&#8217;Estat \u00e9s una mala not\u00edcia per a tots els valencians i les valencianes, que per primera vegada en la hist\u00f2ria ten\u00edem unes inversions d&#8217;acord al nostre pes poblacional&#8221;.<\/p>\n<p>Per la seva banda, el portaveu del PSPV-PSOE a les Corts Valencianes, Manolo Mata, ha explicat que &#8220;el govern del Bot\u00e0nic s&#8217;ha esfor\u00e7at durant aquests tres anys i mig a crear una economia basada en el coneixement, la innovaci\u00f3 i la creaci\u00f3 de m\u00e9s llocs de treball &#8220;En aquesta mateixa l\u00ednia, Mata ha assegurat que l&#8217;objectiu central dels socialistes ha estat &#8220;que els valencians i valencianes puguen. desenvolupar el seu projecte de futur amb total autonomia, independ\u00e8ncia i llibertat&#8221;. El s\u00edndic ha volgut recordar que &#8220;aquest govern ha abaixat els impostos a 1.600.000 valencians i valencianes amb un nivell de renda per sota de 50.000 euros&#8221;. &#8220;Hem acabat amb el sistema fiscal m\u00e9s regressiu de la hist\u00f2ria&#8221; ha concl\u00f2s.<\/p>\n<p>L&#8217;alcaldessa de Bunyol i regidora d&#8217;Hisenda, Jonquera Carrascosa, ha destacat que &#8220;el Consell de Ximo Puig invertir\u00e0 m\u00e9s de 240.000 euros a la localitat per mantenir els centre d&#8217;atenci\u00f3 social per a persones amb diversitat funcional&#8221;. Carrascosa ha incidit que &#8220;gr\u00e0cies a les pol\u00edtiques posades en marxa pel govern de Ximo Puig, s&#8217;han pogut recuperar els drets socials de tots els valencians i les valencianes, un dels pilars b\u00e0sics pels quals ha treballat aquest govern&#8221;. Aix\u00ed mateix, l&#8217;alcaldessa de la localitat ha assenyalat que la Generalitat invertir\u00e0 aquest any a la comarca de la Foia de Bunyol-Xiva &#8220;m\u00e9s de 691.000 euros en pol\u00edtiques socials&#8221;, una xifra que suposa que cada dia es destinen &#8220;m\u00e9s de 1.800 euros en la comarca a pol\u00edtiques per millorar la vida de les persones i blindar el seu benestar &#8220;.<\/p>\n","protected":false},"excerpt":{"rendered":"<div class=\"mh-excerpt\">La subsecret\u00e0ria d&#8217;Hisenda i Model Econ\u00f2mic de la Generalitat Valenciana, Zulima P\u00e9rez, ha participat aquest dijous en un acte al costat del portaveu del PSPV-PSOE a les Corts Valencianes, Manolo Mata, i l&#8217;alcaldessa de Bunyol <a class=\"mh-excerpt-more\" href=\"https:\/\/tucomarca.whitekongsoftware.com\/ca\/zulima-perez-shan-vetat-uns-pressupostos-que-concedien-84-milions-deuros-per-a-lelectrificacio-de-la-c-3-en-el-tram-valencia-bunyol\/\" title=\"Zulima P\u00e9rez: &#8220;S&#8217;han vetat uns pressupostos que concedien 84 milions d&#8217;euros per a l&#8217;electrificaci\u00f3 de la C-3 en el tram Val\u00e8ncia-Bunyol&#8221;\">[+] <\/a><\/div>\n","protected":false},"author":1,"featured_media":81653,"comment_status":"open","ping_status":"open","sticky":false,"template":"","format":"standard","meta":{"footnotes":""},"categories":[10911,10898,10948,10894,10904,10912,10947,10896],"tags":[10913,11314],"class_list":["post-81654","post","type-post","status-publish","format-standard","has-post-thumbnail","category-bunol-ca","category-ventana-ca","category-infraestructuras-ca","category-la-comarca-ca","category-sin-categorizar-ca","category-la-hoya-ca","category-politica","category-seccion-ca","tag-bunol-ca","tag-bunyol-ca"],"_links":{"self":[{"href":"https:\/\/tucomarca.whitekongsoftware.com\/ca\/wp-json\/wp\/v2\/posts\/81654","targetHints":{"allow":["GET"]}}],"collection":[{"href":"https:\/\/tucomarca.whitekongsoftware.com\/ca\/wp-json\/wp\/v2\/posts"}],"about":[{"href":"https:\/\/tucomarca.whitekongsoftware.com\/ca\/wp-json\/wp\/v2\/types\/post"}],"author":[{"embeddable":true,"href":"https:\/\/tucomarca.whitekongsoftware.com\/ca\/wp-json\/wp\/v2\/users\/1"}],"replies":[{"embeddable":true,"href":"https:\/\/tucomarca.whitekongsoftware.com\/ca\/wp-json\/wp\/v2\/comments?post=81654"}],"version-history":[{"count":0,"href":"https:\/\/tucomarca.whitekongsoftware.com\/ca\/wp-json\/wp\/v2\/posts\/81654\/revisions"}],"wp:featuredmedia":[{"embeddable":true,"href":"https:\/\/tucomarca.whitekongsoftware.com\/ca\/wp-json\/wp\/v2\/media\/81653"}],"wp:attachment":[{"href":"https:\/\/tucomarca.whitekongsoftware.com\/ca\/wp-json\/wp\/v2\/media?parent=81654"}],"wp:term":[{"taxonomy":"category","embeddable":true,"href":"https:\/\/tucomarca.whitekongsoftware.com\/ca\/wp-json\/wp\/v2\/categories?post=81654"},{"taxonomy":"post_tag","embeddable":true,"href":"https:\/\/tucomarca.whitekongsoftware.com\/ca\/wp-json\/wp\/v2\/tags?post=81654"}],"curies":[{"name":"wp","href":"https:\/\/api.w.org\/{rel}","templated":true}]}}