{"id":81626,"date":"2019-02-13T22:20:08","date_gmt":"2019-02-13T20:20:08","guid":{"rendered":"http:\/\/www.tucomarca.com\/wordpress\/segunda\/?p=81626"},"modified":"2019-02-13T22:20:08","modified_gmt":"2019-02-13T20:20:08","slug":"lajuntament-de-vilamarxant-davant-la-posada-a-disposicio-judicial-duna-persona-per-delictes-contra-lequip-de-govern-i-personal-municipal","status":"publish","type":"post","link":"https:\/\/tucomarca.whitekongsoftware.com\/ca\/lajuntament-de-vilamarxant-davant-la-posada-a-disposicio-judicial-duna-persona-per-delictes-contra-lequip-de-govern-i-personal-municipal\/","title":{"rendered":"L&#8217;Ajuntament de Vilamarxant davant la posada a disposici\u00f3 judicial d&#8217;una persona per delictes contra l&#8217;equip de govern i personal municipal"},"content":{"rendered":"<figure id=\"attachment_79022\" aria-describedby=\"caption-attachment-79022\" style=\"width: 491px\" class=\"wp-caption alignleft\"><img loading=\"lazy\" decoding=\"async\" class=\" wp-image-79022\" src=\"http:\/\/www.tucomarca.com\/wordpress\/segunda\/wp-content\/uploads\/2018\/12\/Vilamarxant.jpeg\" alt=\"En noviembre fue el alcalde el que padeci\u00f3 agresiones en la fachada de su casa.\" width=\"491\" height=\"368\" srcset=\"https:\/\/tucomarca.whitekongsoftware.com\/wp-content\/uploads\/2018\/12\/Vilamarxant.jpeg 1599w, https:\/\/tucomarca.whitekongsoftware.com\/wp-content\/uploads\/2018\/12\/Vilamarxant-300x225.jpeg 300w, https:\/\/tucomarca.whitekongsoftware.com\/wp-content\/uploads\/2018\/12\/Vilamarxant-768x576.jpeg 768w, https:\/\/tucomarca.whitekongsoftware.com\/wp-content\/uploads\/2018\/12\/Vilamarxant-1024x768.jpeg 1024w\" sizes=\"auto, (max-width: 491px) 100vw, 491px\" \/><figcaption id=\"caption-attachment-79022\" class=\"wp-caption-text\">Al novembre va ser l&#8217;alcalde el que va patir agressions a la fa\u00e7ana de casa.<\/figcaption><\/figure>\n<p>Davant la posada a disposici\u00f3 judicial d&#8217;una persona com a presumpte autor de fets delictius entre 2015 i 2018 contra personal i membres de l&#8217;equip de govern de l&#8217;Ajuntament de Vilamarxant i altres ve\u00efns del municipi, el consistori ha expressat la seva &#8220;confian\u00e7a absoluta davant les actuacions realitzades per l&#8217;Equip de Policia Judicial de la Gu\u00e0rdia Civil de la localitat de Ll\u00edria que est\u00e0 desenvolupant la seva tasca en aquest cas &#8220;.<\/p>\n<p>Des de l&#8217;Ajuntament tamb\u00e9 han &#8220;lamentat que el presumpte autor de danys provocats als vehicles i fa\u00e7anes dels diferents domicilis dels afectats tingui una relaci\u00f3 laboral estable amb el propi Ajuntament&#8221;.<\/p>\n<p>I han finalitzat mostrant la seva &#8220;confian\u00e7a en que la Just\u00edcia aclareixi els successos i resolgui de manera efectiva l&#8217;autoria dels fets delictius&#8221;.<\/p>\n","protected":false},"excerpt":{"rendered":"<div class=\"mh-excerpt\">Davant la posada a disposici\u00f3 judicial d&#8217;una persona com a presumpte autor de fets delictius entre 2015 i 2018 contra personal i membres de l&#8217;equip de govern de l&#8217;Ajuntament de Vilamarxant i altres ve\u00efns del <a class=\"mh-excerpt-more\" href=\"https:\/\/tucomarca.whitekongsoftware.com\/ca\/lajuntament-de-vilamarxant-davant-la-posada-a-disposicio-judicial-duna-persona-per-delictes-contra-lequip-de-govern-i-personal-municipal\/\" title=\"L&#8217;Ajuntament de Vilamarxant davant la posada a disposici\u00f3 judicial d&#8217;una persona per delictes contra l&#8217;equip de govern i personal municipal\">[+] <\/a><\/div>\n","protected":false},"author":1,"featured_media":79023,"comment_status":"open","ping_status":"open","sticky":false,"template":"","format":"standard","meta":{"footnotes":""},"categories":[10892,10898,10894,10947,10896,10897,10927],"tags":[10899,11090],"class_list":["post-81626","post","type-post","status-publish","format-standard","has-post-thumbnail","category-camp-de-turia-ca","category-ventana-ca","category-la-comarca-ca","category-politica","category-seccion-ca","category-sucesos-la-comarca-ca","category-vilamarxant-ca","tag-camp-de-turia-ca","tag-vilamarxant-ca"],"_links":{"self":[{"href":"https:\/\/tucomarca.whitekongsoftware.com\/ca\/wp-json\/wp\/v2\/posts\/81626","targetHints":{"allow":["GET"]}}],"collection":[{"href":"https:\/\/tucomarca.whitekongsoftware.com\/ca\/wp-json\/wp\/v2\/posts"}],"about":[{"href":"https:\/\/tucomarca.whitekongsoftware.com\/ca\/wp-json\/wp\/v2\/types\/post"}],"author":[{"embeddable":true,"href":"https:\/\/tucomarca.whitekongsoftware.com\/ca\/wp-json\/wp\/v2\/users\/1"}],"replies":[{"embeddable":true,"href":"https:\/\/tucomarca.whitekongsoftware.com\/ca\/wp-json\/wp\/v2\/comments?post=81626"}],"version-history":[{"count":0,"href":"https:\/\/tucomarca.whitekongsoftware.com\/ca\/wp-json\/wp\/v2\/posts\/81626\/revisions"}],"wp:featuredmedia":[{"embeddable":true,"href":"https:\/\/tucomarca.whitekongsoftware.com\/ca\/wp-json\/wp\/v2\/media\/79023"}],"wp:attachment":[{"href":"https:\/\/tucomarca.whitekongsoftware.com\/ca\/wp-json\/wp\/v2\/media?parent=81626"}],"wp:term":[{"taxonomy":"category","embeddable":true,"href":"https:\/\/tucomarca.whitekongsoftware.com\/ca\/wp-json\/wp\/v2\/categories?post=81626"},{"taxonomy":"post_tag","embeddable":true,"href":"https:\/\/tucomarca.whitekongsoftware.com\/ca\/wp-json\/wp\/v2\/tags?post=81626"}],"curies":[{"name":"wp","href":"https:\/\/api.w.org\/{rel}","templated":true}]}}