{"id":81614,"date":"2019-02-13T22:18:44","date_gmt":"2019-02-13T20:18:44","guid":{"rendered":"http:\/\/www.tucomarca.com\/wordpress\/segunda\/?p=81614"},"modified":"2019-02-13T22:18:44","modified_gmt":"2019-02-13T20:18:44","slug":"el-pp-comenca-el-porta-a-porta-dels-seus-candidats-a-camp-de-turia-i-els-serrans","status":"publish","type":"post","link":"https:\/\/tucomarca.whitekongsoftware.com\/ca\/el-pp-comenca-el-porta-a-porta-dels-seus-candidats-a-camp-de-turia-i-els-serrans\/","title":{"rendered":"El PP comen\u00e7a el &#8220;porta a porta&#8221; dels seus candidats a Camp de T\u00faria i Els Serrans"},"content":{"rendered":"<p>El Partit Popular de la prov\u00edncia de Val\u00e8ncia ha donat comen\u00e7ament a una etapa on les reunions itinerants de car\u00e0cter comarcal van a permetre &#8220;activar tota la maquin\u00e0ria electoral&#8221;, segons ha manifestat el president de la gestora, Juan Ram\u00f3n Adsuara.<\/p>\n<p>Camp de T\u00faria i Els Serrans han estat les primeres comarques en qu\u00e8 la gestora ha celebrat trobades amb els candidats on el president i la resta d&#8217;integrants de l&#8217;\u00f2rgan provincial han aprofundit en l&#8217;organitzaci\u00f3 del partit amb vista a les eleccions municipals del proper mes de maig.<\/p>\n<p>&#8220;Els candidats van a comen\u00e7ar ja el porta a porta en el que tant creiem en el PP&#8221;, ha explicat Juan Ram\u00f3n Adsuara, que considera que &#8220;aquesta tasca d&#8217;escolta activa als ciutadans resultar\u00e0 clau per recuperar el govern de molts municipis a partir de maig &#8220;.<\/p>\n<p>La gestora ha lliurat tota la documentaci\u00f3 i informaci\u00f3 necess\u00e0ria perqu\u00e8 es vagin constituint les llistes d&#8217;interventors, apoderats, aix\u00ed com els encarregats del vot per correu.<\/p>\n<p>Adsuara ha avan\u00e7at que &#8220;estem portant a terme una intensa formaci\u00f3 dels candidats aclarint qualsevol dubte que pugui sorgir davant la cita electoral&#8221;. De la mateixa manera, es va a procedir a desenvolupar unes jornades de formaci\u00f3 dels caps de llista &#8220;en aspectes de comunicaci\u00f3 i gesti\u00f3 dels seus perfils en xarxes socials&#8221;.<\/p>\n<p>En concret despr\u00e9s de cada reuni\u00f3 de la gestora provincial per les diferents comarques es produir\u00e0 una altra amb els &#8220;coordinadors 3.0 que seran els encarregats de transmetre aquesta formaci\u00f3 m\u00e9s espec\u00edfica en mat\u00e8ria comunicativa&#8221;, ha afirmat Adsuara.<\/p>\n<p>La setmana que arribar\u00e0 el torn de la Ribera Alta i la Ribera Baixa amb una reuni\u00f3 a Alberic on es procedir\u00e0 a donar el mateix tipus de formaci\u00f3 i documentaci\u00f3 als candidats que ja estan confirmats per a la cita de maig.<\/p>\n<p><strong>Renovaci\u00f3 i comprom\u00eds<\/strong><\/p>\n<p>Juan Ram\u00f3n Adsuara ha volgut destacar &#8220;l&#8217;alt grau de renovaci\u00f3 dels candidats a la prov\u00edncia, aix\u00ed com l&#8217;elevat comprom\u00eds de totes les persones que han decidit fer el pas d&#8217;encap\u00e7alar el projecte del PP a nivell municipal&#8221;.<\/p>\n<p>El president de la gestora provincial del PP de Val\u00e8ncia s&#8217;ha mostrat conven\u00e7ut que el partit &#8220;va a donar una veritable resposta als problemes dels valencians que porten quatre anys desatesos per uns governs, que es van denominar del canvi, i que nom\u00e9s han estat capa\u00e7os de mostrar una alta defici\u00e8ncia en la gesti\u00f3 i un sectarisme en les seves pol\u00edtiques que va en detriment del benestar dels ciutadans &#8220;.<\/p>\n","protected":false},"excerpt":{"rendered":"<div class=\"mh-excerpt\">El Partit Popular de la prov\u00edncia de Val\u00e8ncia ha donat comen\u00e7ament a una etapa on les reunions itinerants de car\u00e0cter comarcal van a permetre &#8220;activar tota la maquin\u00e0ria electoral&#8221;, segons ha manifestat el president de <a class=\"mh-excerpt-more\" href=\"https:\/\/tucomarca.whitekongsoftware.com\/ca\/el-pp-comenca-el-porta-a-porta-dels-seus-candidats-a-camp-de-turia-i-els-serrans\/\" title=\"El PP comen\u00e7a el &#8220;porta a porta&#8221; dels seus candidats a Camp de T\u00faria i Els Serrans\">[+] <\/a><\/div>\n","protected":false},"author":1,"featured_media":74456,"comment_status":"open","ping_status":"open","sticky":false,"template":"","format":"standard","meta":{"footnotes":""},"categories":[10892,11046,10894,10947,10896],"tags":[11344],"class_list":["post-81614","post","type-post","status-publish","format-standard","has-post-thumbnail","category-camp-de-turia-ca","category-los-serranos-ca","category-la-comarca-ca","category-politica","category-seccion-ca","tag-pp-ca"],"_links":{"self":[{"href":"https:\/\/tucomarca.whitekongsoftware.com\/ca\/wp-json\/wp\/v2\/posts\/81614","targetHints":{"allow":["GET"]}}],"collection":[{"href":"https:\/\/tucomarca.whitekongsoftware.com\/ca\/wp-json\/wp\/v2\/posts"}],"about":[{"href":"https:\/\/tucomarca.whitekongsoftware.com\/ca\/wp-json\/wp\/v2\/types\/post"}],"author":[{"embeddable":true,"href":"https:\/\/tucomarca.whitekongsoftware.com\/ca\/wp-json\/wp\/v2\/users\/1"}],"replies":[{"embeddable":true,"href":"https:\/\/tucomarca.whitekongsoftware.com\/ca\/wp-json\/wp\/v2\/comments?post=81614"}],"version-history":[{"count":0,"href":"https:\/\/tucomarca.whitekongsoftware.com\/ca\/wp-json\/wp\/v2\/posts\/81614\/revisions"}],"wp:featuredmedia":[{"embeddable":true,"href":"https:\/\/tucomarca.whitekongsoftware.com\/ca\/wp-json\/wp\/v2\/media\/74456"}],"wp:attachment":[{"href":"https:\/\/tucomarca.whitekongsoftware.com\/ca\/wp-json\/wp\/v2\/media?parent=81614"}],"wp:term":[{"taxonomy":"category","embeddable":true,"href":"https:\/\/tucomarca.whitekongsoftware.com\/ca\/wp-json\/wp\/v2\/categories?post=81614"},{"taxonomy":"post_tag","embeddable":true,"href":"https:\/\/tucomarca.whitekongsoftware.com\/ca\/wp-json\/wp\/v2\/tags?post=81614"}],"curies":[{"name":"wp","href":"https:\/\/api.w.org\/{rel}","templated":true}]}}