{"id":81548,"date":"2019-02-12T21:12:03","date_gmt":"2019-02-12T19:12:03","guid":{"rendered":"http:\/\/www.tucomarca.com\/wordpress\/segunda\/?p=81548"},"modified":"2019-02-12T21:12:03","modified_gmt":"2019-02-12T19:12:03","slug":"lajuntament-de-requena-prepara-per-segon-any-consecutiu-linici-del-programa-jove-oportunitat","status":"publish","type":"post","link":"https:\/\/tucomarca.whitekongsoftware.com\/ca\/lajuntament-de-requena-prepara-per-segon-any-consecutiu-linici-del-programa-jove-oportunitat\/","title":{"rendered":"L&#8217;Ajuntament de Requena prepara, per segon any consecutiu, l&#8217;inici del programa Jove Oportunitat"},"content":{"rendered":"<p>Despr\u00e9s dels bons resultats del projecte JOOP de l&#8217;any passat, la Regidoria d&#8217;Educaci\u00f3 juntament amb la Regidoria de Joventut i la Regidoria de Serveis Socials de l&#8217;Ajuntament de Requena, posaran en marxa, per segon any consecutiu, el programa &#8220;Jove Oportunitat&#8221; (JOOP) de l&#8217;Institut Valenci\u00e0 de la Joventut (IVAJ) finan\u00e7at pel Fons Social Europeu.<\/p>\n<p>El programa est\u00e0 dirigit a joves d&#8217;entre 16 i 21 anys que han abandonat la seva formaci\u00f3 de manera primerenca i que, en l&#8217;actualitat, no estan ni treballant ni estudiant i t\u00e9 com a objectiu realitzar una acci\u00f3 de coaching (sessions d&#8217;entrenament) amb la finalitat de motivar-los i poder canviar la manera d&#8217;enfrontar-se a la seva realitat personal, laboral i social.<\/p>\n<p>El pla JOOP inclou sis m\u00f2duls que atenen al desenvolupament personal, desenvolupament social, projecte professional, reentrada acad\u00e8mica, conviv\u00e8ncia i jornades de refresc, tots ells portats a terme per un &#8220;coach&#8221; que acompanyar\u00e0 els joves en aquest proc\u00e9s d&#8217;experi\u00e8ncia vital de canvi .<\/p>\n<p>El termini d&#8217;inscripci\u00f3 estar\u00e0 obert fins al proper 20 de febrer, i es deu fer a l&#8217;adre\u00e7a de correu gabinetepsicopedagogico@requena.es o b\u00e9 al tel\u00e8fon 662.681.622.<\/p>\n<p>El programa est\u00e0 previst que comenci al mar\u00e7 amb sessions de din\u00e0miques grupals, activitats, entrevistes personals, sortides per con\u00e8ixer nous sectors, xerrades amb professionals acreditats i conviv\u00e8ncies.<\/p>\n","protected":false},"excerpt":{"rendered":"<div class=\"mh-excerpt\">Despr\u00e9s dels bons resultats del projecte JOOP de l&#8217;any passat, la Regidoria d&#8217;Educaci\u00f3 juntament amb la Regidoria de Joventut i la Regidoria de Serveis Socials de l&#8217;Ajuntament de Requena, posaran en marxa, per segon any <a class=\"mh-excerpt-more\" href=\"https:\/\/tucomarca.whitekongsoftware.com\/ca\/lajuntament-de-requena-prepara-per-segon-any-consecutiu-linici-del-programa-jove-oportunitat\/\" title=\"L&#8217;Ajuntament de Requena prepara, per segon any consecutiu, l&#8217;inici del programa Jove Oportunitat\">[+] <\/a><\/div>\n","protected":false},"author":1,"featured_media":81546,"comment_status":"open","ping_status":"open","sticky":false,"template":"","format":"standard","meta":{"footnotes":""},"categories":[11019,10908,10909,10896],"tags":[10910],"class_list":["post-81548","post","type-post","status-publish","format-standard","has-post-thumbnail","category-agenda-ca","category-requena-ca","category-requena-utiel-ca","category-seccion-ca","tag-requena-utiel-ca"],"_links":{"self":[{"href":"https:\/\/tucomarca.whitekongsoftware.com\/ca\/wp-json\/wp\/v2\/posts\/81548","targetHints":{"allow":["GET"]}}],"collection":[{"href":"https:\/\/tucomarca.whitekongsoftware.com\/ca\/wp-json\/wp\/v2\/posts"}],"about":[{"href":"https:\/\/tucomarca.whitekongsoftware.com\/ca\/wp-json\/wp\/v2\/types\/post"}],"author":[{"embeddable":true,"href":"https:\/\/tucomarca.whitekongsoftware.com\/ca\/wp-json\/wp\/v2\/users\/1"}],"replies":[{"embeddable":true,"href":"https:\/\/tucomarca.whitekongsoftware.com\/ca\/wp-json\/wp\/v2\/comments?post=81548"}],"version-history":[{"count":0,"href":"https:\/\/tucomarca.whitekongsoftware.com\/ca\/wp-json\/wp\/v2\/posts\/81548\/revisions"}],"wp:featuredmedia":[{"embeddable":true,"href":"https:\/\/tucomarca.whitekongsoftware.com\/ca\/wp-json\/wp\/v2\/media\/81546"}],"wp:attachment":[{"href":"https:\/\/tucomarca.whitekongsoftware.com\/ca\/wp-json\/wp\/v2\/media?parent=81548"}],"wp:term":[{"taxonomy":"category","embeddable":true,"href":"https:\/\/tucomarca.whitekongsoftware.com\/ca\/wp-json\/wp\/v2\/categories?post=81548"},{"taxonomy":"post_tag","embeddable":true,"href":"https:\/\/tucomarca.whitekongsoftware.com\/ca\/wp-json\/wp\/v2\/tags?post=81548"}],"curies":[{"name":"wp","href":"https:\/\/api.w.org\/{rel}","templated":true}]}}