{"id":81430,"date":"2019-02-11T17:23:18","date_gmt":"2019-02-11T15:23:18","guid":{"rendered":"http:\/\/www.tucomarca.com\/wordpress\/segunda\/?p=81430"},"modified":"2019-02-11T17:24:24","modified_gmt":"2019-02-11T15:24:24","slug":"el-muvim-atorga-el-reconeixement-de-la-cultura-2019-a-lajuntament-de-titaguas","status":"publish","type":"post","link":"https:\/\/tucomarca.whitekongsoftware.com\/ca\/el-muvim-atorga-el-reconeixement-de-la-cultura-2019-a-lajuntament-de-titaguas\/","title":{"rendered":"El MuVIM atorga el \u2018Reconeixement de la Cultura 2019\u2019 a l\u2019ajuntament de Titaguas"},"content":{"rendered":"<figure id=\"attachment_81426\" aria-describedby=\"caption-attachment-81426\" style=\"width: 584px\" class=\"wp-caption alignnone\"><img loading=\"lazy\" decoding=\"async\" class=\" wp-image-81426\" src=\"http:\/\/www.tucomarca.com\/wordpress\/segunda\/wp-content\/uploads\/2019\/02\/TitaguasRius.jpg\" alt=\"El Reconocimiento de la Cultura 2019 que otorga el \u00e1rea de Cultura, a propuesta del MuVIM, se libr\u00f3 en el Teatro Municipal de Titaguas el s\u00e1bado d\u00eda 9.\" width=\"584\" height=\"389\" srcset=\"https:\/\/tucomarca.whitekongsoftware.com\/wp-content\/uploads\/2019\/02\/TitaguasRius.jpg 3072w, https:\/\/tucomarca.whitekongsoftware.com\/wp-content\/uploads\/2019\/02\/TitaguasRius-300x200.jpg 300w, https:\/\/tucomarca.whitekongsoftware.com\/wp-content\/uploads\/2019\/02\/TitaguasRius-768x512.jpg 768w, https:\/\/tucomarca.whitekongsoftware.com\/wp-content\/uploads\/2019\/02\/TitaguasRius-1024x683.jpg 1024w\" sizes=\"auto, (max-width: 584px) 100vw, 584px\" \/><figcaption id=\"caption-attachment-81426\" class=\"wp-caption-text\"><span lang=\"CA\">\u00a0<\/span><b><span lang=\"CA\">El Reconeixement de la Cultura 2019 que atorga l\u2019\u00c0rea de Cultura, a proposta del MuVIM, es lliur\u00e0 al Teatre Municipal de Titaguas dissabte dia 9<\/span><\/b>.<\/figcaption><\/figure>\n<p>El passat dissabte, 9 de febrer, el Museu Valenci\u00e0 de la Il\u00b7lustraci\u00f3 i la Modernitat (MuVIM), depenent de l\u2019\u00e0rea de Cultura de la Diputaci\u00f3, va lliurar el seu \u2018Reconeixement de la Cultura 2019\u2019 a l\u2019ajuntament de Titaguas, en un acte celebrat al Teatre Municipal de Titaguas que va comptar amb la pres\u00e8ncia del diputat de Cultura, Xavier Rius, i del director del MuVIM, Rafael Company. L\u2019acte compt\u00e0 amb una representaci\u00f3 dels treballadors i treballadores del museu. Tamb\u00e9 l\u2019alcalde del municipi, Ramiro Ribera, que va ser l\u2019encarregat d\u2019arreplegar el guard\u00f3, dissenyat per Artur Heras, en una gala en la qual es va comptar amb l\u2019actuaci\u00f3 musical de la \u2018Borriana Big Band\u2019.<\/p>\n<p>El Reconeixement de la Cultura 2019 del MuVIM es lliura a l\u2019Ajuntament de Titaguas atesa la relaci\u00f3 de col\u00b7laboraci\u00f3 que existeix entre les dos institucions, basada en la figura del titag\u00fcenc Sim\u00f3n de Rojas Clemente, personatge clau de la Il\u00b7lustraci\u00f3 i del primer liberalisme valenci\u00e0. Es tracta d\u2019un projecte ja en marxa que convertir\u00e0 l\u2019antiga Casa del Tio Florencio, ara coneguda com \u00abLa Casa de las Luces\u00bb de Titaguas en un espai cultural, associat al MuVIM i dedicat\u00a0 a la interpretaci\u00f3 i difusi\u00f3 de l\u2019obra de l\u2019insigne bot\u00e0nic.<\/p>\n<p>\u00abLa Casa de las Luces\u00bb es una construcci\u00f3 de mitjans del segle XVIII, de gran valor hist\u00f2ric i etnol\u00f2gic, que ajudar\u00e0 a enriquir la vida cultural del poble, aix\u00ed com a revitalitzar un turisme de qualitat, el qual redundar\u00e0 en el desenvolupament i benestar de tota la comarca de La Serran\u00eda.<\/p>\n","protected":false},"excerpt":{"rendered":"<div class=\"mh-excerpt\">El passat dissabte, 9 de febrer, el Museu Valenci\u00e0 de la Il\u00b7lustraci\u00f3 i la Modernitat (MuVIM), depenent de l\u2019\u00e0rea de Cultura de la Diputaci\u00f3, va lliurar el seu \u2018Reconeixement de la Cultura 2019\u2019 a l\u2019ajuntament <a class=\"mh-excerpt-more\" href=\"https:\/\/tucomarca.whitekongsoftware.com\/ca\/el-muvim-atorga-el-reconeixement-de-la-cultura-2019-a-lajuntament-de-titaguas\/\" title=\"El MuVIM atorga el \u2018Reconeixement de la Cultura 2019\u2019 a l\u2019ajuntament de Titaguas\">[+] <\/a><\/div>\n","protected":false},"author":1,"featured_media":81427,"comment_status":"open","ping_status":"open","sticky":false,"template":"","format":"standard","meta":{"footnotes":""},"categories":[11046,10898,10894,11007,10947,10896,11027],"tags":[11246],"class_list":["post-81430","post","type-post","status-publish","format-standard","has-post-thumbnail","category-los-serranos-ca","category-ventana-ca","category-la-comarca-ca","category-ocio-y-cultura-ca","category-politica","category-seccion-ca","category-titaguas-ca","tag-diputacio-de-valencia-ca"],"_links":{"self":[{"href":"https:\/\/tucomarca.whitekongsoftware.com\/ca\/wp-json\/wp\/v2\/posts\/81430","targetHints":{"allow":["GET"]}}],"collection":[{"href":"https:\/\/tucomarca.whitekongsoftware.com\/ca\/wp-json\/wp\/v2\/posts"}],"about":[{"href":"https:\/\/tucomarca.whitekongsoftware.com\/ca\/wp-json\/wp\/v2\/types\/post"}],"author":[{"embeddable":true,"href":"https:\/\/tucomarca.whitekongsoftware.com\/ca\/wp-json\/wp\/v2\/users\/1"}],"replies":[{"embeddable":true,"href":"https:\/\/tucomarca.whitekongsoftware.com\/ca\/wp-json\/wp\/v2\/comments?post=81430"}],"version-history":[{"count":0,"href":"https:\/\/tucomarca.whitekongsoftware.com\/ca\/wp-json\/wp\/v2\/posts\/81430\/revisions"}],"wp:featuredmedia":[{"embeddable":true,"href":"https:\/\/tucomarca.whitekongsoftware.com\/ca\/wp-json\/wp\/v2\/media\/81427"}],"wp:attachment":[{"href":"https:\/\/tucomarca.whitekongsoftware.com\/ca\/wp-json\/wp\/v2\/media?parent=81430"}],"wp:term":[{"taxonomy":"category","embeddable":true,"href":"https:\/\/tucomarca.whitekongsoftware.com\/ca\/wp-json\/wp\/v2\/categories?post=81430"},{"taxonomy":"post_tag","embeddable":true,"href":"https:\/\/tucomarca.whitekongsoftware.com\/ca\/wp-json\/wp\/v2\/tags?post=81430"}],"curies":[{"name":"wp","href":"https:\/\/api.w.org\/{rel}","templated":true}]}}