{"id":81357,"date":"2019-02-10T22:17:54","date_gmt":"2019-02-10T20:17:54","guid":{"rendered":"http:\/\/www.tucomarca.com\/wordpress\/segunda\/?p=81357"},"modified":"2019-02-10T22:17:54","modified_gmt":"2019-02-10T20:17:54","slug":"requena-clausura-la-mostra-de-lembotit-despres-dun-cap-de-setmana-amb-la-seva-gastronomia-com-a-protagonista","status":"publish","type":"post","link":"https:\/\/tucomarca.whitekongsoftware.com\/ca\/requena-clausura-la-mostra-de-lembotit-despres-dun-cap-de-setmana-amb-la-seva-gastronomia-com-a-protagonista\/","title":{"rendered":"Requena clausura la Mostra de l&#8217;Embotit despr\u00e9s d&#8217;un cap de setmana amb la seva gastronomia com a protagonista"},"content":{"rendered":"<figure id=\"attachment_81342\" aria-describedby=\"caption-attachment-81342\" style=\"width: 364px\" class=\"wp-caption alignleft\"><img loading=\"lazy\" decoding=\"async\" class=\" wp-image-81342\" src=\"http:\/\/www.tucomarca.com\/wordpress\/segunda\/wp-content\/uploads\/2019\/02\/190210-feria-64.jpg\" alt=\"Este a\u00f1o se han consumido y vendido m\u00e1s de 5.000 kilos de embutido y los visitantes han comprado m\u00e1s de 6.000 tiques.\" width=\"364\" height=\"243\" srcset=\"https:\/\/tucomarca.whitekongsoftware.com\/wp-content\/uploads\/2019\/02\/190210-feria-64.jpg 1500w, https:\/\/tucomarca.whitekongsoftware.com\/wp-content\/uploads\/2019\/02\/190210-feria-64-300x200.jpg 300w, https:\/\/tucomarca.whitekongsoftware.com\/wp-content\/uploads\/2019\/02\/190210-feria-64-768x513.jpg 768w, https:\/\/tucomarca.whitekongsoftware.com\/wp-content\/uploads\/2019\/02\/190210-feria-64-1024x683.jpg 1024w\" sizes=\"auto, (max-width: 364px) 100vw, 364px\" \/><figcaption id=\"caption-attachment-81342\" class=\"wp-caption-text\">Aquest any s&#8217;han consumit i venut m\u00e9s de 5.000 quilos d&#8217;embotit i els visitants han comprat m\u00e9s de 6.000 tiquets.<\/figcaption><\/figure>\n<p>Requena ha clausurat avui la XXVI Mostra de l&#8217;Embotit, despr\u00e9s d&#8217;un cap de setmana en qu\u00e8 ve\u00efns i visitants han omplert de gom a gom el recinte firal per degustar el millor de la seva gastronomia: el seu embotit, la seva pasta, el seu vi i cava, i els plats de tota la vida, els que han passat de generaci\u00f3 a generaci\u00f3, com s\u00f3n el ajoarriero i el morteruelo, entre d&#8217;altres.<\/p>\n<p>Aquest any s&#8217;han consumit i venut m\u00e9s de 5.000 quilos d&#8217;embotit i els visitants han comprat m\u00e9s de 6.000 tiquets. El flux de gent s&#8217;ha anat movent de la Mostra a La Vila, el barri hist\u00f2ric de la ciutat, ja que tots els monuments i museus han estat oberts, amb horari ampliat, durant el cap de setmana. I els visitants, ho han aprofitat. Els monuments que m\u00e9s visites han rebut han estat les Coves de la Vila, la Torre de l&#8217;Homenatge, els T\u00fanels i el Temple de Sant Nicolau. Mostra del ric patrimoni arquitect\u00f2nic i hist\u00f2ric que aglutina Requena<\/p>\n<p>&#8220;Requena ofereix durant tot l&#8217;any una oferta tur\u00edstica molt apreciada pel visitant. La part enogastron\u00f2mica \u00e9s indiscutible, al que s&#8217;afegeix el nostre patrimoni hist\u00f2ric i el nostre enclavament privilegiat a les portes del Parc Natural de les Hoces del Cabriel. La Mostra de l&#8217;Embotit \u00e9s una bona oportunitat per con\u00e8ixer-nos, per\u00f2 de vegades no faltaran per tornar a Requena &#8220;, ha afirmat Mario S\u00e1nchez a la clausura.<\/p>\n<figure id=\"attachment_81349\" aria-describedby=\"caption-attachment-81349\" style=\"width: 364px\" class=\"wp-caption alignleft\"><img loading=\"lazy\" decoding=\"async\" class=\" wp-image-81349\" src=\"http:\/\/www.tucomarca.com\/wordpress\/segunda\/wp-content\/uploads\/2019\/02\/190210-feria-04.jpg\" alt=\"Una panor\u00e1mica del ambiente del que ha gozado la Muestra.\" width=\"364\" height=\"243\" srcset=\"https:\/\/tucomarca.whitekongsoftware.com\/wp-content\/uploads\/2019\/02\/190210-feria-04.jpg 1500w, https:\/\/tucomarca.whitekongsoftware.com\/wp-content\/uploads\/2019\/02\/190210-feria-04-300x200.jpg 300w, https:\/\/tucomarca.whitekongsoftware.com\/wp-content\/uploads\/2019\/02\/190210-feria-04-768x513.jpg 768w, https:\/\/tucomarca.whitekongsoftware.com\/wp-content\/uploads\/2019\/02\/190210-feria-04-1024x683.jpg 1024w\" sizes=\"auto, (max-width: 364px) 100vw, 364px\" \/><figcaption id=\"caption-attachment-81349\" class=\"wp-caption-text\">Una panor\u00e0mica de l&#8217;ambient del que ha gaudit la Mostra.<\/figcaption><\/figure>\n<p>Com ja \u00e9s habitual, la Mostra de l&#8217;Embotit ha comptat amb un gran suport institucional, mostra de la repercussi\u00f3 que aquesta cita t\u00e9 a nivell regional. Entre les visites m\u00e9s rellevants ha destacat la del delegat del Govern de la Comunitat Valenciana, Juan Carlos Fulgencio, que a m\u00e9s ha estat nomenat Mestre Carnisser, i el president de la Diputaci\u00f3 de Val\u00e8ncia, Toni Gaspar.<\/p>\n<p>En l&#8217;organitzaci\u00f3 de la XXVI Mostra de l&#8217;Embotit de Requena han participat l&#8217;Associaci\u00f3 de l&#8217;Embotit Artes\u00e0 i de Qualitat de Requena, l&#8217;Associaci\u00f3 de Forners Artesans del Bollo i les Associaci\u00f3 d&#8217;Ames de Casa Tyrius, entre d&#8217;altres.<\/p>\n","protected":false},"excerpt":{"rendered":"<div class=\"mh-excerpt\">Requena ha clausurat avui la XXVI Mostra de l&#8217;Embotit, despr\u00e9s d&#8217;un cap de setmana en qu\u00e8 ve\u00efns i visitants han omplert de gom a gom el recinte firal per degustar el millor de la seva <a class=\"mh-excerpt-more\" href=\"https:\/\/tucomarca.whitekongsoftware.com\/ca\/requena-clausura-la-mostra-de-lembotit-despres-dun-cap-de-setmana-amb-la-seva-gastronomia-com-a-protagonista\/\" title=\"Requena clausura la Mostra de l&#8217;Embotit despr\u00e9s d&#8217;un cap de setmana amb la seva gastronomia com a protagonista\">[+] <\/a><\/div>\n","protected":false},"author":2,"featured_media":81343,"comment_status":"open","ping_status":"open","sticky":false,"template":"","format":"standard","meta":{"footnotes":""},"categories":[10898,10894,11004,11007,10908,10909],"tags":[11254,11255,11291],"class_list":["post-81357","post","type-post","status-publish","format-standard","has-post-thumbnail","category-ventana-ca","category-la-comarca-ca","category-la-semana-en-imagenes-ca","category-ocio-y-cultura-ca","category-requena-ca","category-requena-utiel-ca","tag-ayuntamiento-de-requena-ca","tag-comarca-requena-utiel-ca","tag-xxvi-muestra-del-embutido-artesano-y-de-calidad-de-requena-ca"],"_links":{"self":[{"href":"https:\/\/tucomarca.whitekongsoftware.com\/ca\/wp-json\/wp\/v2\/posts\/81357","targetHints":{"allow":["GET"]}}],"collection":[{"href":"https:\/\/tucomarca.whitekongsoftware.com\/ca\/wp-json\/wp\/v2\/posts"}],"about":[{"href":"https:\/\/tucomarca.whitekongsoftware.com\/ca\/wp-json\/wp\/v2\/types\/post"}],"author":[{"embeddable":true,"href":"https:\/\/tucomarca.whitekongsoftware.com\/ca\/wp-json\/wp\/v2\/users\/2"}],"replies":[{"embeddable":true,"href":"https:\/\/tucomarca.whitekongsoftware.com\/ca\/wp-json\/wp\/v2\/comments?post=81357"}],"version-history":[{"count":0,"href":"https:\/\/tucomarca.whitekongsoftware.com\/ca\/wp-json\/wp\/v2\/posts\/81357\/revisions"}],"wp:featuredmedia":[{"embeddable":true,"href":"https:\/\/tucomarca.whitekongsoftware.com\/ca\/wp-json\/wp\/v2\/media\/81343"}],"wp:attachment":[{"href":"https:\/\/tucomarca.whitekongsoftware.com\/ca\/wp-json\/wp\/v2\/media?parent=81357"}],"wp:term":[{"taxonomy":"category","embeddable":true,"href":"https:\/\/tucomarca.whitekongsoftware.com\/ca\/wp-json\/wp\/v2\/categories?post=81357"},{"taxonomy":"post_tag","embeddable":true,"href":"https:\/\/tucomarca.whitekongsoftware.com\/ca\/wp-json\/wp\/v2\/tags?post=81357"}],"curies":[{"name":"wp","href":"https:\/\/api.w.org\/{rel}","templated":true}]}}