{"id":81292,"date":"2019-02-08T21:30:55","date_gmt":"2019-02-08T19:30:55","guid":{"rendered":"http:\/\/www.tucomarca.com\/wordpress\/segunda\/?p=81292"},"modified":"2019-02-08T21:30:55","modified_gmt":"2019-02-08T19:30:55","slug":"el-pp-de-la-pobla-acusa-de-inoperancia-a-compromis-davant-la-saturacio-del-centre-de-salut","status":"publish","type":"post","link":"https:\/\/tucomarca.whitekongsoftware.com\/ca\/el-pp-de-la-pobla-acusa-de-inoperancia-a-compromis-davant-la-saturacio-del-centre-de-salut\/","title":{"rendered":"El PP de la Pobla acusa de &#8220;inoper\u00e0ncia&#8221; a Comprom\u00eds davant la &#8220;saturaci\u00f3 del centre de salut&#8221;"},"content":{"rendered":"<figure id=\"attachment_81289\" aria-describedby=\"caption-attachment-81289\" style=\"width: 494px\" class=\"wp-caption alignleft\"><img loading=\"lazy\" decoding=\"async\" class=\" wp-image-81289\" src=\"http:\/\/www.tucomarca.com\/wordpress\/segunda\/wp-content\/uploads\/2019\/02\/LaPoblasalud.png\" alt=\"El PP ha denunciado \u201cla grave inoperancia de Comprom\u00eds ante la saturaci\u00f3n del Centro de Salud de La Pobla&quot;.\" width=\"494\" height=\"332\" srcset=\"https:\/\/tucomarca.whitekongsoftware.com\/wp-content\/uploads\/2019\/02\/LaPoblasalud.png 918w, https:\/\/tucomarca.whitekongsoftware.com\/wp-content\/uploads\/2019\/02\/LaPoblasalud-300x202.png 300w, https:\/\/tucomarca.whitekongsoftware.com\/wp-content\/uploads\/2019\/02\/LaPoblasalud-768x516.png 768w\" sizes=\"auto, (max-width: 494px) 100vw, 494px\" \/><figcaption id=\"caption-attachment-81289\" class=\"wp-caption-text\">El PP ha denunciat &#8220;la greu inoper\u00e0ncia de Comprom\u00eds davant la saturaci\u00f3 del Centre de Salut de la Pobla&#8221;.<\/figcaption><\/figure>\n<p>Mari Carmen Contelles, portaveu del Partit Popular de la Pobla de Vallbona, ha denunciat &#8220;la greu inoper\u00e0ncia de Comprom\u00eds davant la saturaci\u00f3 del Centre de Salut de la Pobla que pateixen di\u00e0riament els ve\u00efns. Per desgr\u00e0cia dels nostres ve\u00efns tenim el dubt\u00f3s honor de comptar amb el sis\u00e8 centre de salut m\u00e9s saturat de tota la Comunitat Valenciana &#8220;.<\/p>\n<p>Els populars han recordat que recentment s&#8217;han publicat les xifres de pacients atesos per metge d&#8217;atenci\u00f3 prim\u00e0ria i el centre de salut de la Pobla de Vallbona &#8220;supera amb escreix la xifra m\u00e0xima recomanada pels professionals de 1.500 pacients per metge&#8221;.<\/p>\n<p>&#8220;Concretament el centre de salut poblano se situa en la sisena posici\u00f3 del r\u00e0nquing de major sobrec\u00e0rrega de pacients per a cada professional d&#8217;atenci\u00f3 prim\u00e0ria. A molt poca dist\u00e0ncia del centre de salut m\u00e9s saturat de tota la Comunitat Valenciana, tamb\u00e9 a la mateixa comarca de Camp de T\u00faria &#8220;.<\/p>\n<p>&#8220;De poc o res serveix l&#8217;ampliaci\u00f3 de les instal\u00b7lacions del centre de salut, que es van inaugurar ara fa un any i va ser aprovada en l&#8217;anterior legislatura del Partit Popular, si aquesta ampliaci\u00f3 no ve complementada amb la plantilla necess\u00e0ria perqu\u00e8 la c\u00e0rrega de pacients per metge no superi el recomanat &#8220;, ha denunciat la portaveu.<\/p>\n<p>&#8220;La manca de refor\u00e7 de personal es tradueix en llargues esperes per aconseguir cita amb el metge de fam\u00edlia, cues per ser atesos a Urg\u00e8ncies i el que \u00e9s pitjor, els professionals no poden atendre els pacients com requereixen en veure obligats a escur\u00e7ar el temps necessari en cada visita i poder atendre tots els seus pacients citats en cada torn &#8220;, ha lamentat Contelles.<\/p>\n<p>Tal com ha subratllat la portaveu, &#8220;unes incid\u00e8ncies que venim denunciant reiteradament al regidor responsable de sanitat de Comprom\u00eds, Javier Novoa, reclamant accions concretes i que des de l&#8217;Ajuntament s&#8217;insti a la Conselleria de Sanitat socialista a que deixi de menysprear els pacients de la Pobla. Davant d&#8217;aquestes den\u00fancies nom\u00e9s hem trobat incapacitat i menyspreu per part d&#8217;un govern municipal liderat per Comprom\u00eds, amb el suport de PSPV, CONTINGENT i EU, que sempre eludeix a la manca de compet\u00e8ncia com a \u00fanic argument &#8220;.<\/p>\n<p>Contelles ha afirmat que &#8220;l&#8217;autocomplaen\u00e7a de l&#8217;alcalde Josep Vicent Garcia i els seus regidors de Comprom\u00eds ha provocat que totes les queixes dels usuaris i la saturaci\u00f3 de la plantilla que denuncien els mateixos professionals caiguin en sac trencat per la indol\u00e8ncia per aconseguir que s&#8217;esmeni aquest desgreuge per part de la Conselleria gestionada pel govern del Bot\u00e0nic &#8221;<\/p>\n<p>Per concloure, Contelles ha afirmat que &#8220;l&#8217;atenci\u00f3 sanit\u00e0ria a la Pobla de Vallbona i la comarca de Camp de T\u00faria est\u00e0 sota m\u00ednims tot i els esfor\u00e7os d&#8217;uns professionals que es veuen desbordats davant la falta d&#8217;inversi\u00f3 en personal de la conselleria. Una manca d&#8217;inversi\u00f3 i refor\u00e7 de la plantilla que s&#8217;uneix a la manca de cobertura, en el conjunt del departament de salut Arnau de Vilanova-Ll\u00edria, de les baixes per malaltia i de les substitucions en torns de vacances &#8220;.<\/p>\n","protected":false},"excerpt":{"rendered":"<div class=\"mh-excerpt\">Mari Carmen Contelles, portaveu del Partit Popular de la Pobla de Vallbona, ha denunciat &#8220;la greu inoper\u00e0ncia de Comprom\u00eds davant la saturaci\u00f3 del Centre de Salut de la Pobla que pateixen di\u00e0riament els ve\u00efns. Per <a class=\"mh-excerpt-more\" href=\"https:\/\/tucomarca.whitekongsoftware.com\/ca\/el-pp-de-la-pobla-acusa-de-inoperancia-a-compromis-davant-la-saturacio-del-centre-de-salut\/\" title=\"El PP de la Pobla acusa de &#8220;inoper\u00e0ncia&#8221; a Comprom\u00eds davant la &#8220;saturaci\u00f3 del centre de salut&#8221;\">[+] <\/a><\/div>\n","protected":false},"author":1,"featured_media":81290,"comment_status":"open","ping_status":"open","sticky":false,"template":"","format":"standard","meta":{"footnotes":""},"categories":[10892,11010,10898,10948,10894,10915,10896],"tags":[10949],"class_list":["post-81292","post","type-post","status-publish","format-standard","has-post-thumbnail","category-camp-de-turia-ca","category-canal-salud","category-ventana-ca","category-infraestructuras-ca","category-la-comarca-ca","category-la-pobla-ca","category-seccion-ca","tag-la-pobla-ca"],"_links":{"self":[{"href":"https:\/\/tucomarca.whitekongsoftware.com\/ca\/wp-json\/wp\/v2\/posts\/81292","targetHints":{"allow":["GET"]}}],"collection":[{"href":"https:\/\/tucomarca.whitekongsoftware.com\/ca\/wp-json\/wp\/v2\/posts"}],"about":[{"href":"https:\/\/tucomarca.whitekongsoftware.com\/ca\/wp-json\/wp\/v2\/types\/post"}],"author":[{"embeddable":true,"href":"https:\/\/tucomarca.whitekongsoftware.com\/ca\/wp-json\/wp\/v2\/users\/1"}],"replies":[{"embeddable":true,"href":"https:\/\/tucomarca.whitekongsoftware.com\/ca\/wp-json\/wp\/v2\/comments?post=81292"}],"version-history":[{"count":0,"href":"https:\/\/tucomarca.whitekongsoftware.com\/ca\/wp-json\/wp\/v2\/posts\/81292\/revisions"}],"wp:featuredmedia":[{"embeddable":true,"href":"https:\/\/tucomarca.whitekongsoftware.com\/ca\/wp-json\/wp\/v2\/media\/81290"}],"wp:attachment":[{"href":"https:\/\/tucomarca.whitekongsoftware.com\/ca\/wp-json\/wp\/v2\/media?parent=81292"}],"wp:term":[{"taxonomy":"category","embeddable":true,"href":"https:\/\/tucomarca.whitekongsoftware.com\/ca\/wp-json\/wp\/v2\/categories?post=81292"},{"taxonomy":"post_tag","embeddable":true,"href":"https:\/\/tucomarca.whitekongsoftware.com\/ca\/wp-json\/wp\/v2\/tags?post=81292"}],"curies":[{"name":"wp","href":"https:\/\/api.w.org\/{rel}","templated":true}]}}