{"id":81154,"date":"2019-02-05T23:46:30","date_gmt":"2019-02-05T21:46:30","guid":{"rendered":"http:\/\/www.tucomarca.com\/wordpress\/segunda\/?p=81154"},"modified":"2019-02-05T23:46:30","modified_gmt":"2019-02-05T21:46:30","slug":"toni-gaspar-visita-les-obres-dacces-a-turis-per-la-cv-50-que-ha-subvencionat-la-diputacio-de-valencia","status":"publish","type":"post","link":"https:\/\/tucomarca.whitekongsoftware.com\/ca\/toni-gaspar-visita-les-obres-dacces-a-turis-per-la-cv-50-que-ha-subvencionat-la-diputacio-de-valencia\/","title":{"rendered":"Toni Gaspar visita les obres d\u2019acc\u00e9s a Tur\u00eds per la CV-50 que ha subvencionat la Diputaci\u00f3 de Val\u00e8ncia"},"content":{"rendered":"<figure id=\"attachment_81149\" aria-describedby=\"caption-attachment-81149\" style=\"width: 482px\" class=\"wp-caption alignleft\"><img loading=\"lazy\" decoding=\"async\" class=\" wp-image-81149\" src=\"http:\/\/www.tucomarca.com\/wordpress\/segunda\/wp-content\/uploads\/2019\/02\/IMG_0026.jpeg\" alt=\"Toni Gaspar visita las obras de acceso a Tur\u00eds por la CV-50 que ha subvencionado la Diputaci\u00f3n de Valencia.\" width=\"482\" height=\"361\" srcset=\"https:\/\/tucomarca.whitekongsoftware.com\/wp-content\/uploads\/2019\/02\/IMG_0026.jpeg 4000w, https:\/\/tucomarca.whitekongsoftware.com\/wp-content\/uploads\/2019\/02\/IMG_0026-300x225.jpeg 300w, https:\/\/tucomarca.whitekongsoftware.com\/wp-content\/uploads\/2019\/02\/IMG_0026-768x576.jpeg 768w, https:\/\/tucomarca.whitekongsoftware.com\/wp-content\/uploads\/2019\/02\/IMG_0026-1024x768.jpeg 1024w\" sizes=\"auto, (max-width: 482px) 100vw, 482px\" \/><figcaption id=\"caption-attachment-81149\" class=\"wp-caption-text\">Toni Gaspar visita les obres d\u2019acc\u00e9s a Tur\u00eds per la CV-50 que ha subvencionat la Diputaci\u00f3 de Val\u00e8ncia.<\/figcaption><\/figure>\n<p>El President de la Diputaci\u00f3 de Val\u00e8ncia, Antoni Gaspar, ha estat en\u00a0Tur\u00eds\u00a0per comprovar el resultat de les obres que s\u2019han dut a terme per condicionar i millorar el tram de carretera que va des de l\u2019acc\u00e9s al municipi per la CV-50 fins a la rotonda d\u2019entrada al nucli urb\u00e0.<\/p>\n<p>Esta\u00a0actuaci\u00f3 ha comptat amb les Inversions Financerament Sostenibles (IFS) de l\u2019entitat provincial i ha consistit en l\u2019asfaltat i senyalitzaci\u00f3 de la via aix\u00ed com la canalitzaci\u00f3 d\u2019aig\u00fces i la reparaci\u00f3 de camins adjacents.<\/p>\n<p>Igualment s\u2019ha creat un pas de vianants que connecta la rotonda d\u2019entrada al municipi amb la via de servei que condueix fins a Godelleta i s\u2019ha condicionat la Fonteta del Poll, un paratge emblem\u00e0tic per als\u00a0turisans\u00a0pel qual discorre el nou pas de vianants.<\/p>\n<p>Segons explica l\u2019Alcalde,\u00a0Eugenio\u00a0Forta\u00f1a, \u201ces tracta d\u2019una obra necess\u00e0ria quant a la circulaci\u00f3 de vehicles i tamb\u00e9, donada\u00a0la gran aflu\u00e8ncia de vianants que accedeixen a la via de servei, garantim la seguretat del vianant i contribu\u00efm a disminuir la perillositat\u201d.<span class=\"Apple-converted-space\">\u00a0<\/span><\/p>\n<p>\u201cCal recon\u00e9ixer el treball que es fa des de la Diputaci\u00f3\u201d,\u00a0asegura\u00a0Forta\u00f1a, \u201cja que sense eixa ajuda els municipis com el nostre no podr\u00edem afrontar moltes de les actuacions que duguem a terme i que estan destinades sempre a millorar la vida de la ciutadania\u201d.<\/p>\n<p>Per la seua part Toni Gaspar destac\u00e0 que \u201cen\u00a0estos\u00a0quatre anys en la Diputaci\u00f3 hem decidit que ning\u00fa com els mateixos municipis, a trav\u00e9s dels seus ajuntaments, poden saber quines s\u00f3n les prioritats. I per aix\u00f2 s\u00f3n els consistoris els qui decideixen\u00a0qu\u00e8\u00a0volen millorar o executar amb\u00a0estes\u00a0ajudes sense obligar-los a utilitzar-les per a alguna cosa en concret\u201d.<\/p>\n<figure id=\"attachment_81151\" aria-describedby=\"caption-attachment-81151\" style=\"width: 486px\" class=\"wp-caption alignleft\"><img loading=\"lazy\" decoding=\"async\" class=\" wp-image-81151\" src=\"http:\/\/www.tucomarca.com\/wordpress\/segunda\/wp-content\/uploads\/2019\/02\/IMG_0031.jpeg\" alt=\"El Ayuntamiento se ha hecho cargo de la v\u00eda de peatones.\" width=\"486\" height=\"364\" srcset=\"https:\/\/tucomarca.whitekongsoftware.com\/wp-content\/uploads\/2019\/02\/IMG_0031.jpeg 4000w, https:\/\/tucomarca.whitekongsoftware.com\/wp-content\/uploads\/2019\/02\/IMG_0031-300x225.jpeg 300w, https:\/\/tucomarca.whitekongsoftware.com\/wp-content\/uploads\/2019\/02\/IMG_0031-768x576.jpeg 768w, https:\/\/tucomarca.whitekongsoftware.com\/wp-content\/uploads\/2019\/02\/IMG_0031-1024x768.jpeg 1024w\" sizes=\"auto, (max-width: 486px) 100vw, 486px\" \/><figcaption id=\"caption-attachment-81151\" class=\"wp-caption-text\">L\u2019Ajuntament s\u2019ha fet c\u00e0rrec de la via de vianants.<\/figcaption><\/figure>\n","protected":false},"excerpt":{"rendered":"<div class=\"mh-excerpt\">El President de la Diputaci\u00f3 de Val\u00e8ncia, Antoni Gaspar, ha estat en\u00a0Tur\u00eds\u00a0per comprovar el resultat de les obres que s\u2019han dut a terme per condicionar i millorar el tram de carretera que va des de <a class=\"mh-excerpt-more\" href=\"https:\/\/tucomarca.whitekongsoftware.com\/ca\/toni-gaspar-visita-les-obres-dacces-a-turis-per-la-cv-50-que-ha-subvencionat-la-diputacio-de-valencia\/\" title=\"Toni Gaspar visita les obres d\u2019acc\u00e9s a Tur\u00eds per la CV-50 que ha subvencionat la Diputaci\u00f3 de Val\u00e8ncia\">[+] <\/a><\/div>\n","protected":false},"author":2,"featured_media":81150,"comment_status":"open","ping_status":"open","sticky":false,"template":"","format":"standard","meta":{"footnotes":""},"categories":[10898,10948,10894,10902,10896,11047],"tags":[11103,11246,11356],"class_list":["post-81154","post","type-post","status-publish","format-standard","has-post-thumbnail","category-ventana-ca","category-infraestructuras-ca","category-la-comarca-ca","category-la-ribera-ca","category-seccion-ca","category-turis-ca","tag-ajuntament-de-turis-ca","tag-diputacio-de-valencia-ca","tag-ribera-alta-ca"],"_links":{"self":[{"href":"https:\/\/tucomarca.whitekongsoftware.com\/ca\/wp-json\/wp\/v2\/posts\/81154","targetHints":{"allow":["GET"]}}],"collection":[{"href":"https:\/\/tucomarca.whitekongsoftware.com\/ca\/wp-json\/wp\/v2\/posts"}],"about":[{"href":"https:\/\/tucomarca.whitekongsoftware.com\/ca\/wp-json\/wp\/v2\/types\/post"}],"author":[{"embeddable":true,"href":"https:\/\/tucomarca.whitekongsoftware.com\/ca\/wp-json\/wp\/v2\/users\/2"}],"replies":[{"embeddable":true,"href":"https:\/\/tucomarca.whitekongsoftware.com\/ca\/wp-json\/wp\/v2\/comments?post=81154"}],"version-history":[{"count":0,"href":"https:\/\/tucomarca.whitekongsoftware.com\/ca\/wp-json\/wp\/v2\/posts\/81154\/revisions"}],"wp:featuredmedia":[{"embeddable":true,"href":"https:\/\/tucomarca.whitekongsoftware.com\/ca\/wp-json\/wp\/v2\/media\/81150"}],"wp:attachment":[{"href":"https:\/\/tucomarca.whitekongsoftware.com\/ca\/wp-json\/wp\/v2\/media?parent=81154"}],"wp:term":[{"taxonomy":"category","embeddable":true,"href":"https:\/\/tucomarca.whitekongsoftware.com\/ca\/wp-json\/wp\/v2\/categories?post=81154"},{"taxonomy":"post_tag","embeddable":true,"href":"https:\/\/tucomarca.whitekongsoftware.com\/ca\/wp-json\/wp\/v2\/tags?post=81154"}],"curies":[{"name":"wp","href":"https:\/\/api.w.org\/{rel}","templated":true}]}}