{"id":81015,"date":"2019-02-02T14:21:53","date_gmt":"2019-02-02T12:21:53","guid":{"rendered":"http:\/\/www.tucomarca.com\/wordpress\/segunda\/?p=81015"},"modified":"2019-02-02T14:21:53","modified_gmt":"2019-02-02T12:21:53","slug":"el-xiva-cf-i-latletic-de-macastre-ofereixen-el-derbi-comarcal-de-la-jornada-que-completen-el-godelleta-requena-i-el-atl-turis-riba-roja","status":"publish","type":"post","link":"https:\/\/tucomarca.whitekongsoftware.com\/ca\/el-xiva-cf-i-latletic-de-macastre-ofereixen-el-derbi-comarcal-de-la-jornada-que-completen-el-godelleta-requena-i-el-atl-turis-riba-roja\/","title":{"rendered":"El Xiva CF i l&#8217;Atl\u00e8tic de Macastre ofereixen el derbi comarcal de la jornada que completen el Godelleta-Requena i el Atl. Tur\u00eds-Riba-roja"},"content":{"rendered":"<p>El Xiva\u00a0CF i l&#8217;Atl\u00e8tic de Macastre ofereixen el derbi comarcal entre l\u00edders chivanos i baixos macastreros. Els de Germ\u00e1n s\u00f3n els l\u00edders del grup, els de Manolo per contra estan a baix, cap compleix completament els seus objectius, de manera que els 3 punts s\u00f3n necessari per a les aspiracions i corroboracions, i tots dos hauran d&#8217;enfrontar-se cara a cara aquest diumenge a les instal\u00b7lacions esportives del conjunt chivano.<\/p>\n<p>Des de la esportivitat i fair play, els equips buscaran sumar punts i l&#8217;orgull d&#8217;un derbi, Xiva amb el favoritisme, per\u00f2 Macastre amb tot per guanyar i poc a perdre. Godelleta-Requena Derbi intercomarcal entre el Godelleta pen\u00faltim i el Requena en zona mitjana alta de la taula.<\/p>\n<p>Per emportar-se els 3 punts a la seva comarca i sumar-los en el seu haver lluitaran tots dos conjunts, aix\u00f2 s\u00ed, en din\u00e0miques completament diferents, per\u00f2 aix\u00f2 poc importa en els cara a cara, i recordem que es disputar\u00e0 a casa de Godelleta ens els seus.<\/p>\n<p><strong>At Tur\u00eds-Riba-roja<\/strong><\/p>\n<p>Derbi entre comarques ve\u00efnes, la Ribera i el Camp de T\u00faria, amb el partit recent molt diferent per\u00f2 amb les mateixes aspiracions, emportar-se els 3 punts que els permetin aspir\u00e9s a m\u00e9s, a m\u00e9s, els turisanos han deixat indicis de millora en les \u00faltimes jornades, i voldran sumar els 3 punts en la tornada a casa. No obstant aix\u00f2 els de Riba-roja t\u00e9 oportunitat de poder superar els rivals directes per dalt i retallar a la resta, per la qual cosa des del respecte i joc net, veurem un bon espectacle. Informa Ra\u00fal Miralles Lacalle @raulmks<\/p>\n","protected":false},"excerpt":{"rendered":"<div class=\"mh-excerpt\">El Xiva\u00a0CF i l&#8217;Atl\u00e8tic de Macastre ofereixen el derbi comarcal entre l\u00edders chivanos i baixos macastreros. Els de Germ\u00e1n s\u00f3n els l\u00edders del grup, els de Manolo per contra estan a baix, cap compleix completament <a class=\"mh-excerpt-more\" href=\"https:\/\/tucomarca.whitekongsoftware.com\/ca\/el-xiva-cf-i-latletic-de-macastre-ofereixen-el-derbi-comarcal-de-la-jornada-que-completen-el-godelleta-requena-i-el-atl-turis-riba-roja\/\" title=\"El Xiva CF i l&#8217;Atl\u00e8tic de Macastre ofereixen el derbi comarcal de la jornada que completen el Godelleta-Requena i el Atl. Tur\u00eds-Riba-roja\">[+] <\/a><\/div>\n","protected":false},"author":1,"featured_media":75292,"comment_status":"open","ping_status":"open","sticky":false,"template":"","format":"standard","meta":{"footnotes":""},"categories":[10892,11015,11003,10898,10977,10912,10902,10978,10908,10909,10906,10896,11047,10975],"tags":[11264],"class_list":["post-81015","post","type-post","status-publish","format-standard","has-post-thumbnail","category-camp-de-turia-ca","category-canal-futbol","category-sports","category-ventana-ca","category-godelleta-ca","category-la-hoya-ca","category-la-ribera-ca","category-macastre-ca","category-requena-ca","category-requena-utiel-ca","category-riba-roja-ca","category-seccion-ca","category-turis-ca","category-chiva-ca","tag-esports-ca"],"_links":{"self":[{"href":"https:\/\/tucomarca.whitekongsoftware.com\/ca\/wp-json\/wp\/v2\/posts\/81015","targetHints":{"allow":["GET"]}}],"collection":[{"href":"https:\/\/tucomarca.whitekongsoftware.com\/ca\/wp-json\/wp\/v2\/posts"}],"about":[{"href":"https:\/\/tucomarca.whitekongsoftware.com\/ca\/wp-json\/wp\/v2\/types\/post"}],"author":[{"embeddable":true,"href":"https:\/\/tucomarca.whitekongsoftware.com\/ca\/wp-json\/wp\/v2\/users\/1"}],"replies":[{"embeddable":true,"href":"https:\/\/tucomarca.whitekongsoftware.com\/ca\/wp-json\/wp\/v2\/comments?post=81015"}],"version-history":[{"count":0,"href":"https:\/\/tucomarca.whitekongsoftware.com\/ca\/wp-json\/wp\/v2\/posts\/81015\/revisions"}],"wp:featuredmedia":[{"embeddable":true,"href":"https:\/\/tucomarca.whitekongsoftware.com\/ca\/wp-json\/wp\/v2\/media\/75292"}],"wp:attachment":[{"href":"https:\/\/tucomarca.whitekongsoftware.com\/ca\/wp-json\/wp\/v2\/media?parent=81015"}],"wp:term":[{"taxonomy":"category","embeddable":true,"href":"https:\/\/tucomarca.whitekongsoftware.com\/ca\/wp-json\/wp\/v2\/categories?post=81015"},{"taxonomy":"post_tag","embeddable":true,"href":"https:\/\/tucomarca.whitekongsoftware.com\/ca\/wp-json\/wp\/v2\/tags?post=81015"}],"curies":[{"name":"wp","href":"https:\/\/api.w.org\/{rel}","templated":true}]}}