{"id":80865,"date":"2019-01-29T19:25:14","date_gmt":"2019-01-29T17:25:14","guid":{"rendered":"http:\/\/www.tucomarca.com\/wordpress\/segunda\/?p=80865"},"modified":"2019-01-29T19:25:14","modified_gmt":"2019-01-29T17:25:14","slug":"video-la-diputacio-presenta-una-solucion-a-leliana-para-la-cv-336-con-el-apoyo-vecinal","status":"publish","type":"post","link":"https:\/\/tucomarca.whitekongsoftware.com\/ca\/video-la-diputacio-presenta-una-solucion-a-leliana-para-la-cv-336-con-el-apoyo-vecinal\/","title":{"rendered":"V\u00eddeo: La Diputaci\u00f3 presenta una soluci\u00f3n a l\u2019Eliana para la CV-336 con el apoyo vecinal"},"content":{"rendered":"<p>La Diputaci\u00f3 de Val\u00e8ncia, a trav\u00e9s de la seva \u00e0rea de Carreteres, ha presentat a l&#8217;Eliana una soluci\u00f3 per als problemes de seguretat vi\u00e0ria i congesti\u00f3 del tr\u00e0nsit que presenta la CV-336, objecte de reivindicacions ve\u00efnals des de fa m\u00e9s d&#8217;una d\u00e8cada. L&#8217;estudi ha estat redactat pels t\u00e8cnics provincials de Carreteres i contempla diverses alternatives, l&#8217;execuci\u00f3 decidiran els ve\u00efns de l&#8217;Eliana havent estat informats dels terminis de realitzaci\u00f3 de les actuacions en cada cas.<\/p>\n<p>Les associacions Montesol, El Valle i Entrepins, representades per Enrique Montesinos, Jos\u00e9 Torres i Juan Miragall respectivament, han seguit el ple d&#8217;aquest dimarts a la Diputaci\u00f3, despr\u00e9s del qual han tornat a reunir-se amb els responsables de la corporaci\u00f3 per avan\u00e7ar de forma conjunta en els terminis i detalls d&#8217;aquestes actuacions.<\/p>\n<p>D&#8217;aquesta manera, el diputat de Carreteres, Pau Segu\u00ed, ha donat resposta en el ple de gener a una moci\u00f3 presentada aquest dimarts pels grups de l&#8217;oposici\u00f3, demandada ja pel govern local des de fa any, en la qual es demanava una intervenci\u00f3 a la CV-336 que est\u00e0 en marxa des del passat estiu, quan Segu\u00ed va mantenir les primeres reunions amb l&#8217;alcalde de l&#8217;Eliana, Salvador Torrent, i les associacions de ve\u00efns, que tindran l&#8217;oportunitat de participar activament en l&#8217;elecci\u00f3 del projecte definitiu .<\/p>\n<p>La millora de la intersecci\u00f3 de la carretera amb el carrer Navarrete presenta dues alternatives: remodelar la cru\u00eflla aprofitant l&#8217;espai existent o transformar-lo en una rotonda, amb un termini d&#8217;execuci\u00f3 m\u00e9s gran. En el primer dels casos, l&#8217;estudi contempla millorar la seguretat vi\u00e0ria a la intersecci\u00f3 sense necessitat d&#8217;expropiacions, una actuaci\u00f3 que, segons l&#8217;informe dels t\u00e8cnics provincials, podria dur-se a terme en l&#8217;any 2020. En cas d&#8217;optar per la construcci\u00f3 d&#8217;una rotonda, caldria iniciar el proc\u00e9s d&#8217;expropiaci\u00f3 i el termini d&#8217;execuci\u00f3 es fixa en tres anys.<\/p>\n<p><strong>Solucions en marxa<\/strong><\/p>\n<p>La diputada Mercedes Berenguer, regidor d&#8217;Urbanisme a l&#8217;Ajuntament de l&#8217;Eliana, ha volgut explicar el rebuig a la moci\u00f3 popular, que exigia una soluci\u00f3 al col\u00b7lapse de tr\u00e0nsit i la falta de seguretat en la CV-336. &#8220;El que necessitem els ve\u00efns de l&#8217;Eliana no \u00e9s asseure&#8217;ns sin\u00f3 moure&#8217;ns i ho estem fent. No volem mocions sin\u00f3 resultats, i despr\u00e9s de molts anys tenim una resposta clara de la Diputaci\u00f3 per pacificar el tr\u00e0nsit a l&#8217;Eliana i cohesionar el territori &#8220;.<\/p>\n<p>Berenguer, que ha participat en la reuni\u00f3 del diputat de Carreteres amb l&#8217;alcalde i els ve\u00efns de l&#8217;Eliana, coincideix amb aquests en qu\u00e8 la millor opci\u00f3 \u00e9s la rotonda, &#8220;tot i que el per\u00edode d&#8217;execuci\u00f3 sigui de tres anys&#8221;. En aquest sentit, els representants ve\u00efnals han sol\u00b7licitat a la Diputaci\u00f3, en el marc del proc\u00e9s de participaci\u00f3 en el qual es desenvolupa el projecte, una actuaci\u00f3 provisional que pugui millorar la seguretat vi\u00e0ria en espera de l&#8217;execuci\u00f3 de la rotonda. Pau Segu\u00ed ha traslladat la proposta als serveis t\u00e8cnics de Carreteres per estudiar la seva viabilitat.<\/p>\n<p>D&#8217;altra banda, els ve\u00efns proposen modificar el projecte perqu\u00e8 les obres de refor\u00e7 de la seguretat vi\u00e0ria a la carretera de l&#8217;Eliana s&#8217;inici\u00efn pel tram de major densitat de persones que creuen aquesta via. La petici\u00f3 ha estat igualment atesa pel responsable de Carreteres.<\/p>\n<p><strong>M\u00e9s seguretat<\/strong><\/p>\n<p>L&#8217;estudi elaborat pels t\u00e8cnics de Seguretat Vi\u00e0ria de la Diputaci\u00f3, que es troba en mans de l&#8217;Ajuntament de l&#8217;Eliana i els col\u00b7lectius ve\u00efnals, preveu a m\u00e9s un segon punt per refor\u00e7ar la seguretat a la carretera interurbana que actualment travessa aquest municipi del Camp de T\u00faria . En aquesta mem\u00f2ria, la Diputaci\u00f3 preveu l&#8217;eliminaci\u00f3 de vorals, la incorporaci\u00f3 d&#8217;una mitgera, l&#8217;ampliaci\u00f3 de voreres i la construcci\u00f3 de passos sobreelevats.<\/p>\n<p>Aquests treballs els dur\u00e0 a terme l&#8217;\u00e0rea de Conservaci\u00f3 de Carreteres en tres fases, la primera de les quals comen\u00e7ar\u00e0 en el segon trimestre d&#8217;aquest any. Les fases segona i tercera s&#8217;executaran al llarg de 2020.<\/p>\n<p>L&#8217;estudi elaborat per Carreteres inclou un tercer aspecte a millorar, en aquest cas en la connexi\u00f3 de la CV-336, de titularitat provincial, amb la CV-35, de titularitat auton\u00f2mica. En aquest cas, l&#8217;informe assenyala que la rotonda existent, de la qual \u00e9s titular la Diputaci\u00f3, no pot exercir com pesa l&#8217;enlla\u00e7 amb l&#8217;autovia, el que requereix la construcci\u00f3 d&#8217;una altra de majors dimensions, q\u00fcesti\u00f3 que \u00e9s compet\u00e8ncia de la Generalitat, que ha estat convenientment informada.<\/p>\n","protected":false},"excerpt":{"rendered":"<div class=\"mh-excerpt\">La Diputaci\u00f3 de Val\u00e8ncia, a trav\u00e9s de la seva \u00e0rea de Carreteres, ha presentat a l&#8217;Eliana una soluci\u00f3 per als problemes de seguretat vi\u00e0ria i congesti\u00f3 del tr\u00e0nsit que presenta la CV-336, objecte de reivindicacions <a class=\"mh-excerpt-more\" href=\"https:\/\/tucomarca.whitekongsoftware.com\/ca\/video-la-diputacio-presenta-una-solucion-a-leliana-para-la-cv-336-con-el-apoyo-vecinal\/\" title=\"V\u00eddeo: La Diputaci\u00f3 presenta una soluci\u00f3n a l\u2019Eliana para la CV-336 con el apoyo vecinal\">[+] <\/a><\/div>\n","protected":false},"author":1,"featured_media":80862,"comment_status":"open","ping_status":"open","sticky":false,"template":"","format":"standard","meta":{"footnotes":""},"categories":[10892,10898,10948,10894,10893,10947,10896],"tags":[11246],"class_list":["post-80865","post","type-post","status-publish","format-standard","has-post-thumbnail","category-camp-de-turia-ca","category-ventana-ca","category-infraestructuras-ca","category-la-comarca-ca","category-leliana-ca","category-politica","category-seccion-ca","tag-diputacio-de-valencia-ca"],"_links":{"self":[{"href":"https:\/\/tucomarca.whitekongsoftware.com\/ca\/wp-json\/wp\/v2\/posts\/80865","targetHints":{"allow":["GET"]}}],"collection":[{"href":"https:\/\/tucomarca.whitekongsoftware.com\/ca\/wp-json\/wp\/v2\/posts"}],"about":[{"href":"https:\/\/tucomarca.whitekongsoftware.com\/ca\/wp-json\/wp\/v2\/types\/post"}],"author":[{"embeddable":true,"href":"https:\/\/tucomarca.whitekongsoftware.com\/ca\/wp-json\/wp\/v2\/users\/1"}],"replies":[{"embeddable":true,"href":"https:\/\/tucomarca.whitekongsoftware.com\/ca\/wp-json\/wp\/v2\/comments?post=80865"}],"version-history":[{"count":0,"href":"https:\/\/tucomarca.whitekongsoftware.com\/ca\/wp-json\/wp\/v2\/posts\/80865\/revisions"}],"wp:featuredmedia":[{"embeddable":true,"href":"https:\/\/tucomarca.whitekongsoftware.com\/ca\/wp-json\/wp\/v2\/media\/80862"}],"wp:attachment":[{"href":"https:\/\/tucomarca.whitekongsoftware.com\/ca\/wp-json\/wp\/v2\/media?parent=80865"}],"wp:term":[{"taxonomy":"category","embeddable":true,"href":"https:\/\/tucomarca.whitekongsoftware.com\/ca\/wp-json\/wp\/v2\/categories?post=80865"},{"taxonomy":"post_tag","embeddable":true,"href":"https:\/\/tucomarca.whitekongsoftware.com\/ca\/wp-json\/wp\/v2\/tags?post=80865"}],"curies":[{"name":"wp","href":"https:\/\/api.w.org\/{rel}","templated":true}]}}