{"id":80792,"date":"2019-01-28T14:36:40","date_gmt":"2019-01-28T12:36:40","guid":{"rendered":"http:\/\/www.tucomarca.com\/wordpress\/segunda\/?p=80792"},"modified":"2019-01-28T14:36:40","modified_gmt":"2019-01-28T12:36:40","slug":"la-sala-raga-del-moli-galan-de-bunyol-alberga-aquest-divendres-la-presentacio-del-llibre-oficial-del-centenari-del-valencia-cf","status":"publish","type":"post","link":"https:\/\/tucomarca.whitekongsoftware.com\/ca\/la-sala-raga-del-moli-galan-de-bunyol-alberga-aquest-divendres-la-presentacio-del-llibre-oficial-del-centenari-del-valencia-cf\/","title":{"rendered":"La Sala Raga del Mol\u00ed Gal\u00e1n de Bunyol alberga aquest divendres la presentaci\u00f3 del llibre oficial del Centenari del Val\u00e8ncia CF"},"content":{"rendered":"<figure id=\"attachment_80789\" aria-describedby=\"caption-attachment-80789\" style=\"width: 310px\" class=\"wp-caption alignleft\"><img loading=\"lazy\" decoding=\"async\" class=\" wp-image-80789\" src=\"http:\/\/www.tucomarca.com\/wordpress\/segunda\/wp-content\/uploads\/2019\/01\/ValenciaCF.jpeg\" alt=\"Cartel presentaci\u00f3n libro Valencia CF Centenario en Bu\u00f1ol.\" width=\"310\" height=\"438\" srcset=\"https:\/\/tucomarca.whitekongsoftware.com\/wp-content\/uploads\/2019\/01\/ValenciaCF.jpeg 905w, https:\/\/tucomarca.whitekongsoftware.com\/wp-content\/uploads\/2019\/01\/ValenciaCF-212x300.jpeg 212w, https:\/\/tucomarca.whitekongsoftware.com\/wp-content\/uploads\/2019\/01\/ValenciaCF-768x1086.jpeg 768w, https:\/\/tucomarca.whitekongsoftware.com\/wp-content\/uploads\/2019\/01\/ValenciaCF-724x1024.jpeg 724w\" sizes=\"auto, (max-width: 310px) 100vw, 310px\" \/><figcaption id=\"caption-attachment-80789\" class=\"wp-caption-text\">Cartell presentaci\u00f3 llibre Val\u00e8ncia CF Centenari a Bunyol.<\/figcaption><\/figure>\n<p>La Sala Raga del Mol\u00ed Gal\u00e1n de Bunyol, al costat de la Biblioteca P\u00fablica Municipal, alberga aquest divendres, 1 de febrer, la presentaci\u00f3 del llibre oficial del centenari del Val\u00e8ncia CF a partir de les 19,00 hores. En ell estaran presents part dels autors de l&#8217;obra, podent adquirir el llibre durant el transcurs de l&#8217;esdeveniment.<\/p>\n<p>Manuel Sierra, regidor de Comer\u00e7, Turisme i Conservatori de Bunyol, ha confirmat aquesta esperada presentaci\u00f3 on hi seran presents els periodistes Alfonso Gil i Francisco Lloret. Ser\u00e0 presentat per la periodista local Pilar Criado. Nombrosos ve\u00efns, aficionats al Val\u00e8ncia CF i l\u00edders pol\u00edtics municipals i comarcals seran presents.<\/p>\n<p>Alfonso Gil \u00e9s periodista, professor i historiador. \u00c9s coautor dels llibres publicats pel Val\u00e8ncia CF amb motiu del 75 i el 90 aniversari de la fundaci\u00f3 del club. Es dedica a la informaci\u00f3 esportiva a l&#8217;Ag\u00e8ncia EFE. Ha estat col\u00b7laborador de diversos mitjans informatius com Hoja del Lunes, R\u00e0dio Nacional d&#8217;Espanya, R\u00e0dio Nou o Cartellera T\u00faria, i \u00e9s autor d&#8217;altres llibres relacionats amb el futbol. Actualment imparteix classes de periodisme com a professor associat a la Universitat de Val\u00e8ncia.<\/p>\n<p>Francisco Lloret \u00e9s periodista. Des de 1983 ha treballat i col\u00b7laborat en diversos mitjans de comunicaci\u00f3 audiovisuals i escrits. \u00c9s autor de diversos llibres relacionats amb la hist\u00f2ria del Val\u00e8ncia CF com Camp de Mestalla, un recorregut per la hist\u00f2ria (1998), Rafa Ben\u00edtez, retrat d&#8217;un entrenador (2005), Cr\u00f2nica d&#8217;un desencontre (2009), Mestalla, moments m\u00e0gics ( 2013), i Bronco i coper (2017). Tamb\u00e9 ha col\u00b7laborat en altres obres com a coautor. En l&#8217;actualitat \u00e9s director de CV R\u00e0dio.<\/p>\n<p>Manuel Sierra s&#8217;ha mostrat &#8220;molt satisfet d&#8217;aquesta presentaci\u00f3, a la qual s&#8217;espera l&#8217;arribat de nombrosos aficionats d&#8217;aquest gran club de futbol, \u200b\u200bprocedents de tots els racons de la comarca i la prov\u00edncia de Val\u00e8ncia&#8221;.<\/p>\n","protected":false},"excerpt":{"rendered":"<div class=\"mh-excerpt\">La Sala Raga del Mol\u00ed Gal\u00e1n de Bunyol, al costat de la Biblioteca P\u00fablica Municipal, alberga aquest divendres, 1 de febrer, la presentaci\u00f3 del llibre oficial del centenari del Val\u00e8ncia CF a partir de les <a class=\"mh-excerpt-more\" href=\"https:\/\/tucomarca.whitekongsoftware.com\/ca\/la-sala-raga-del-moli-galan-de-bunyol-alberga-aquest-divendres-la-presentacio-del-llibre-oficial-del-centenari-del-valencia-cf\/\" title=\"La Sala Raga del Mol\u00ed Gal\u00e1n de Bunyol alberga aquest divendres la presentaci\u00f3 del llibre oficial del Centenari del Val\u00e8ncia CF\">[+] <\/a><\/div>\n","protected":false},"author":1,"featured_media":80790,"comment_status":"open","ping_status":"open","sticky":false,"template":"","format":"standard","meta":{"footnotes":""},"categories":[11019,10911,11015,11014,11003,10912,10896],"tags":[11264],"class_list":["post-80792","post","type-post","status-publish","format-standard","has-post-thumbnail","category-agenda-ca","category-bunol-ca","category-canal-futbol","category-canal-valencia-cf-ca","category-sports","category-la-hoya-ca","category-seccion-ca","tag-esports-ca"],"_links":{"self":[{"href":"https:\/\/tucomarca.whitekongsoftware.com\/ca\/wp-json\/wp\/v2\/posts\/80792","targetHints":{"allow":["GET"]}}],"collection":[{"href":"https:\/\/tucomarca.whitekongsoftware.com\/ca\/wp-json\/wp\/v2\/posts"}],"about":[{"href":"https:\/\/tucomarca.whitekongsoftware.com\/ca\/wp-json\/wp\/v2\/types\/post"}],"author":[{"embeddable":true,"href":"https:\/\/tucomarca.whitekongsoftware.com\/ca\/wp-json\/wp\/v2\/users\/1"}],"replies":[{"embeddable":true,"href":"https:\/\/tucomarca.whitekongsoftware.com\/ca\/wp-json\/wp\/v2\/comments?post=80792"}],"version-history":[{"count":0,"href":"https:\/\/tucomarca.whitekongsoftware.com\/ca\/wp-json\/wp\/v2\/posts\/80792\/revisions"}],"wp:featuredmedia":[{"embeddable":true,"href":"https:\/\/tucomarca.whitekongsoftware.com\/ca\/wp-json\/wp\/v2\/media\/80790"}],"wp:attachment":[{"href":"https:\/\/tucomarca.whitekongsoftware.com\/ca\/wp-json\/wp\/v2\/media?parent=80792"}],"wp:term":[{"taxonomy":"category","embeddable":true,"href":"https:\/\/tucomarca.whitekongsoftware.com\/ca\/wp-json\/wp\/v2\/categories?post=80792"},{"taxonomy":"post_tag","embeddable":true,"href":"https:\/\/tucomarca.whitekongsoftware.com\/ca\/wp-json\/wp\/v2\/tags?post=80792"}],"curies":[{"name":"wp","href":"https:\/\/api.w.org\/{rel}","templated":true}]}}