{"id":80720,"date":"2019-01-25T23:49:44","date_gmt":"2019-01-25T21:49:44","guid":{"rendered":"http:\/\/www.tucomarca.com\/wordpress\/segunda\/?p=80720"},"modified":"2019-01-25T23:49:44","modified_gmt":"2019-01-25T21:49:44","slug":"loficina-pangea-dutiel-celebra-jornades-de-sensibilitzacio-sobre-diversitat-en-centres-educatius","status":"publish","type":"post","link":"https:\/\/tucomarca.whitekongsoftware.com\/ca\/loficina-pangea-dutiel-celebra-jornades-de-sensibilitzacio-sobre-diversitat-en-centres-educatius\/","title":{"rendered":"L&#8217;Oficina Pangea d&#8217;Utiel celebra jornades de sensibilitzaci\u00f3 sobre Diversitat en centres educatius"},"content":{"rendered":"<figure id=\"attachment_80717\" aria-describedby=\"caption-attachment-80717\" style=\"width: 418px\" class=\"wp-caption alignleft\"><img loading=\"lazy\" decoding=\"async\" class=\" wp-image-80717\" src=\"http:\/\/www.tucomarca.com\/wordpress\/segunda\/wp-content\/uploads\/2019\/01\/diversidadUtiel.jpg\" alt=\"ornada sensiblizacion diversidad cultural Pangea en CP Can\u00f3nigo Mu\u00f1oz Utiel.\" width=\"418\" height=\"342\" srcset=\"https:\/\/tucomarca.whitekongsoftware.com\/wp-content\/uploads\/2019\/01\/diversidadUtiel.jpg 1096w, https:\/\/tucomarca.whitekongsoftware.com\/wp-content\/uploads\/2019\/01\/diversidadUtiel-300x246.jpg 300w, https:\/\/tucomarca.whitekongsoftware.com\/wp-content\/uploads\/2019\/01\/diversidadUtiel-768x629.jpg 768w, https:\/\/tucomarca.whitekongsoftware.com\/wp-content\/uploads\/2019\/01\/diversidadUtiel-1024x838.jpg 1024w\" sizes=\"auto, (max-width: 418px) 100vw, 418px\" \/><figcaption id=\"caption-attachment-80717\" class=\"wp-caption-text\">Jornada Sensibilitzaci\u00f3 diversitat cultural Pangea en CP Canonge Mu\u00f1oz Utiel.<\/figcaption><\/figure>\n<p><strong>Dimarts passat, alumnes de prim\u00e0ria del CP Canonge Mu\u00f1oz participaven amb una activitat did\u00e0ctica amb un conte com a fil conductor<\/strong><\/p>\n<p>L&#8217;Oficina Pangea (Oficina d&#8217;Atenci\u00f3 a Persones Migrades) dels Serveis Socials de l&#8217;Ajuntament d&#8217;Utiel, ha elaborat un programa de sensibilitzaci\u00f3 sobre la immigraci\u00f3 i per a la conviv\u00e8ncia intercultural, enfocat als centres educatius del municipi d&#8217;Utiel per al curs 2018\/2019 .<\/p>\n<p>El C.P. Canonge Mu\u00f1oz es va unir a la proposta elaborada per l&#8217;Oficina Pangea i dimarts passat, 22 de gener, els alumnes de 1r i 2n de prim\u00e0ria van participar en el segon taller del programa a trav\u00e9s de l&#8217;activitat did\u00e0ctica basada en el conte &#8220;Per quatre esquinitas de res &#8220;. La jornada va ser tot un \u00e8xit entre l&#8217;alumnat i tamb\u00e9 va incloure una part pr\u00e0ctica amb din\u00e0mica de coaching per divulgar actituds de toler\u00e0ncia i solidaritat.<\/p>\n<p>En concret l&#8217;activitat es va dur a terme en col\u00b7laboraci\u00f3 amb la Fundaci\u00f3 de Pagesos Solidaris amb l&#8217;objectiu d&#8217;aproximar la migraci\u00f3 a l&#8217;alumnat de les escoles de zones rurals i explicar la multiculturalitat com una oportunitat per intercanviar experi\u00e8ncies, coneixements i valors.<\/p>\n<p>El primer taller es duia a terme en el mateix centre educatiu amb l&#8217;activitat &#8220;Hist\u00f2ries de vida&#8221; sobre experi\u00e8ncies migrat\u00f2ries dirigides a alumnes de 3r i 4t de prim\u00e0ria.<\/p>\n<p>Des de l&#8217;Oficina Pangea l&#8217;Ajuntament d&#8217;Utiel es planteja com a objectiu fonamental implementar una educaci\u00f3 en valors des de petits que afavoreixi el respecte a la diversitat en una societat multicultural on no tinguin cabuda la discriminaci\u00f3 ni el racisme.<\/p>\n<p>Un programa de sensibilitzaci\u00f3 que continuar\u00e0 desenvolupant-se durant els propers mesos en centres escolars d&#8217;Utiel.<\/p>\n","protected":false},"excerpt":{"rendered":"<div class=\"mh-excerpt\">Dimarts passat, alumnes de prim\u00e0ria del CP Canonge Mu\u00f1oz participaven amb una activitat did\u00e0ctica amb un conte com a fil conductor L&#8217;Oficina Pangea (Oficina d&#8217;Atenci\u00f3 a Persones Migrades) dels Serveis Socials de l&#8217;Ajuntament d&#8217;Utiel, ha <a class=\"mh-excerpt-more\" href=\"https:\/\/tucomarca.whitekongsoftware.com\/ca\/loficina-pangea-dutiel-celebra-jornades-de-sensibilitzacio-sobre-diversitat-en-centres-educatius\/\" title=\"L&#8217;Oficina Pangea d&#8217;Utiel celebra jornades de sensibilitzaci\u00f3 sobre Diversitat en centres educatius\">[+] <\/a><\/div>\n","protected":false},"author":2,"featured_media":80718,"comment_status":"open","ping_status":"open","sticky":false,"template":"","format":"standard","meta":{"footnotes":""},"categories":[10894,10909,10896,11059],"tags":[11456,11290,11457],"class_list":["post-80720","post","type-post","status-publish","format-standard","has-post-thumbnail","category-la-comarca-ca","category-requena-utiel-ca","category-seccion-ca","category-utiel-ca","tag-ayuntamiento-de-utiel-ca","tag-comarca-utiel-requena-ca","tag-cp-canonigo-munoz-ca"],"_links":{"self":[{"href":"https:\/\/tucomarca.whitekongsoftware.com\/ca\/wp-json\/wp\/v2\/posts\/80720","targetHints":{"allow":["GET"]}}],"collection":[{"href":"https:\/\/tucomarca.whitekongsoftware.com\/ca\/wp-json\/wp\/v2\/posts"}],"about":[{"href":"https:\/\/tucomarca.whitekongsoftware.com\/ca\/wp-json\/wp\/v2\/types\/post"}],"author":[{"embeddable":true,"href":"https:\/\/tucomarca.whitekongsoftware.com\/ca\/wp-json\/wp\/v2\/users\/2"}],"replies":[{"embeddable":true,"href":"https:\/\/tucomarca.whitekongsoftware.com\/ca\/wp-json\/wp\/v2\/comments?post=80720"}],"version-history":[{"count":0,"href":"https:\/\/tucomarca.whitekongsoftware.com\/ca\/wp-json\/wp\/v2\/posts\/80720\/revisions"}],"wp:featuredmedia":[{"embeddable":true,"href":"https:\/\/tucomarca.whitekongsoftware.com\/ca\/wp-json\/wp\/v2\/media\/80718"}],"wp:attachment":[{"href":"https:\/\/tucomarca.whitekongsoftware.com\/ca\/wp-json\/wp\/v2\/media?parent=80720"}],"wp:term":[{"taxonomy":"category","embeddable":true,"href":"https:\/\/tucomarca.whitekongsoftware.com\/ca\/wp-json\/wp\/v2\/categories?post=80720"},{"taxonomy":"post_tag","embeddable":true,"href":"https:\/\/tucomarca.whitekongsoftware.com\/ca\/wp-json\/wp\/v2\/tags?post=80720"}],"curies":[{"name":"wp","href":"https:\/\/api.w.org\/{rel}","templated":true}]}}