{"id":80689,"date":"2019-01-26T00:21:31","date_gmt":"2019-01-25T22:21:31","guid":{"rendered":"http:\/\/www.tucomarca.com\/wordpress\/segunda\/?p=80689"},"modified":"2019-01-26T00:21:31","modified_gmt":"2019-01-25T22:21:31","slug":"video-arnaldo-carrascosa-detalla-la-proposta-cultural-de-bunyol-a-fitur-2019","status":"publish","type":"post","link":"https:\/\/tucomarca.whitekongsoftware.com\/ca\/video-arnaldo-carrascosa-detalla-la-proposta-cultural-de-bunyol-a-fitur-2019\/","title":{"rendered":"V\u00eddeo: Arnaldo Carrascosa detalla la proposta cultural de Bunyol a Fitur 2019"},"content":{"rendered":"<p>El regidor de Cultura de l&#8217;Ajuntament de Bunyol, Arnaldo Carrascosa, ha avan\u00e7at per <strong>tucomarca televisi\u00f3<\/strong> els detalls de la participaci\u00f3 de Bunyol en l&#8217;edici\u00f3 de 2019 de la Fira de Turisme Fitur.<\/p>\n","protected":false},"excerpt":{"rendered":"<div class=\"mh-excerpt\">El regidor de Cultura de l&#8217;Ajuntament de Bunyol, Arnaldo Carrascosa, ha avan\u00e7at per tucomarca televisi\u00f3 els detalls de la participaci\u00f3 de Bunyol en l&#8217;edici\u00f3 de 2019 de la Fira de Turisme Fitur.<\/div>\n","protected":false},"author":1,"featured_media":80685,"comment_status":"open","ping_status":"open","sticky":false,"template":"","format":"standard","meta":{"footnotes":""},"categories":[10911,11005,10898,10894,10904,10912,11007,10895,10896,11062],"tags":[11314,11441],"class_list":["post-80689","post","type-post","status-publish","format-standard","has-post-thumbnail","category-bunol-ca","category-canal-musica","category-ventana-ca","category-la-comarca-ca","category-sin-categorizar-ca","category-la-hoya-ca","category-ocio-y-cultura-ca","category-premsavalenciana-ca","category-seccion-ca","category-videos","tag-bunyol-ca","tag-fitur-ca"],"_links":{"self":[{"href":"https:\/\/tucomarca.whitekongsoftware.com\/ca\/wp-json\/wp\/v2\/posts\/80689","targetHints":{"allow":["GET"]}}],"collection":[{"href":"https:\/\/tucomarca.whitekongsoftware.com\/ca\/wp-json\/wp\/v2\/posts"}],"about":[{"href":"https:\/\/tucomarca.whitekongsoftware.com\/ca\/wp-json\/wp\/v2\/types\/post"}],"author":[{"embeddable":true,"href":"https:\/\/tucomarca.whitekongsoftware.com\/ca\/wp-json\/wp\/v2\/users\/1"}],"replies":[{"embeddable":true,"href":"https:\/\/tucomarca.whitekongsoftware.com\/ca\/wp-json\/wp\/v2\/comments?post=80689"}],"version-history":[{"count":0,"href":"https:\/\/tucomarca.whitekongsoftware.com\/ca\/wp-json\/wp\/v2\/posts\/80689\/revisions"}],"wp:featuredmedia":[{"embeddable":true,"href":"https:\/\/tucomarca.whitekongsoftware.com\/ca\/wp-json\/wp\/v2\/media\/80685"}],"wp:attachment":[{"href":"https:\/\/tucomarca.whitekongsoftware.com\/ca\/wp-json\/wp\/v2\/media?parent=80689"}],"wp:term":[{"taxonomy":"category","embeddable":true,"href":"https:\/\/tucomarca.whitekongsoftware.com\/ca\/wp-json\/wp\/v2\/categories?post=80689"},{"taxonomy":"post_tag","embeddable":true,"href":"https:\/\/tucomarca.whitekongsoftware.com\/ca\/wp-json\/wp\/v2\/tags?post=80689"}],"curies":[{"name":"wp","href":"https:\/\/api.w.org\/{rel}","templated":true}]}}