{"id":80674,"date":"2019-01-25T19:35:28","date_gmt":"2019-01-25T17:35:28","guid":{"rendered":"http:\/\/www.tucomarca.com\/wordpress\/segunda\/?p=80674"},"modified":"2019-01-25T19:35:28","modified_gmt":"2019-01-25T17:35:28","slug":"la-policia-local-de-xest-es-la-primera-a-espanya-amb-autoritzacio-per-utilitzar-drones-en-espai-aeri-controlat","status":"publish","type":"post","link":"https:\/\/tucomarca.whitekongsoftware.com\/ca\/la-policia-local-de-xest-es-la-primera-a-espanya-amb-autoritzacio-per-utilitzar-drones-en-espai-aeri-controlat\/","title":{"rendered":"La Policia Local de Xest \u00e9s la primera a Espanya amb autoritzaci\u00f3 per utilitzar drones en espai aeri controlat"},"content":{"rendered":"<div class=\"\">\n<figure id=\"attachment_80663\" aria-describedby=\"caption-attachment-80663\" style=\"width: 305px\" class=\"wp-caption alignleft\"><img loading=\"lazy\" decoding=\"async\" class=\" wp-image-80663\" src=\"http:\/\/www.tucomarca.com\/wordpress\/segunda\/wp-content\/uploads\/2019\/01\/policiadrones.jpg\" alt=\"El alcalde, Jos\u00e9 Morell, en el coche de la Unidad Rura de Cheste.\" width=\"305\" height=\"229\" srcset=\"https:\/\/tucomarca.whitekongsoftware.com\/wp-content\/uploads\/2019\/01\/policiadrones.jpg 1024w, https:\/\/tucomarca.whitekongsoftware.com\/wp-content\/uploads\/2019\/01\/policiadrones-300x225.jpg 300w, https:\/\/tucomarca.whitekongsoftware.com\/wp-content\/uploads\/2019\/01\/policiadrones-768x576.jpg 768w\" sizes=\"auto, (max-width: 305px) 100vw, 305px\" \/><figcaption id=\"caption-attachment-80663\" class=\"wp-caption-text\">L&#8217;alcalde, Jos\u00e9 Morell, al cotxe de la Unitat Rura de Xest.<\/figcaption><\/figure>\n<p>Ahir, dijous 24 de gener, la Policia Local de Xest realitzar el seu primer vol de dron en espai aeri controlat, sent aix\u00ed el primer cos de policia local d&#8217;Espanya amb autoritzaci\u00f3 per dur a terme operacions a\u00e8ries en espai controlat, tal com ho ha certificat la companyia que gestiona la navegaci\u00f3 a\u00e8ria en territori espanyol (Aeroports Espanyols i navegaci\u00f3 a\u00e8ria).<br \/>\n&#8220;L&#8217;objectiu principal d&#8217;aquests vols \u00e9s la prevenci\u00f3 de robatoris al camp, que tants problemes ve ocasionant als agricultors de la zona&#8221;, explica l&#8217;alcalde de Xest, Jos\u00e9 Morell. El dron tamb\u00e9 s&#8217;emprar\u00e0 en altres comeses, com &#8220;el control d&#8217;abocaments il\u00b7legals, la prevenci\u00f3 de cremes incontrolades, aix\u00ed com la identificaci\u00f3 de construccions no autoritzades, fins i tot en serveis humanitaris, com ara recerques de persones desaparegudes dins el terme municipal i qualsevol altra emerg\u00e8ncia de protecci\u00f3 civil que pogu\u00e9s sorgir &#8220;, tal com ha especificat Morell.<\/p>\n<p>Els encarregats de dur a terme aquestes operacions seran l&#8217;Inspector Cap de la Policia Local, un agent i dos guardes rurals. Tots han estat pr\u00e8viament formats, obtenint el certificat oficial de pilot avan\u00e7at de drones, l&#8217;habilitaci\u00f3 per volar l&#8217;dron i el certificat de qualificaci\u00f3 de radiofonista, imprescindible per poder volar en espai aeri controlat.<\/p>\n<p>Disposen d&#8217;un dron d&#8217;\u00faltima tecnologia i de mida petita, prove\u00eft d&#8217;una c\u00e0mera gir-estabilitzada amb zoom \u00f2ptic i una autonomia de vol real de fins a 31 minuts, capa\u00e7 de detectar pres\u00e8ncia de persones a m\u00e9s de 200 metres de dist\u00e0ncia, i amb capacitat de poder retransmetre imatges en temps real des del dron a un centre operatiu determinat.<\/p>\n<\/div>\n<div class=\"\"><\/div>\n<div class=\"\">\n<figure id=\"attachment_80666\" aria-describedby=\"caption-attachment-80666\" style=\"width: 304px\" class=\"wp-caption alignleft\"><img loading=\"lazy\" decoding=\"async\" class=\" wp-image-80666\" src=\"http:\/\/www.tucomarca.com\/wordpress\/segunda\/wp-content\/uploads\/2019\/01\/policiadrones2.jpg\" alt=\"La Polic\u00eda Local de Cheste es la primera en Espa\u00f1a con autorizaci\u00f3n para utilizar drones en espacio a\u00e9reo controlado.\" width=\"304\" height=\"228\" srcset=\"https:\/\/tucomarca.whitekongsoftware.com\/wp-content\/uploads\/2019\/01\/policiadrones2.jpg 640w, https:\/\/tucomarca.whitekongsoftware.com\/wp-content\/uploads\/2019\/01\/policiadrones2-300x225.jpg 300w\" sizes=\"auto, (max-width: 304px) 100vw, 304px\" \/><figcaption id=\"caption-attachment-80666\" class=\"wp-caption-text\">La Policia Local de Xest \u00e9s la primera a Espanya amb autoritzaci\u00f3 per utilitzar drones en espai aeri controlat.<\/figcaption><\/figure>\n<\/div>\n<div class=\"\"><\/div>\n<div class=\"\">En cada vol, la Policia Local de Xest haur\u00e0 de posar-se en contacte pr\u00e8viament amb responsables de la companyia de navegaci\u00f3 a\u00e8ria per comunicar-los on van a realitzar-se les operacions de vol, les coordenades, l&#8217;al\u00e7ada i el temps que estar\u00e0 en l&#8217;aire el dron. De la mateixa manera, es comunicar\u00e0 la finalitzaci\u00f3 del vol.<\/div>\n","protected":false},"excerpt":{"rendered":"<div class=\"mh-excerpt\">Ahir, dijous 24 de gener, la Policia Local de Xest realitzar el seu primer vol de dron en espai aeri controlat, sent aix\u00ed el primer cos de policia local d&#8217;Espanya amb autoritzaci\u00f3 per dur a <a class=\"mh-excerpt-more\" href=\"https:\/\/tucomarca.whitekongsoftware.com\/ca\/la-policia-local-de-xest-es-la-primera-a-espanya-amb-autoritzacio-per-utilitzar-drones-en-espai-aeri-controlat\/\" title=\"La Policia Local de Xest \u00e9s la primera a Espanya amb autoritzaci\u00f3 per utilitzar drones en espai aeri controlat\">[+] <\/a><\/div>\n","protected":false},"author":2,"featured_media":80666,"comment_status":"open","ping_status":"open","sticky":false,"template":"","format":"standard","meta":{"footnotes":""},"categories":[10898,10948,10894,10912,10896,10974],"tags":[11109],"class_list":["post-80674","post","type-post","status-publish","format-standard","has-post-thumbnail","category-ventana-ca","category-infraestructuras-ca","category-la-comarca-ca","category-la-hoya-ca","category-seccion-ca","category-cheste-ca","tag-xest"],"_links":{"self":[{"href":"https:\/\/tucomarca.whitekongsoftware.com\/ca\/wp-json\/wp\/v2\/posts\/80674","targetHints":{"allow":["GET"]}}],"collection":[{"href":"https:\/\/tucomarca.whitekongsoftware.com\/ca\/wp-json\/wp\/v2\/posts"}],"about":[{"href":"https:\/\/tucomarca.whitekongsoftware.com\/ca\/wp-json\/wp\/v2\/types\/post"}],"author":[{"embeddable":true,"href":"https:\/\/tucomarca.whitekongsoftware.com\/ca\/wp-json\/wp\/v2\/users\/2"}],"replies":[{"embeddable":true,"href":"https:\/\/tucomarca.whitekongsoftware.com\/ca\/wp-json\/wp\/v2\/comments?post=80674"}],"version-history":[{"count":0,"href":"https:\/\/tucomarca.whitekongsoftware.com\/ca\/wp-json\/wp\/v2\/posts\/80674\/revisions"}],"wp:featuredmedia":[{"embeddable":true,"href":"https:\/\/tucomarca.whitekongsoftware.com\/ca\/wp-json\/wp\/v2\/media\/80666"}],"wp:attachment":[{"href":"https:\/\/tucomarca.whitekongsoftware.com\/ca\/wp-json\/wp\/v2\/media?parent=80674"}],"wp:term":[{"taxonomy":"category","embeddable":true,"href":"https:\/\/tucomarca.whitekongsoftware.com\/ca\/wp-json\/wp\/v2\/categories?post=80674"},{"taxonomy":"post_tag","embeddable":true,"href":"https:\/\/tucomarca.whitekongsoftware.com\/ca\/wp-json\/wp\/v2\/tags?post=80674"}],"curies":[{"name":"wp","href":"https:\/\/api.w.org\/{rel}","templated":true}]}}