{"id":80602,"date":"2019-01-25T12:13:12","date_gmt":"2019-01-25T10:13:12","guid":{"rendered":"http:\/\/www.tucomarca.com\/wordpress\/segunda\/?p=80602"},"modified":"2019-01-28T11:40:21","modified_gmt":"2019-01-28T09:40:21","slug":"video-monica-oltra-valora-el-trasllat-del-centre-de-menors-de-bunyol","status":"publish","type":"post","link":"https:\/\/tucomarca.whitekongsoftware.com\/ca\/video-monica-oltra-valora-el-trasllat-del-centre-de-menors-de-bunyol\/","title":{"rendered":"V\u00eddeo: M\u00f2nica Oltra valora el trasllat del Centre de Menors de Bunyol"},"content":{"rendered":"<p>La vicepresidenta del Consell i responsable de la conselleria d&#8217;Igualtat i Pol\u00edtiques Inclusives, M\u00f3nica Oltra, valora per tucomarca televisi\u00f3 el trasllat del Centre de Menors de Bunyol.<\/p>\n","protected":false},"excerpt":{"rendered":"<div class=\"mh-excerpt\">La vicepresidenta del Consell i responsable de la conselleria d&#8217;Igualtat i Pol\u00edtiques Inclusives, M\u00f3nica Oltra, valora per tucomarca televisi\u00f3 el trasllat del Centre de Menors de Bunyol.<\/div>\n","protected":false},"author":1,"featured_media":80600,"comment_status":"open","ping_status":"open","sticky":false,"template":"","format":"standard","meta":{"footnotes":""},"categories":[10911,10898,10948,10894,10912,10947,10895,10896,10897,11062],"tags":[10913,11314,11446,11445],"class_list":["post-80602","post","type-post","status-publish","format-standard","has-post-thumbnail","category-bunol-ca","category-ventana-ca","category-infraestructuras-ca","category-la-comarca-ca","category-la-hoya-ca","category-politica","category-premsavalenciana-ca","category-seccion-ca","category-sucesos-la-comarca-ca","category-videos","tag-bunol-ca","tag-bunyol-ca","tag-centre-menors","tag-centro-menores-ca"],"_links":{"self":[{"href":"https:\/\/tucomarca.whitekongsoftware.com\/ca\/wp-json\/wp\/v2\/posts\/80602","targetHints":{"allow":["GET"]}}],"collection":[{"href":"https:\/\/tucomarca.whitekongsoftware.com\/ca\/wp-json\/wp\/v2\/posts"}],"about":[{"href":"https:\/\/tucomarca.whitekongsoftware.com\/ca\/wp-json\/wp\/v2\/types\/post"}],"author":[{"embeddable":true,"href":"https:\/\/tucomarca.whitekongsoftware.com\/ca\/wp-json\/wp\/v2\/users\/1"}],"replies":[{"embeddable":true,"href":"https:\/\/tucomarca.whitekongsoftware.com\/ca\/wp-json\/wp\/v2\/comments?post=80602"}],"version-history":[{"count":0,"href":"https:\/\/tucomarca.whitekongsoftware.com\/ca\/wp-json\/wp\/v2\/posts\/80602\/revisions"}],"wp:featuredmedia":[{"embeddable":true,"href":"https:\/\/tucomarca.whitekongsoftware.com\/ca\/wp-json\/wp\/v2\/media\/80600"}],"wp:attachment":[{"href":"https:\/\/tucomarca.whitekongsoftware.com\/ca\/wp-json\/wp\/v2\/media?parent=80602"}],"wp:term":[{"taxonomy":"category","embeddable":true,"href":"https:\/\/tucomarca.whitekongsoftware.com\/ca\/wp-json\/wp\/v2\/categories?post=80602"},{"taxonomy":"post_tag","embeddable":true,"href":"https:\/\/tucomarca.whitekongsoftware.com\/ca\/wp-json\/wp\/v2\/tags?post=80602"}],"curies":[{"name":"wp","href":"https:\/\/api.w.org\/{rel}","templated":true}]}}