{"id":80523,"date":"2019-01-22T21:53:47","date_gmt":"2019-01-22T19:53:47","guid":{"rendered":"http:\/\/www.tucomarca.com\/wordpress\/segunda\/?p=80523"},"modified":"2019-01-22T21:53:47","modified_gmt":"2019-01-22T19:53:47","slug":"bunyol-rep-el-suport-de-turisme-a-la-seua-candidatura-per-ingressar-a-la-xarxa-de-ciutats-creatives-de-la-unesco","status":"publish","type":"post","link":"https:\/\/tucomarca.whitekongsoftware.com\/ca\/bunyol-rep-el-suport-de-turisme-a-la-seua-candidatura-per-ingressar-a-la-xarxa-de-ciutats-creatives-de-la-unesco\/","title":{"rendered":"Bunyol rep el suport de Turisme a la seua candidatura per ingressar a la Xarxa de Ciutats Creatives de la UNESCO"},"content":{"rendered":"<p>El responsable de l&#8217;\u00e0rea de Turisme de l&#8217;Ajuntament de Bunyol, Manuel Serra, ha informat del suport rebut per part de Turisme Comunitat Valenciana, \u00aba la candidatura de Bunyol per a ingressar a la Xarxa de Ciutats Creatives de la UNESCO, en la categoria de&#8221; M\u00fasica &#8220;\u00bb.<\/p>\n<p>Com ha explicat l&#8217;edil, \u00abel passat 10 de gener, el secretari auton\u00f2mic de Turisme, Francesc Colomer, contestava per escrit a l&#8217;Ajuntament de Bu\u00f1ol que tenint const\u00e0ncia de la candidatura de la ciutat de Bunyol per a ingressar a la Xarxa de Ciutats Creatives de la UNESCO, en la categoria de &#8220;M\u00fasica&#8221;, i donat el seu reconeixement, tant a nivell nacional com internacional, la seva traject\u00f2ria, l&#8217;alt percentatge de ciutadans amb estudis musicals, aix\u00ed com d&#8217;aficionats, les seves diferents estructures per a l&#8217;educaci\u00f3 i la interpretaci\u00f3 musical, seva contrastada capacitat per organitzar esdeveniments musicals, etc\u00e8tera, manifestem el nostre total suport a aquesta candidatura &#8220;.<\/p>\n<p>Segons el regidor, \u00abaquest suport expl\u00edcit de Turisme Comunitat Valenciana per sort no ha estat una excepci\u00f3 durant aquesta legislatura per Bunyol, on aquest \u00f2rgan pertanyent a la Generalitat, ha estat present en els diferents esdeveniments musicals duts a terme per la poblaci\u00f3, com el m\u00e0 a m\u00e0 o el concert a Tres Bandes, representants d&#8217;aquest turisme cultural, segell de l&#8217;actual govern auton\u00f2mic. La intensa activitat al respecte va fer que Bunyol i en concret el seu museu de la Tomatina, fos l&#8217;escenari triat per Turisme Comunitat Valenciana, per a presentar oficialment la seva nova Llei de Turisme, Oci i Hospitalitat, per a tota la comunitat aut\u00f2noma, el 2 de desembre passat de 2017\u00bb.<\/p>\n<p>\u00abEl congr\u00e9s de la WASBE, que es dur\u00e0 a terme a Bu\u00f1ol del 10 al 13 de juliol, tamb\u00e9 comptar\u00e0 amb el suport de l&#8217;\u00f2rgan auton\u00f2mic liderat per Francesc Colomer\u00bb, ha finalitzat el regidor.<\/p>\n","protected":false},"excerpt":{"rendered":"<div class=\"mh-excerpt\">El responsable de l&#8217;\u00e0rea de Turisme de l&#8217;Ajuntament de Bunyol, Manuel Serra, ha informat del suport rebut per part de Turisme Comunitat Valenciana, \u00aba la candidatura de Bunyol per a ingressar a la Xarxa de <a class=\"mh-excerpt-more\" href=\"https:\/\/tucomarca.whitekongsoftware.com\/ca\/bunyol-rep-el-suport-de-turisme-a-la-seua-candidatura-per-ingressar-a-la-xarxa-de-ciutats-creatives-de-la-unesco\/\" title=\"Bunyol rep el suport de Turisme a la seua candidatura per ingressar a la Xarxa de Ciutats Creatives de la UNESCO\">[+] <\/a><\/div>\n","protected":false},"author":1,"featured_media":80524,"comment_status":"open","ping_status":"open","sticky":false,"template":"","format":"standard","meta":{"footnotes":""},"categories":[10911,10898,10912,11007,10896],"tags":[10913,11314],"class_list":["post-80523","post","type-post","status-publish","format-standard","has-post-thumbnail","category-bunol-ca","category-ventana-ca","category-la-hoya-ca","category-ocio-y-cultura-ca","category-seccion-ca","tag-bunol-ca","tag-bunyol-ca"],"_links":{"self":[{"href":"https:\/\/tucomarca.whitekongsoftware.com\/ca\/wp-json\/wp\/v2\/posts\/80523","targetHints":{"allow":["GET"]}}],"collection":[{"href":"https:\/\/tucomarca.whitekongsoftware.com\/ca\/wp-json\/wp\/v2\/posts"}],"about":[{"href":"https:\/\/tucomarca.whitekongsoftware.com\/ca\/wp-json\/wp\/v2\/types\/post"}],"author":[{"embeddable":true,"href":"https:\/\/tucomarca.whitekongsoftware.com\/ca\/wp-json\/wp\/v2\/users\/1"}],"replies":[{"embeddable":true,"href":"https:\/\/tucomarca.whitekongsoftware.com\/ca\/wp-json\/wp\/v2\/comments?post=80523"}],"version-history":[{"count":0,"href":"https:\/\/tucomarca.whitekongsoftware.com\/ca\/wp-json\/wp\/v2\/posts\/80523\/revisions"}],"wp:featuredmedia":[{"embeddable":true,"href":"https:\/\/tucomarca.whitekongsoftware.com\/ca\/wp-json\/wp\/v2\/media\/80524"}],"wp:attachment":[{"href":"https:\/\/tucomarca.whitekongsoftware.com\/ca\/wp-json\/wp\/v2\/media?parent=80523"}],"wp:term":[{"taxonomy":"category","embeddable":true,"href":"https:\/\/tucomarca.whitekongsoftware.com\/ca\/wp-json\/wp\/v2\/categories?post=80523"},{"taxonomy":"post_tag","embeddable":true,"href":"https:\/\/tucomarca.whitekongsoftware.com\/ca\/wp-json\/wp\/v2\/tags?post=80523"}],"curies":[{"name":"wp","href":"https:\/\/api.w.org\/{rel}","templated":true}]}}