{"id":80343,"date":"2019-01-19T13:47:39","date_gmt":"2019-01-19T11:47:39","guid":{"rendered":"http:\/\/www.tucomarca.com\/wordpress\/segunda\/?p=80343"},"modified":"2019-01-19T13:47:39","modified_gmt":"2019-01-19T11:47:39","slug":"turisme-comunitat-valenciana-dona-suport-a-la-candidatura-de-lliria-per-a-ser-declarada-ciutat-creativa-de-la-musica-per-la-unesco","status":"publish","type":"post","link":"https:\/\/tucomarca.whitekongsoftware.com\/ca\/turisme-comunitat-valenciana-dona-suport-a-la-candidatura-de-lliria-per-a-ser-declarada-ciutat-creativa-de-la-musica-per-la-unesco\/","title":{"rendered":"Turisme Comunitat Valenciana dona suport a la candidatura de Ll\u00edria per a ser declarada Ciutat Creativa de la M\u00fasica per la Unesco"},"content":{"rendered":"<figure id=\"attachment_80340\" aria-describedby=\"caption-attachment-80340\" style=\"width: 506px\" class=\"wp-caption alignleft\"><img loading=\"lazy\" decoding=\"async\" class=\" wp-image-80340\" src=\"http:\/\/www.tucomarca.com\/wordpress\/segunda\/wp-content\/uploads\/2019\/01\/LliriaTurisme.jpeg\" alt=\"El secretario auton\u00f3mico de Turisme se ha reunido con el concejal de cultural de Ll\u00edria para conocer la candidatura.\" width=\"506\" height=\"246\" srcset=\"https:\/\/tucomarca.whitekongsoftware.com\/wp-content\/uploads\/2019\/01\/LliriaTurisme.jpeg 1600w, https:\/\/tucomarca.whitekongsoftware.com\/wp-content\/uploads\/2019\/01\/LliriaTurisme-300x146.jpeg 300w, https:\/\/tucomarca.whitekongsoftware.com\/wp-content\/uploads\/2019\/01\/LliriaTurisme-768x373.jpeg 768w, https:\/\/tucomarca.whitekongsoftware.com\/wp-content\/uploads\/2019\/01\/LliriaTurisme-1024x497.jpeg 1024w\" sizes=\"auto, (max-width: 506px) 100vw, 506px\" \/><figcaption id=\"caption-attachment-80340\" class=\"wp-caption-text\">El secretari auton\u00f2mic de Turisme, Francesc Colomer, s&#8217;ha reunit amb el regidor de Cultura de Ll\u00edria, Francisco Garc\u00eda, per a con\u00e9ixer la candidatura.<\/figcaption><\/figure>\n<p>El secretari auton\u00f2mic de Turisme, Francesc Colomer, s&#8217;ha reunit amb el regidor de Cultura de Ll\u00edria, Francisco Garc\u00eda, per a con\u00e9ixer la candidatura d&#8217;aquesta localitat per a formar part de la xarxa de ciutats creatives de la Unesco en la categoria de m\u00fasica. A la reuni\u00f3 tamb\u00e9 han assistit la directora de l&#8217;equip redactor de la candidatura, la professora de la Universitat Polit\u00e8cnica de Val\u00e8ncia, Maria Jos\u00e9 Vi\u00f1als, i el t\u00e8cnic municipal de Turisme, Vicente Ses\u00e9.<\/p>\n<p>Colomer ha mostrat el suport de Turisme Comunitat Valenciana a aquesta candidatura per a aconseguir que &#8220;la identitat musical d&#8217;aquesta ciutat i la seua gent obtinga el reconeixement internacional que mereix; una declaraci\u00f3, a m\u00e9s, que contribuiria a potenciar la Comunitat Valenciana com a destinaci\u00f3 de turisme musical.<\/p>\n<p>El secretari auton\u00f2mic ha destacat &#8220;el gran treball que est\u00e0 duent a terme Ll\u00edria per a potenciar la m\u00fasica com a atractiu tur\u00edstic, una tasca a la qual donem suport des de Turisme amb la nostra marca Mediterranew Musix&#8221;.<\/p>\n<p>Francesc Colomer ha subratllat, a m\u00e9s, l&#8217;alt percentatge dels ciutadans de Ll\u00edria amb estudis musicals i el valor dinamitzador que la m\u00fasica t\u00e9 en l&#8217;economia local.<\/p>\n<p>Cal recordar que en aquest 2019 la localitat celebra el 200 aniversari de les bandes de m\u00fasica civils i que en 2018 les Corts van declarar per unanimitat Ll\u00edria com a Ciutat Valenciana de la M\u00fasica i, a m\u00e9s, van mostrar el seu suport a la candidatura a la Unesco.<\/p>\n","protected":false},"excerpt":{"rendered":"<div class=\"mh-excerpt\">El secretari auton\u00f2mic de Turisme, Francesc Colomer, s&#8217;ha reunit amb el regidor de Cultura de Ll\u00edria, Francisco Garc\u00eda, per a con\u00e9ixer la candidatura d&#8217;aquesta localitat per a formar part de la xarxa de ciutats creatives <a class=\"mh-excerpt-more\" href=\"https:\/\/tucomarca.whitekongsoftware.com\/ca\/turisme-comunitat-valenciana-dona-suport-a-la-candidatura-de-lliria-per-a-ser-declarada-ciutat-creativa-de-la-musica-per-la-unesco\/\" title=\"Turisme Comunitat Valenciana dona suport a la candidatura de Ll\u00edria per a ser declarada Ciutat Creativa de la M\u00fasica per la Unesco\">[+] <\/a><\/div>\n","protected":false},"author":1,"featured_media":80340,"comment_status":"open","ping_status":"open","sticky":false,"template":"","format":"standard","meta":{"footnotes":""},"categories":[10892,11005,10898,10894,10904,10928,11007,10947,10896],"tags":[10899,11070],"class_list":["post-80343","post","type-post","status-publish","format-standard","has-post-thumbnail","category-camp-de-turia-ca","category-canal-musica","category-ventana-ca","category-la-comarca-ca","category-sin-categorizar-ca","category-lliria-ca","category-ocio-y-cultura-ca","category-politica","category-seccion-ca","tag-camp-de-turia-ca","tag-lliria-ca"],"_links":{"self":[{"href":"https:\/\/tucomarca.whitekongsoftware.com\/ca\/wp-json\/wp\/v2\/posts\/80343","targetHints":{"allow":["GET"]}}],"collection":[{"href":"https:\/\/tucomarca.whitekongsoftware.com\/ca\/wp-json\/wp\/v2\/posts"}],"about":[{"href":"https:\/\/tucomarca.whitekongsoftware.com\/ca\/wp-json\/wp\/v2\/types\/post"}],"author":[{"embeddable":true,"href":"https:\/\/tucomarca.whitekongsoftware.com\/ca\/wp-json\/wp\/v2\/users\/1"}],"replies":[{"embeddable":true,"href":"https:\/\/tucomarca.whitekongsoftware.com\/ca\/wp-json\/wp\/v2\/comments?post=80343"}],"version-history":[{"count":0,"href":"https:\/\/tucomarca.whitekongsoftware.com\/ca\/wp-json\/wp\/v2\/posts\/80343\/revisions"}],"wp:featuredmedia":[{"embeddable":true,"href":"https:\/\/tucomarca.whitekongsoftware.com\/ca\/wp-json\/wp\/v2\/media\/80340"}],"wp:attachment":[{"href":"https:\/\/tucomarca.whitekongsoftware.com\/ca\/wp-json\/wp\/v2\/media?parent=80343"}],"wp:term":[{"taxonomy":"category","embeddable":true,"href":"https:\/\/tucomarca.whitekongsoftware.com\/ca\/wp-json\/wp\/v2\/categories?post=80343"},{"taxonomy":"post_tag","embeddable":true,"href":"https:\/\/tucomarca.whitekongsoftware.com\/ca\/wp-json\/wp\/v2\/tags?post=80343"}],"curies":[{"name":"wp","href":"https:\/\/api.w.org\/{rel}","templated":true}]}}