{"id":80317,"date":"2019-01-19T12:28:42","date_gmt":"2019-01-19T10:28:42","guid":{"rendered":"http:\/\/www.tucomarca.com\/wordpress\/segunda\/?p=80317"},"modified":"2019-01-19T12:28:42","modified_gmt":"2019-01-19T10:28:42","slug":"mulero-el-consell-de-ximo-puig-destinara-3-milions-deuros-per-financar-un-pla-extraordinari-docupacio-a-la-ribera-per-a-les-persones-afectades-pel-granis","status":"publish","type":"post","link":"https:\/\/tucomarca.whitekongsoftware.com\/ca\/mulero-el-consell-de-ximo-puig-destinara-3-milions-deuros-per-financar-un-pla-extraordinari-docupacio-a-la-ribera-per-a-les-persones-afectades-pel-granis\/","title":{"rendered":"Mulero: &#8220;El Consell de Ximo Puig destinar\u00e0 3 milions d&#8217;euros per finan\u00e7ar un pla extraordinari d&#8217;ocupaci\u00f3 a la Ribera per a les persones afectades pel gran\u00eds&#8221;"},"content":{"rendered":"<figure id=\"attachment_80314\" aria-describedby=\"caption-attachment-80314\" style=\"width: 437px\" class=\"wp-caption alignleft\"><img loading=\"lazy\" decoding=\"async\" class=\" wp-image-80314\" src=\"http:\/\/www.tucomarca.com\/wordpress\/segunda\/wp-content\/uploads\/2019\/01\/carcaixent.jpeg\" alt=\"Francisco Rodr\u00edguez Mulero ha participado este mi\u00e9rcoles en un acto junto a la candidata socialista a la Alcald\u00eda de Carcaixent, Sara Diert.\" width=\"437\" height=\"246\" srcset=\"https:\/\/tucomarca.whitekongsoftware.com\/wp-content\/uploads\/2019\/01\/carcaixent.jpeg 1599w, https:\/\/tucomarca.whitekongsoftware.com\/wp-content\/uploads\/2019\/01\/carcaixent-300x169.jpeg 300w, https:\/\/tucomarca.whitekongsoftware.com\/wp-content\/uploads\/2019\/01\/carcaixent-768x432.jpeg 768w, https:\/\/tucomarca.whitekongsoftware.com\/wp-content\/uploads\/2019\/01\/carcaixent-1024x576.jpeg 1024w\" sizes=\"auto, (max-width: 437px) 100vw, 437px\" \/><figcaption id=\"caption-attachment-80314\" class=\"wp-caption-text\">Francisco Rodr\u00edguez Mulero ha participat aquest dimecres en un acte al costat de la candidata socialista a l&#8217;Alcaldia de Carcaixent, Sara Diert.<\/figcaption><\/figure>\n<p><strong>El secretari auton\u00f2mic d&#8217;Agricultura assenyala que &#8220;\u00e9s una prioritat per al president Ximo Puig assumir les reivindicacions del sector agrari valenci\u00e0 i, per tant, buscar solucions als problemes que est\u00e0 patint un sector que \u00e9s fonamental per a la Comunitat&#8221;<\/strong><\/p>\n<p>El secretari auton\u00f2mic d&#8217;Agricultura i Desenvolupament Rural de la Generalitat, Francesc Rodr\u00edguez Mulero, ha participat aquest dimecres en un acte al costat de la candidata socialista a l&#8217;Alcaldia de Carcaixent, Sara Diert, per explicar els Pressupostos de la Generalitat 2019 i fer balan\u00e7 dels tres anys i mig de Govern a la Comunitat. Mulero ha destacat &#8220;el comprom\u00eds del Consell de Ximo Puig amb les comarques de la Ribera en destinar 3 milions d&#8217;euros per finan\u00e7ar un pla extraordinari d&#8217;ocupaci\u00f3 per a les persones treballadores del sector agroalimentari afectades per la calamarsa del 1 de juliol de 2018&#8221;.<\/p>\n<p>En aquest sentit, Mulero ha assenyalat que &#8220;\u00e9s una prioritat per al president Ximo Puig assumir les reivindicacions del sector agrari valenci\u00e0 i, per tant, buscar solucions als problemes que est\u00e0 patint un sector que \u00e9s fonamental per a la Comunitat&#8221;. El dirigent socialista ha recordat que el passat 11 de gener es va reunir amb diferents organitzacions agr\u00e0ries amb l&#8217;objectiu d &#8216; &#8220;abordar la crisi citr\u00edcola d&#8217;aquesta campanya i posar solucions immediates&#8221;, ha explicat. Mulero ha manifestat &#8220;la voluntat del Consell i les organitzacions agr\u00e0ries per anar de la m\u00e0 en donar respostes r\u00e0pides i efectives als agricultors&#8221;.<\/p>\n<p>Aix\u00ed mateix, per Mulero, els Pressupostos de la Generalitat per 2019 s\u00f3n &#8220;l&#8217;impuls definitiu al nou model econ\u00f2mic valenci\u00e0&#8221; i que es fonamenta, principalment, en la creaci\u00f3 d&#8217;ocupaci\u00f3. De fet, Mulero ha incidit durant la seva intervenci\u00f3 en que en aquests tres anys i mig de legislatura s&#8217;han creat m\u00e9s de 255.000 llocs de treball a tota la Comunitat i ha posat d&#8217;exemple a Carcaixent per aconseguir reduir baixar els seus n\u00fameros de desocupaci\u00f3 un 34,19% , amb 756 persones aturades menys, i amb una especial incid\u00e8ncia en grups socials molt danyats per la crisi com s\u00f3n els joves, entre els quals ha disminu\u00eft la desocupaci\u00f3 un 31,43% en el municipi, i en el cas de les dones, amb una reducci\u00f3 de l&#8217;atur del 26,48%. &#8220;L&#8217;ocupaci\u00f3 \u00e9s l&#8217;objectiu principal dels socialistes valencians perqu\u00e8 \u00e9s la base per a establir un projecte de vida&#8221;, ha sentenciat.<\/p>\n<p>Per la seva banda, la candidata socialista a l&#8217;Alcaldia de Carcaixent, Sara Diert, ha mostrat la seva preocupaci\u00f3 per la situaci\u00f3 del camp valenci\u00e0 a la comarca i ha destacat que &#8220;els socialistes som conscients de la situaci\u00f3 i no perdrem ni un minut m\u00e9s i anem a caminar al costat del sector a buscar solucions &#8220;.<\/p>\n","protected":false},"excerpt":{"rendered":"<div class=\"mh-excerpt\">El secretari auton\u00f2mic d&#8217;Agricultura assenyala que &#8220;\u00e9s una prioritat per al president Ximo Puig assumir les reivindicacions del sector agrari valenci\u00e0 i, per tant, buscar solucions als problemes que est\u00e0 patint un sector que \u00e9s <a class=\"mh-excerpt-more\" href=\"https:\/\/tucomarca.whitekongsoftware.com\/ca\/mulero-el-consell-de-ximo-puig-destinara-3-milions-deuros-per-financar-un-pla-extraordinari-docupacio-a-la-ribera-per-a-les-persones-afectades-pel-granis\/\" title=\"Mulero: &#8220;El Consell de Ximo Puig destinar\u00e0 3 milions d&#8217;euros per finan\u00e7ar un pla extraordinari d&#8217;ocupaci\u00f3 a la Ribera per a les persones afectades pel gran\u00eds&#8221;\">[+] <\/a><\/div>\n","protected":false},"author":2,"featured_media":80315,"comment_status":"open","ping_status":"open","sticky":false,"template":"","format":"standard","meta":{"footnotes":""},"categories":[10905,10894,10902,10896],"tags":[11319,11356],"class_list":["post-80317","post","type-post","status-publish","format-standard","has-post-thumbnail","category-agricultura-la-comarca-ca","category-la-comarca-ca","category-la-ribera-ca","category-seccion-ca","tag-pspv-psoe-ca","tag-ribera-alta-ca"],"_links":{"self":[{"href":"https:\/\/tucomarca.whitekongsoftware.com\/ca\/wp-json\/wp\/v2\/posts\/80317","targetHints":{"allow":["GET"]}}],"collection":[{"href":"https:\/\/tucomarca.whitekongsoftware.com\/ca\/wp-json\/wp\/v2\/posts"}],"about":[{"href":"https:\/\/tucomarca.whitekongsoftware.com\/ca\/wp-json\/wp\/v2\/types\/post"}],"author":[{"embeddable":true,"href":"https:\/\/tucomarca.whitekongsoftware.com\/ca\/wp-json\/wp\/v2\/users\/2"}],"replies":[{"embeddable":true,"href":"https:\/\/tucomarca.whitekongsoftware.com\/ca\/wp-json\/wp\/v2\/comments?post=80317"}],"version-history":[{"count":0,"href":"https:\/\/tucomarca.whitekongsoftware.com\/ca\/wp-json\/wp\/v2\/posts\/80317\/revisions"}],"wp:featuredmedia":[{"embeddable":true,"href":"https:\/\/tucomarca.whitekongsoftware.com\/ca\/wp-json\/wp\/v2\/media\/80315"}],"wp:attachment":[{"href":"https:\/\/tucomarca.whitekongsoftware.com\/ca\/wp-json\/wp\/v2\/media?parent=80317"}],"wp:term":[{"taxonomy":"category","embeddable":true,"href":"https:\/\/tucomarca.whitekongsoftware.com\/ca\/wp-json\/wp\/v2\/categories?post=80317"},{"taxonomy":"post_tag","embeddable":true,"href":"https:\/\/tucomarca.whitekongsoftware.com\/ca\/wp-json\/wp\/v2\/tags?post=80317"}],"curies":[{"name":"wp","href":"https:\/\/api.w.org\/{rel}","templated":true}]}}