{"id":80201,"date":"2019-01-17T22:46:13","date_gmt":"2019-01-17T20:46:13","guid":{"rendered":"http:\/\/www.tucomarca.com\/wordpress\/segunda\/?p=80201"},"modified":"2019-01-17T22:46:13","modified_gmt":"2019-01-17T20:46:13","slug":"la-diputacio-brinda-el-seu-suport-a-la-foguera-de-canals-declarada-dinteres-turistic-nacional","status":"publish","type":"post","link":"https:\/\/tucomarca.whitekongsoftware.com\/ca\/la-diputacio-brinda-el-seu-suport-a-la-foguera-de-canals-declarada-dinteres-turistic-nacional\/","title":{"rendered":"La Diputaci\u00f3 brinda el seu suport a la Foguera de Canals, declarada d&#8217;Inter\u00e8s Tur\u00edstic Nacional"},"content":{"rendered":"<figure id=\"attachment_80198\" aria-describedby=\"caption-attachment-80198\" style=\"width: 781px\" class=\"wp-caption alignnone\"><img loading=\"lazy\" decoding=\"async\" class=\" wp-image-80198\" src=\"http:\/\/www.tucomarca.com\/wordpress\/segunda\/wp-content\/uploads\/2019\/01\/LaCanal.jpg\" alt=\"Foguera de Canals 2019. Diputaci\u00f3 de Val\u00e8ncia. Foto de Jordi Casanova\" width=\"781\" height=\"521\" srcset=\"https:\/\/tucomarca.whitekongsoftware.com\/wp-content\/uploads\/2019\/01\/LaCanal.jpg 2545w, https:\/\/tucomarca.whitekongsoftware.com\/wp-content\/uploads\/2019\/01\/LaCanal-300x200.jpg 300w, https:\/\/tucomarca.whitekongsoftware.com\/wp-content\/uploads\/2019\/01\/LaCanal-768x512.jpg 768w, https:\/\/tucomarca.whitekongsoftware.com\/wp-content\/uploads\/2019\/01\/LaCanal-1024x683.jpg 1024w\" sizes=\"auto, (max-width: 781px) 100vw, 781px\" \/><figcaption id=\"caption-attachment-80198\" class=\"wp-caption-text\">Foguera de Canals 2019. Diputaci\u00f3 de Val\u00e8ncia. Foto de Jordi Casanova<\/figcaption><\/figure>\n<p>El president de la Diputaci\u00f3 de Val\u00e8ncia, Toni Gaspar, i diversos diputats i diputades provincials van estar presents aquest dimecres a la tradicional Foguera de Canals, declarada d&#8217;Inter\u00e8s Tur\u00edstic Nacional.<\/p>\n<p>Entre ells el diputat de Carreteres Pau Segu\u00ed; el diputat de Projectes Europeus, Bartolom\u00e9 Nofuentes; i la portaveu del PP Carmen Contelles.<\/p>\n<figure id=\"attachment_80202\" aria-describedby=\"caption-attachment-80202\" style=\"width: 688px\" class=\"wp-caption alignnone\"><img loading=\"lazy\" decoding=\"async\" class=\" wp-image-80202\" src=\"http:\/\/www.tucomarca.com\/wordpress\/segunda\/wp-content\/uploads\/2019\/01\/CanalsHoguera.jpg\" alt=\"Foguera de Canals 2019. Diputaci\u00f3 de Val\u00e8ncia. Foto de Jordi Casanova\" width=\"688\" height=\"459\" srcset=\"https:\/\/tucomarca.whitekongsoftware.com\/wp-content\/uploads\/2019\/01\/CanalsHoguera.jpg 2736w, https:\/\/tucomarca.whitekongsoftware.com\/wp-content\/uploads\/2019\/01\/CanalsHoguera-300x200.jpg 300w, https:\/\/tucomarca.whitekongsoftware.com\/wp-content\/uploads\/2019\/01\/CanalsHoguera-768x512.jpg 768w, https:\/\/tucomarca.whitekongsoftware.com\/wp-content\/uploads\/2019\/01\/CanalsHoguera-1024x683.jpg 1024w\" sizes=\"auto, (max-width: 688px) 100vw, 688px\" \/><figcaption id=\"caption-attachment-80202\" class=\"wp-caption-text\">Foguera de Canals 2019. Diputaci\u00f3 de Val\u00e8ncia. Foto de Jordi Casanova<\/figcaption><\/figure>\n","protected":false},"excerpt":{"rendered":"<div class=\"mh-excerpt\">El president de la Diputaci\u00f3 de Val\u00e8ncia, Toni Gaspar, i diversos diputats i diputades provincials van estar presents aquest dimecres a la tradicional Foguera de Canals, declarada d&#8217;Inter\u00e8s Tur\u00edstic Nacional. Entre ells el diputat de <a class=\"mh-excerpt-more\" href=\"https:\/\/tucomarca.whitekongsoftware.com\/ca\/la-diputacio-brinda-el-seu-suport-a-la-foguera-de-canals-declarada-dinteres-turistic-nacional\/\" title=\"La Diputaci\u00f3 brinda el seu suport a la Foguera de Canals, declarada d&#8217;Inter\u00e8s Tur\u00edstic Nacional\">[+] <\/a><\/div>\n","protected":false},"author":1,"featured_media":80199,"comment_status":"open","ping_status":"open","sticky":false,"template":"","format":"standard","meta":{"footnotes":""},"categories":[10967,10963,11004,11008,10896],"tags":[11430,11094],"class_list":["post-80201","post","type-post","status-publish","format-standard","has-post-thumbnail","category-canals-ca","category-la-canal-de-navarres-ca","category-la-semana-en-imagenes-ca","category-pueblos-en-fiestas-ca","category-seccion-ca","tag-canals-ca","tag-la-canal-de-navarres"],"_links":{"self":[{"href":"https:\/\/tucomarca.whitekongsoftware.com\/ca\/wp-json\/wp\/v2\/posts\/80201","targetHints":{"allow":["GET"]}}],"collection":[{"href":"https:\/\/tucomarca.whitekongsoftware.com\/ca\/wp-json\/wp\/v2\/posts"}],"about":[{"href":"https:\/\/tucomarca.whitekongsoftware.com\/ca\/wp-json\/wp\/v2\/types\/post"}],"author":[{"embeddable":true,"href":"https:\/\/tucomarca.whitekongsoftware.com\/ca\/wp-json\/wp\/v2\/users\/1"}],"replies":[{"embeddable":true,"href":"https:\/\/tucomarca.whitekongsoftware.com\/ca\/wp-json\/wp\/v2\/comments?post=80201"}],"version-history":[{"count":0,"href":"https:\/\/tucomarca.whitekongsoftware.com\/ca\/wp-json\/wp\/v2\/posts\/80201\/revisions"}],"wp:featuredmedia":[{"embeddable":true,"href":"https:\/\/tucomarca.whitekongsoftware.com\/ca\/wp-json\/wp\/v2\/media\/80199"}],"wp:attachment":[{"href":"https:\/\/tucomarca.whitekongsoftware.com\/ca\/wp-json\/wp\/v2\/media?parent=80201"}],"wp:term":[{"taxonomy":"category","embeddable":true,"href":"https:\/\/tucomarca.whitekongsoftware.com\/ca\/wp-json\/wp\/v2\/categories?post=80201"},{"taxonomy":"post_tag","embeddable":true,"href":"https:\/\/tucomarca.whitekongsoftware.com\/ca\/wp-json\/wp\/v2\/tags?post=80201"}],"curies":[{"name":"wp","href":"https:\/\/api.w.org\/{rel}","templated":true}]}}