{"id":80194,"date":"2019-01-17T22:58:15","date_gmt":"2019-01-17T20:58:15","guid":{"rendered":"http:\/\/www.tucomarca.com\/wordpress\/segunda\/?p=80194"},"modified":"2019-01-17T22:58:15","modified_gmt":"2019-01-17T20:58:15","slug":"les-18-societats-musicals-del-camp-de-turia-trien-a-miguel-monleon-com-a-president-comarcal-per-als-propers-quatre-anys","status":"publish","type":"post","link":"https:\/\/tucomarca.whitekongsoftware.com\/ca\/les-18-societats-musicals-del-camp-de-turia-trien-a-miguel-monleon-com-a-president-comarcal-per-als-propers-quatre-anys\/","title":{"rendered":"Les 18 societats musicals del Camp de T\u00faria trien a Miguel Monle\u00f3n com a president comarcal per als propers quatre anys"},"content":{"rendered":"<figure id=\"attachment_80191\" aria-describedby=\"caption-attachment-80191\" style=\"width: 256px\" class=\"wp-caption alignleft\"><img loading=\"lazy\" decoding=\"async\" class=\" wp-image-80191\" src=\"http:\/\/www.tucomarca.com\/wordpress\/segunda\/wp-content\/uploads\/2019\/01\/MiguelMonleonFSMCV.jpg\" alt=\"Miguel Monle\u00f3n ha recibido el 67% de los votos.\" width=\"256\" height=\"334\" srcset=\"https:\/\/tucomarca.whitekongsoftware.com\/wp-content\/uploads\/2019\/01\/MiguelMonleonFSMCV.jpg 585w, https:\/\/tucomarca.whitekongsoftware.com\/wp-content\/uploads\/2019\/01\/MiguelMonleonFSMCV-230x300.jpg 230w\" sizes=\"auto, (max-width: 256px) 100vw, 256px\" \/><figcaption id=\"caption-attachment-80191\" class=\"wp-caption-text\">Miguel Monle\u00f3n ha rebut el 67% dels vots.<\/figcaption><\/figure>\n<p>Les Societats Musicals de la comarca del Camp de T\u00faria han triat a Miguel Monle\u00f3n com a president comarcal de la FSMCV. Aquesta acci\u00f3 forma part del proc\u00e9s democr\u00e0tic de la Federaci\u00f3 per configurar tota la seva estructura que, a m\u00e9s de Junta Directiva, compta amb 30 presid\u00e8ncies comarcals i 3 presidents provincials.<\/p>\n<p>Les eleccions dels nous presidents comarcals de la FSMCV s&#8217;han celebrat despr\u00e9s de la votaci\u00f3, el passat 6 d&#8217;octubre al Palau de Congressos de Val\u00e8ncia, de la nova Junta Directiva de la Federaci\u00f3 per als propers 4 anys, que ser\u00e0 presidida de nou per Pedro Rodr\u00edguez.<\/p>\n<p>Miguel Monle\u00f3n, que ha estat elegit pel 67% dels vots, pertany a les societats musicals de Marines i Sant Antoni de Benag\u00e9ber. Ell va ser el fundador i president, d&#8217;aquesta \u00faltima en 2006 i, actualment, pertany a la seva junta directiva.<\/p>\n<p>&#8220;S\u00f3c un fan\u00e0tic de les bandes de m\u00fasica, per tradici\u00f3 familiar, des de molt petit. Sempre he desitjat formar part de la FSMCV i vull ajudar les societats musicals de la comarca, perqu\u00e8 no es perdi aquest tresor musical que tenim els valencians &#8220;, ha declarat Miguel Monl\u00e9on.<\/p>\n<p>&#8220;El meu principal objectiu ser\u00e0 ajudar a les societats musicals en la relaci\u00f3 amb la FSMCV per a, entre tots, protegir i beneficiar la m\u00fasica de banda i que es fomenti la seva pr\u00e0ctica, sobretot, entre els nens i joves&#8221;, ha continuat Monle\u00f3n.<\/p>\n<p>Actualment, la comarca del Camp de T\u00faria compta amb 18 societats musicals. Des de la FSMCV s&#8217;ha destacat que disposar d&#8217;una estructura comarcal \u00e9s la clau que converteix a les Societats Musicals a principal element vertebrador de la Comunitat Valenciana. De fet, un dels projectes m\u00e9s potents de la FSMCV \u00e9s el seu programa anual d&#8217;activitats comarcals que est\u00e0 destinat a arribar al m\u00e0xim nombre de municipis amb l&#8217;objectiu d&#8217;implicar-hi al major nombre possible d&#8217;actors socials.<\/p>\n","protected":false},"excerpt":{"rendered":"<div class=\"mh-excerpt\">Les Societats Musicals de la comarca del Camp de T\u00faria han triat a Miguel Monle\u00f3n com a president comarcal de la FSMCV. Aquesta acci\u00f3 forma part del proc\u00e9s democr\u00e0tic de la Federaci\u00f3 per configurar tota <a class=\"mh-excerpt-more\" href=\"https:\/\/tucomarca.whitekongsoftware.com\/ca\/les-18-societats-musicals-del-camp-de-turia-trien-a-miguel-monleon-com-a-president-comarcal-per-als-propers-quatre-anys\/\" title=\"Les 18 societats musicals del Camp de T\u00faria trien a Miguel Monle\u00f3n com a president comarcal per als propers quatre anys\">[+] <\/a><\/div>\n","protected":false},"author":1,"featured_media":80192,"comment_status":"open","ping_status":"open","sticky":false,"template":"","format":"standard","meta":{"footnotes":""},"categories":[10892,11005,10898,10932,11007,10934,10896],"tags":[10899,11210],"class_list":["post-80194","post","type-post","status-publish","format-standard","has-post-thumbnail","category-camp-de-turia-ca","category-canal-musica","category-ventana-ca","category-marines-ca","category-ocio-y-cultura-ca","category-san-antonio-de-benageber-ca","category-seccion-ca","tag-camp-de-turia-ca","tag-fsmcv-ca"],"_links":{"self":[{"href":"https:\/\/tucomarca.whitekongsoftware.com\/ca\/wp-json\/wp\/v2\/posts\/80194","targetHints":{"allow":["GET"]}}],"collection":[{"href":"https:\/\/tucomarca.whitekongsoftware.com\/ca\/wp-json\/wp\/v2\/posts"}],"about":[{"href":"https:\/\/tucomarca.whitekongsoftware.com\/ca\/wp-json\/wp\/v2\/types\/post"}],"author":[{"embeddable":true,"href":"https:\/\/tucomarca.whitekongsoftware.com\/ca\/wp-json\/wp\/v2\/users\/1"}],"replies":[{"embeddable":true,"href":"https:\/\/tucomarca.whitekongsoftware.com\/ca\/wp-json\/wp\/v2\/comments?post=80194"}],"version-history":[{"count":0,"href":"https:\/\/tucomarca.whitekongsoftware.com\/ca\/wp-json\/wp\/v2\/posts\/80194\/revisions"}],"wp:featuredmedia":[{"embeddable":true,"href":"https:\/\/tucomarca.whitekongsoftware.com\/ca\/wp-json\/wp\/v2\/media\/80192"}],"wp:attachment":[{"href":"https:\/\/tucomarca.whitekongsoftware.com\/ca\/wp-json\/wp\/v2\/media?parent=80194"}],"wp:term":[{"taxonomy":"category","embeddable":true,"href":"https:\/\/tucomarca.whitekongsoftware.com\/ca\/wp-json\/wp\/v2\/categories?post=80194"},{"taxonomy":"post_tag","embeddable":true,"href":"https:\/\/tucomarca.whitekongsoftware.com\/ca\/wp-json\/wp\/v2\/tags?post=80194"}],"curies":[{"name":"wp","href":"https:\/\/api.w.org\/{rel}","templated":true}]}}