{"id":80179,"date":"2019-01-17T22:53:37","date_gmt":"2019-01-17T20:53:37","guid":{"rendered":"http:\/\/www.tucomarca.com\/wordpress\/segunda\/?p=80179"},"modified":"2019-01-17T22:53:37","modified_gmt":"2019-01-17T20:53:37","slug":"cs-lamenta-que-la-falta-de-previsio-del-tripartit-provoque-un-canvi-en-litinerari-de-la-processo-de-sant-antoni-a-alzira","status":"publish","type":"post","link":"https:\/\/tucomarca.whitekongsoftware.com\/ca\/cs-lamenta-que-la-falta-de-previsio-del-tripartit-provoque-un-canvi-en-litinerari-de-la-processo-de-sant-antoni-a-alzira\/","title":{"rendered":"Cs lamenta que la falta de previsi\u00f3 del tripartit provoque un canvi en l&#8217;itinerari de la process\u00f3 de Sant Antoni a Alzira"},"content":{"rendered":"<figure id=\"attachment_80176\" aria-describedby=\"caption-attachment-80176\" style=\"width: 368px\" class=\"wp-caption alignleft\"><img loading=\"lazy\" decoding=\"async\" class=\" wp-image-80176\" src=\"http:\/\/www.tucomarca.com\/wordpress\/segunda\/wp-content\/uploads\/2019\/01\/CiudadanosAlzira.jpg\" alt=\"Seg\u00fan Ciudadanos, la falta de previsi\u00f3n del tripartito provoca un cambio en el itinerario de la procesi\u00f3n de Sant Antoni.\" width=\"368\" height=\"276\" srcset=\"https:\/\/tucomarca.whitekongsoftware.com\/wp-content\/uploads\/2019\/01\/CiudadanosAlzira.jpg 624w, https:\/\/tucomarca.whitekongsoftware.com\/wp-content\/uploads\/2019\/01\/CiudadanosAlzira-300x225.jpg 300w\" sizes=\"auto, (max-width: 368px) 100vw, 368px\" \/><figcaption id=\"caption-attachment-80176\" class=\"wp-caption-text\">Segons Ciutadans, la falta de previsi\u00f3 del tripartit provoca un canvi en l&#8217;itinerari de la process\u00f3 de Sant Antoni.<\/figcaption><\/figure>\n<p>La portaveu de\u00a0Ciutadans (Cs) en\u00a0 Alzira, Mar\u00eda Jos\u00e9 Llopis, ha lamentat que &#8220;la falta de previsi\u00f3 del tripartit provoque un canvi en l&#8217;itinerari de la process\u00f3 de Sant Antoni Abat&#8221;. Llopis ha explicat que &#8220;el disseny del carrer Hort dels Frares \u00e9s una mostra m\u00e9s del que passa quan les coses no estan ben estudiades i planificades&#8221;. &#8220;Com ja va passar amb els maceteros del carrer P\u00e9rez Gald\u00f3s per Setmana Santa que van haver de ser despla\u00e7ats perqu\u00e8 els passos pogueren eixir en process\u00f3&#8221;, ha recordat.<\/p>\n<p>La regidora ha assenyalat que &#8220;en triar el paviment no es van tindre en compte els usos que es fan d&#8217;este carrer a la nostra ciutat&#8221;. Per Llopis, &#8220;el paviment no est\u00e0 preparat perqu\u00e8 passen tots els animals en la tradicional process\u00f3 d&#8217;este dissabte&#8221;. &#8220;Pot par\u00e9ixer una cosa sense impot\u00e0ncia, per\u00f2 ens servix per constatar la poca previsi\u00f3 que hi ha a la gesti\u00f3 de l&#8217;actual equip de govern, i de l&#8217;\u00e0rea d&#8217;urbanisme i serveis p\u00fablics en particular&#8221;, ha destacat la representant de Ciutadans.<\/p>\n<p>Aix\u00ed mateix, tamb\u00e9 ha indicat que &#8220;durant estos quatre anys, hem acumulat molts exemples d&#8217;actuacions que s&#8217;han fet i s&#8217;han modificat amb el gasto que aix\u00f2 suposa&#8221;. &#8220;Aix\u00f2 sense tindre en compte les mol\u00e8sties que ocasiona i la sensaci\u00f3 de desorientaci\u00f3 que transmeten a la poblaci\u00f3&#8221;, ha subratllat.<\/p>\n<p>D&#8217;altra banda, la regidora ha insistit que &#8220;si hagueren avisat amb temps als organitzadors, potser estos podrien haver estudiat l&#8217;\u00fas de botes per als cavalls, per exemple&#8221;. No obstant aix\u00f2, ha criticat, &#8220;es deixa per a l&#8217;\u00faltim moment quan ja no queda temps per a idear res&#8221;.<\/p>\n","protected":false},"excerpt":{"rendered":"<div class=\"mh-excerpt\">La portaveu de\u00a0Ciutadans (Cs) en\u00a0 Alzira, Mar\u00eda Jos\u00e9 Llopis, ha lamentat que &#8220;la falta de previsi\u00f3 del tripartit provoque un canvi en l&#8217;itinerari de la process\u00f3 de Sant Antoni Abat&#8221;. Llopis ha explicat que &#8220;el <a class=\"mh-excerpt-more\" href=\"https:\/\/tucomarca.whitekongsoftware.com\/ca\/cs-lamenta-que-la-falta-de-previsio-del-tripartit-provoque-un-canvi-en-litinerari-de-la-processo-de-sant-antoni-a-alzira\/\" title=\"Cs lamenta que la falta de previsi\u00f3 del tripartit provoque un canvi en l&#8217;itinerari de la process\u00f3 de Sant Antoni a Alzira\">[+] <\/a><\/div>\n","protected":false},"author":1,"featured_media":80177,"comment_status":"open","ping_status":"open","sticky":false,"template":"","format":"standard","meta":{"footnotes":""},"categories":[10889,10894,10902,10947,10896],"tags":[11192,11077],"class_list":["post-80179","post","type-post","status-publish","format-standard","has-post-thumbnail","category-alzira-cat","category-la-comarca-ca","category-la-ribera-ca","category-politica","category-seccion-ca","tag-alzira-ca","tag-la-ribera-alta-ca"],"_links":{"self":[{"href":"https:\/\/tucomarca.whitekongsoftware.com\/ca\/wp-json\/wp\/v2\/posts\/80179","targetHints":{"allow":["GET"]}}],"collection":[{"href":"https:\/\/tucomarca.whitekongsoftware.com\/ca\/wp-json\/wp\/v2\/posts"}],"about":[{"href":"https:\/\/tucomarca.whitekongsoftware.com\/ca\/wp-json\/wp\/v2\/types\/post"}],"author":[{"embeddable":true,"href":"https:\/\/tucomarca.whitekongsoftware.com\/ca\/wp-json\/wp\/v2\/users\/1"}],"replies":[{"embeddable":true,"href":"https:\/\/tucomarca.whitekongsoftware.com\/ca\/wp-json\/wp\/v2\/comments?post=80179"}],"version-history":[{"count":0,"href":"https:\/\/tucomarca.whitekongsoftware.com\/ca\/wp-json\/wp\/v2\/posts\/80179\/revisions"}],"wp:featuredmedia":[{"embeddable":true,"href":"https:\/\/tucomarca.whitekongsoftware.com\/ca\/wp-json\/wp\/v2\/media\/80177"}],"wp:attachment":[{"href":"https:\/\/tucomarca.whitekongsoftware.com\/ca\/wp-json\/wp\/v2\/media?parent=80179"}],"wp:term":[{"taxonomy":"category","embeddable":true,"href":"https:\/\/tucomarca.whitekongsoftware.com\/ca\/wp-json\/wp\/v2\/categories?post=80179"},{"taxonomy":"post_tag","embeddable":true,"href":"https:\/\/tucomarca.whitekongsoftware.com\/ca\/wp-json\/wp\/v2\/tags?post=80179"}],"curies":[{"name":"wp","href":"https:\/\/api.w.org\/{rel}","templated":true}]}}