{"id":80172,"date":"2019-01-17T22:55:18","date_gmt":"2019-01-17T20:55:18","guid":{"rendered":"http:\/\/www.tucomarca.com\/wordpress\/segunda\/?p=80172"},"modified":"2019-01-17T22:55:18","modified_gmt":"2019-01-17T20:55:18","slug":"lajuntament-de-xest-suneix-a-les-reivindicacions-del-sector-citricola-convocant-una-concentracio-el-proper-21-de-gener","status":"publish","type":"post","link":"https:\/\/tucomarca.whitekongsoftware.com\/ca\/lajuntament-de-xest-suneix-a-les-reivindicacions-del-sector-citricola-convocant-una-concentracio-el-proper-21-de-gener\/","title":{"rendered":"L&#8217;Ajuntament de Xest s&#8217;uneix a les reivindicacions del sector citr\u00edcola convocant una concentraci\u00f3 el proper 21 de gener"},"content":{"rendered":"<div class=\"\">\n<figure id=\"attachment_80169\" aria-describedby=\"caption-attachment-80169\" style=\"width: 374px\" class=\"wp-caption alignleft\"><img loading=\"lazy\" decoding=\"async\" class=\" wp-image-80169\" src=\"http:\/\/www.tucomarca.com\/wordpress\/segunda\/wp-content\/uploads\/2019\/01\/Cheste.jpg\" alt=\"Cartel de la iniciativa.\" width=\"374\" height=\"526\" srcset=\"https:\/\/tucomarca.whitekongsoftware.com\/wp-content\/uploads\/2019\/01\/Cheste.jpg 858w, https:\/\/tucomarca.whitekongsoftware.com\/wp-content\/uploads\/2019\/01\/Cheste-213x300.jpg 213w, https:\/\/tucomarca.whitekongsoftware.com\/wp-content\/uploads\/2019\/01\/Cheste-768x1080.jpg 768w, https:\/\/tucomarca.whitekongsoftware.com\/wp-content\/uploads\/2019\/01\/Cheste-728x1024.jpg 728w\" sizes=\"auto, (max-width: 374px) 100vw, 374px\" \/><figcaption id=\"caption-attachment-80169\" class=\"wp-caption-text\">Cartel de la iniciativa.<\/figcaption><\/figure>\n<p>La Plataforma per la Dignitat del Llaurador ha tornat a convocar el sector agrari per mobilitzar-se sota el lema &#8220;Per la defensa de la nostra citricultura&#8221;. Les poblacions adherides a la plataforma, a la qual ja s&#8217;ha incorporat l&#8217;Ajuntament de Xest, han acordat dur a terme manifestacions en cadascuna elles el proper dilluns 21 de gener a les 20 hores. En el cas de Xest, la concentraci\u00f3 es far\u00e0 a la pla\u00e7a Doctor Cajal, en la qual es llegir\u00e0 un manifest i s&#8217;exposaran les reivindicacions dels afectats.<\/p>\n<p>Entre les demandes dels citricutores es planteja la posada en marxa de solucions al problema de desigualtat competitiva en els mercats europeus que, segons es considera des de la plataforma, s&#8217;ha creat arran de l&#8217;acord econ\u00f2mic amb tercers pa\u00efsos signat per la Uni\u00f3 Europea. Segons expliquen, aquest acord suposa una manca de controls sanitaris efectius en frontera als productes importats des de tercers pa\u00efsos, aix\u00ed com l&#8217;establiment d&#8217;uns aranzels insuficients per a aquests. Des del sector citr\u00edcola tamb\u00e9 s&#8217;exigeix \u200b\u200bque es defensin mesures per a la millora de la cadena aliment\u00e0ria, garantint els drets dels productors agraris davant la distribuci\u00f3, entre demandes.<\/p>\n<p>Des de l&#8217;equip de govern es destaca que a Xest es produeixen una mitjana de 30 milions de quilos de c\u00edtrics anualment, la qual cosa s&#8217;estima que suposa entre 6 i 7 milions d&#8217;euros anuals. A m\u00e9s, tal com afirmen, ara mateix hi ha 500 persones treballant en la recollida i confecci\u00f3 de la taronja en la localitat.<\/p>\n<\/div>\n","protected":false},"excerpt":{"rendered":"<div class=\"mh-excerpt\">La Plataforma per la Dignitat del Llaurador ha tornat a convocar el sector agrari per mobilitzar-se sota el lema &#8220;Per la defensa de la nostra citricultura&#8221;. Les poblacions adherides a la plataforma, a la qual <a class=\"mh-excerpt-more\" href=\"https:\/\/tucomarca.whitekongsoftware.com\/ca\/lajuntament-de-xest-suneix-a-les-reivindicacions-del-sector-citricola-convocant-una-concentracio-el-proper-21-de-gener\/\" title=\"L&#8217;Ajuntament de Xest s&#8217;uneix a les reivindicacions del sector citr\u00edcola convocant una concentraci\u00f3 el proper 21 de gener\">[+] <\/a><\/div>\n","protected":false},"author":1,"featured_media":80170,"comment_status":"open","ping_status":"open","sticky":false,"template":"","format":"standard","meta":{"footnotes":""},"categories":[11019,10905,10948,10894,10912,10896,10974],"tags":[11071,11109],"class_list":["post-80172","post","type-post","status-publish","format-standard","has-post-thumbnail","category-agenda-ca","category-agricultura-la-comarca-ca","category-infraestructuras-ca","category-la-comarca-ca","category-la-hoya-ca","category-seccion-ca","category-cheste-ca","tag-cheste","tag-xest"],"_links":{"self":[{"href":"https:\/\/tucomarca.whitekongsoftware.com\/ca\/wp-json\/wp\/v2\/posts\/80172","targetHints":{"allow":["GET"]}}],"collection":[{"href":"https:\/\/tucomarca.whitekongsoftware.com\/ca\/wp-json\/wp\/v2\/posts"}],"about":[{"href":"https:\/\/tucomarca.whitekongsoftware.com\/ca\/wp-json\/wp\/v2\/types\/post"}],"author":[{"embeddable":true,"href":"https:\/\/tucomarca.whitekongsoftware.com\/ca\/wp-json\/wp\/v2\/users\/1"}],"replies":[{"embeddable":true,"href":"https:\/\/tucomarca.whitekongsoftware.com\/ca\/wp-json\/wp\/v2\/comments?post=80172"}],"version-history":[{"count":0,"href":"https:\/\/tucomarca.whitekongsoftware.com\/ca\/wp-json\/wp\/v2\/posts\/80172\/revisions"}],"wp:featuredmedia":[{"embeddable":true,"href":"https:\/\/tucomarca.whitekongsoftware.com\/ca\/wp-json\/wp\/v2\/media\/80170"}],"wp:attachment":[{"href":"https:\/\/tucomarca.whitekongsoftware.com\/ca\/wp-json\/wp\/v2\/media?parent=80172"}],"wp:term":[{"taxonomy":"category","embeddable":true,"href":"https:\/\/tucomarca.whitekongsoftware.com\/ca\/wp-json\/wp\/v2\/categories?post=80172"},{"taxonomy":"post_tag","embeddable":true,"href":"https:\/\/tucomarca.whitekongsoftware.com\/ca\/wp-json\/wp\/v2\/tags?post=80172"}],"curies":[{"name":"wp","href":"https:\/\/api.w.org\/{rel}","templated":true}]}}