{"id":80157,"date":"2019-01-17T23:18:07","date_gmt":"2019-01-17T21:18:07","guid":{"rendered":"http:\/\/www.tucomarca.com\/wordpress\/segunda\/?p=80157"},"modified":"2019-01-17T23:18:07","modified_gmt":"2019-01-17T21:18:07","slug":"bunyol-inicia-el-proces-per-a-lampliacio-de-sol-industrial-i-terciari-en-el-seu-terme","status":"publish","type":"post","link":"https:\/\/tucomarca.whitekongsoftware.com\/ca\/bunyol-inicia-el-proces-per-a-lampliacio-de-sol-industrial-i-terciari-en-el-seu-terme\/","title":{"rendered":"Bunyol inicia el proc\u00e9s per a l&#8217;ampliaci\u00f3 de s\u00f2l industrial i terciari en el seu terme"},"content":{"rendered":"<figure id=\"attachment_80154\" aria-describedby=\"caption-attachment-80154\" style=\"width: 583px\" class=\"wp-caption alignleft\"><img loading=\"lazy\" decoding=\"async\" class=\" wp-image-80154\" src=\"http:\/\/www.tucomarca.com\/wordpress\/segunda\/wp-content\/uploads\/2019\/01\/PoligonoBunol.jpeg\" alt=\"La concejal\u00eda de Urbanismo de Bu\u00f1ol comienza la ampliaci\u00f3n de suelo industrial y terciario en su t\u00e9rmino.\" width=\"583\" height=\"437\" srcset=\"https:\/\/tucomarca.whitekongsoftware.com\/wp-content\/uploads\/2019\/01\/PoligonoBunol.jpeg 1600w, https:\/\/tucomarca.whitekongsoftware.com\/wp-content\/uploads\/2019\/01\/PoligonoBunol-300x225.jpeg 300w, https:\/\/tucomarca.whitekongsoftware.com\/wp-content\/uploads\/2019\/01\/PoligonoBunol-768x576.jpeg 768w, https:\/\/tucomarca.whitekongsoftware.com\/wp-content\/uploads\/2019\/01\/PoligonoBunol-1024x768.jpeg 1024w\" sizes=\"auto, (max-width: 583px) 100vw, 583px\" \/><figcaption id=\"caption-attachment-80154\" class=\"wp-caption-text\">La regidoria d&#8217;Urbanisme de Bunyol comen\u00e7a l&#8217;ampliaci\u00f3 de s\u00f2l industrial i terciari al seu terme.<\/figcaption><\/figure>\n<p>Rafael P\u00e9rez, primer tinent d&#8217;Alcalde de l&#8217;Ajuntament de Bu\u00f1ol i responsable de l&#8217;\u00e0rea d&#8217;Obres i Urbanisme, ha confirmat l&#8217;aprovaci\u00f3 en l&#8217;\u00faltim Consell Econ\u00f2mic i Social, celebrat el passat dimarts al consistori municipal, de la modificaci\u00f3 de les actuals normes subsidi\u00e0ries que permetin un major s\u00f2l industrial i residencial.<\/p>\n<p>L&#8217;objectiu, segons ha destacat el mateix regidor bu\u00f1olense, &#8220;\u00e9s ampliar la possibilitat a Bu\u00f1ol de construir habitatges i que empreses i ind\u00fastries compten amb m\u00e9s zona per poder instal\u00b7lar-se en aquesta localitat&#8221;; un assumpte que Rafa P\u00e9rez ha qualificat de &#8220;summament necessari i important per al desenvolupament industrial i laboral del municipi&#8221;.<\/p>\n<p>Segons fonts municipals, &#8220;aquest Consell Econ\u00f2mic i Social, en el qual hi havia els partits pol\u00edtics que conformen l&#8217;equip de govern municipal, va comptar amb el suport un\u00e0nime de tots els presents (empresaris, sindicats i associacions). Aquest \u00e9s el primer pas per comen\u00e7ar amb la requalificaci\u00f3 de s\u00f2l r\u00fastic a industrial, un projecte de gran envergadura que ser\u00e0 presentat a Conselleria en breu &#8220;, ha assegurat Rafa P\u00e9rez, que ha afegit que&#8221; ser\u00e0 informat a la ciutadania de Bunyol &#8220;.<\/p>\n<p>Aquest projecte abasta el canvi de catalogaci\u00f3 de s\u00f2l r\u00fastic a industrial al Sector 6, que compr\u00e8n la zona contigua a l&#8217;actual pol\u00edgon industrial El Pla, i en el Sector 9, la zona contigua a les instal\u00b7lacions esportives del Llevant UD i que uneix a la zona del cementiri amb el Pol\u00edgon el Rac\u00f3. Tamb\u00e9 aquest projecte contempla un PAI que connecti el Pol\u00edgon El Rac\u00f3 amb el del Pla. Sense oblidar la part del darrere de l&#8217;IES Foia de Bunyol que comunica amb el Barri de Sant Rafael, &#8220;per permetre la construcci\u00f3 d&#8217;habitatges unifamiliars en aquesta zona tan demandada, passant a ser s\u00f2l residencial&#8221;, en paraules de l&#8217;edil.<\/p>\n","protected":false},"excerpt":{"rendered":"<div class=\"mh-excerpt\">Rafael P\u00e9rez, primer tinent d&#8217;Alcalde de l&#8217;Ajuntament de Bu\u00f1ol i responsable de l&#8217;\u00e0rea d&#8217;Obres i Urbanisme, ha confirmat l&#8217;aprovaci\u00f3 en l&#8217;\u00faltim Consell Econ\u00f2mic i Social, celebrat el passat dimarts al consistori municipal, de la modificaci\u00f3 <a class=\"mh-excerpt-more\" href=\"https:\/\/tucomarca.whitekongsoftware.com\/ca\/bunyol-inicia-el-proces-per-a-lampliacio-de-sol-industrial-i-terciari-en-el-seu-terme\/\" title=\"Bunyol inicia el proc\u00e9s per a l&#8217;ampliaci\u00f3 de s\u00f2l industrial i terciari en el seu terme\">[+] <\/a><\/div>\n","protected":false},"author":1,"featured_media":80155,"comment_status":"open","ping_status":"open","sticky":false,"template":"","format":"standard","meta":{"footnotes":""},"categories":[10911,10898,10948,10894,10912,10947,10896],"tags":[11314],"class_list":["post-80157","post","type-post","status-publish","format-standard","has-post-thumbnail","category-bunol-ca","category-ventana-ca","category-infraestructuras-ca","category-la-comarca-ca","category-la-hoya-ca","category-politica","category-seccion-ca","tag-bunyol-ca"],"_links":{"self":[{"href":"https:\/\/tucomarca.whitekongsoftware.com\/ca\/wp-json\/wp\/v2\/posts\/80157","targetHints":{"allow":["GET"]}}],"collection":[{"href":"https:\/\/tucomarca.whitekongsoftware.com\/ca\/wp-json\/wp\/v2\/posts"}],"about":[{"href":"https:\/\/tucomarca.whitekongsoftware.com\/ca\/wp-json\/wp\/v2\/types\/post"}],"author":[{"embeddable":true,"href":"https:\/\/tucomarca.whitekongsoftware.com\/ca\/wp-json\/wp\/v2\/users\/1"}],"replies":[{"embeddable":true,"href":"https:\/\/tucomarca.whitekongsoftware.com\/ca\/wp-json\/wp\/v2\/comments?post=80157"}],"version-history":[{"count":0,"href":"https:\/\/tucomarca.whitekongsoftware.com\/ca\/wp-json\/wp\/v2\/posts\/80157\/revisions"}],"wp:featuredmedia":[{"embeddable":true,"href":"https:\/\/tucomarca.whitekongsoftware.com\/ca\/wp-json\/wp\/v2\/media\/80155"}],"wp:attachment":[{"href":"https:\/\/tucomarca.whitekongsoftware.com\/ca\/wp-json\/wp\/v2\/media?parent=80157"}],"wp:term":[{"taxonomy":"category","embeddable":true,"href":"https:\/\/tucomarca.whitekongsoftware.com\/ca\/wp-json\/wp\/v2\/categories?post=80157"},{"taxonomy":"post_tag","embeddable":true,"href":"https:\/\/tucomarca.whitekongsoftware.com\/ca\/wp-json\/wp\/v2\/tags?post=80157"}],"curies":[{"name":"wp","href":"https:\/\/api.w.org\/{rel}","templated":true}]}}