{"id":80150,"date":"2019-01-16T21:35:14","date_gmt":"2019-01-16T19:35:14","guid":{"rendered":"http:\/\/www.tucomarca.com\/wordpress\/segunda\/?p=80150"},"modified":"2019-01-16T21:35:14","modified_gmt":"2019-01-16T19:35:14","slug":"la-diputacio-promou-la-gestio-forestal-sostenible-per-dinamitzar-leconomia-de-camp-de-turia-i-camp-de-morvedre","status":"publish","type":"post","link":"https:\/\/tucomarca.whitekongsoftware.com\/ca\/la-diputacio-promou-la-gestio-forestal-sostenible-per-dinamitzar-leconomia-de-camp-de-turia-i-camp-de-morvedre\/","title":{"rendered":"La Diputaci\u00f3 promou la gesti\u00f3 forestal sostenible per dinamitzar l\u2019economia de Camp de T\u00faria i Camp de Morvedre"},"content":{"rendered":"<figure id=\"attachment_80147\" aria-describedby=\"caption-attachment-80147\" style=\"width: 504px\" class=\"wp-caption alignleft\"><img loading=\"lazy\" decoding=\"async\" class=\" wp-image-80147\" src=\"http:\/\/www.tucomarca.com\/wordpress\/segunda\/wp-content\/uploads\/2019\/01\/BORTSerra.jpg\" alt=\"La Diputaci\u00f3 ha invertido 175.935 euros en estas comarcas a trav\u00e9s del Programa de Gesti\u00f3n Forestal Sostenible.\" width=\"504\" height=\"337\" srcset=\"https:\/\/tucomarca.whitekongsoftware.com\/wp-content\/uploads\/2019\/01\/BORTSerra.jpg 3764w, https:\/\/tucomarca.whitekongsoftware.com\/wp-content\/uploads\/2019\/01\/BORTSerra-300x201.jpg 300w, https:\/\/tucomarca.whitekongsoftware.com\/wp-content\/uploads\/2019\/01\/BORTSerra-768x514.jpg 768w, https:\/\/tucomarca.whitekongsoftware.com\/wp-content\/uploads\/2019\/01\/BORTSerra-1024x686.jpg 1024w\" sizes=\"auto, (max-width: 504px) 100vw, 504px\" \/><figcaption id=\"caption-attachment-80147\" class=\"wp-caption-text\"><b>La Diputaci\u00f3 ha invertit 175.935 euros en aquestes comarques a trav\u00e9s del Programa de Gesti\u00f3 Forestal Sostenible.<\/b><\/figcaption><\/figure>\n<p>La gesti\u00f3 sostenible dels recursos forestals del Camp de T\u00faria i de Camp de Morvedre constitueix una ferramenta \u201cimportant per dinamitzar l\u2019economia d\u2019aquestes comarques i fer aquests espais m\u00e9s resilients davant els efectes del canvi clim\u00e0tic\u201d. Aix\u00ed ho ha afirmat el diputat de Medi Ambient, Josep Bort, durant l\u2019apertura de la jornada sobre gesti\u00f3 forestal sostenible que ha acollit Serra i en la que ha estat acompanyat per l\u2019alcaldessa del municipi, Alicia Tus\u00f3n.<\/p>\n<p>El diputat Josep Bort ha indicat que \u201caquest debat que celebrem a Serra, un municipi que es troba al s\u00ed d\u2019un parc natural com el de Serra Calderona, t\u00e9 una especial rellev\u00e0ncia per marcar els l\u00edmits del debat entorn la gesti\u00f3 forestal sostenible\u201d ja que, com ha continuat el diputat, \u201cels nivells de protecci\u00f3 s\u00f3n m\u00e9s elevats\u201d.<\/p>\n<p>La localitat del Camp de T\u00faria ha acollit una nova sessi\u00f3 del cicle \u2018Gesti\u00f3 forestal sostenible com a motor de l\u2019economia rural\u2019, que desenvolupa l\u2019\u00e0rea de Medi Ambient de la Diputaci\u00f3 de Val\u00e8ncia, i a la que han assistit representants municipals i civils de distints municipis d\u2019ambdues comarques. Segons s\u2019ha indicat durant la sessi\u00f3, aquestes comarques compten amb una superf\u00edcie forestal total de m\u00e9s de 17.500 hect\u00e0rees.<\/p>\n<p>Josep Bort ha afirmat que \u201ctenim possibilitats d\u2019establir eixos l\u00edmits entre totes les parts involucrades, des de l\u2019ecologisme fins a la poblaci\u00f3 rural i la fixaci\u00f3 d\u2019aquesta en el territori per combatre el despoblament d\u2019aquestes zones\u201d. \u201cL\u2019objectiu \u2014ha prosseguit Bort\u2014 \u00e9s trobar un espai on el desenvolupament rural no es entre en conflicte amb la preservaci\u00f3 i conservaci\u00f3 de la natura\u201d.<\/p>\n<p>L\u2019alcaldessa de Serra, Alicia Tus\u00f3n, ha explicat per la seua banda que Serra \u201c\u00e9s un municipi pioner en quant a sostenibilitat, perqu\u00e8 fa vora 8 anys que comen\u00e7\u00e0rem amb l\u2019aprofitament de la biomassa, la qual cosa per a nosaltres \u00e9s molt important\u201d. \u201cAl mateix temps que cuidem i netegem la muntanya \u2014ha seguit Tus\u00f3n\u2014, aconseguim reduir les emissions de CO<sub>2<\/sub>\u00a0i disminu\u00efm la despesa en electricitat considerablement, ja que utilitzem aquesta biomassa en forma de p\u00e8l\u00b7let per alimentar la calefacci\u00f3 de distints espais p\u00fablics com el col\u00b7legi, la guarderia o el centre de salut\u201d.<\/p>\n<p>El programa de la jornada ha incl\u00f2s una pon\u00e8ncia sobre la situaci\u00f3 actual dels ecosistemes agroforestals valencians, una segona part que ha abordat la gesti\u00f3 forestal des de l\u2019\u00f2ptica econ\u00f2mica, social i mediambiental, i una tercera mesa participativa sobre el paper de les administracions p\u00fabliques en mat\u00e8ria de gesti\u00f3 forestal i experi\u00e8ncies municipals.<\/p>\n<p>A m\u00e9s, s\u2019han explicat les ajudes que ha destinat la Diputaci\u00f3 de Val\u00e8ncia a trav\u00e9s del Programa de Gesti\u00f3 Forestal Sostenible de 2017 i 2018, amb 3,5 milions d\u2019euros de pressupost totals. La comarca del Camp de T\u00faria, que compta amb una superf\u00edcie forestal total de 13.500 hect\u00e0rees, ha percebut en 2017 53.533 euros d\u2019aquest pla. En quant al Camp de Morvedre, amb 4.021 hect\u00e0rees, la comarca ha percebut 122.402 euros.<\/p>\n<p><strong>El cicle de gesti\u00f3 forestal sostenible\u00a0<\/strong><\/p>\n<p>Les jornades del cicle \u2018Gesti\u00f3 forestal sostenible com a motor de l\u2019economia rural\u2019 s\u00f3n un espai per a l\u2019an\u00e0lisi de la situaci\u00f3 actual del sector forestal a les comarques de Val\u00e8ncia i les seues potencialitats. Les sessions tamb\u00e9 aborden el paper que tenen la societat civil i les empreses en la dinamitzaci\u00f3 i gesti\u00f3 d\u2019aquests recursos, a m\u00e9s de presentar les distintes l\u00ednies d\u2019ajudes municipals de la Diputaci\u00f3 per a la gesti\u00f3 forestal sostenible, la millora d\u2019aquests ecosistemes i la protecci\u00f3 contra incendis forestals.<\/p>\n<p>Els encontres d\u2019aquest cicle formatiu i divulgatiu estan dirigits als responsables i t\u00e8cnics municipals, aix\u00ed com als col\u00b7lectius civils interessats i tota la ciutadania, i conclouran el proper 6 de febrer a Val\u00e8ncia.<\/p>\n","protected":false},"excerpt":{"rendered":"<div class=\"mh-excerpt\">La gesti\u00f3 sostenible dels recursos forestals del Camp de T\u00faria i de Camp de Morvedre constitueix una ferramenta \u201cimportant per dinamitzar l\u2019economia d\u2019aquestes comarques i fer aquests espais m\u00e9s resilients davant els efectes del canvi <a class=\"mh-excerpt-more\" href=\"https:\/\/tucomarca.whitekongsoftware.com\/ca\/la-diputacio-promou-la-gestio-forestal-sostenible-per-dinamitzar-leconomia-de-camp-de-turia-i-camp-de-morvedre\/\" title=\"La Diputaci\u00f3 promou la gesti\u00f3 forestal sostenible per dinamitzar l\u2019economia de Camp de T\u00faria i Camp de Morvedre\">[+] <\/a><\/div>\n","protected":false},"author":1,"featured_media":80147,"comment_status":"open","ping_status":"open","sticky":false,"template":"","format":"standard","meta":{"footnotes":""},"categories":[10905,10892,10898,10948,10894,10903,10947,10896,10933],"tags":[10899,11429],"class_list":["post-80150","post","type-post","status-publish","format-standard","has-post-thumbnail","category-agricultura-la-comarca-ca","category-camp-de-turia-ca","category-ventana-ca","category-infraestructuras-ca","category-la-comarca-ca","category-medio-ambiente-la-comarca-ca","category-politica","category-seccion-ca","category-serra-ca","tag-camp-de-turia-ca","tag-serra-ca"],"_links":{"self":[{"href":"https:\/\/tucomarca.whitekongsoftware.com\/ca\/wp-json\/wp\/v2\/posts\/80150","targetHints":{"allow":["GET"]}}],"collection":[{"href":"https:\/\/tucomarca.whitekongsoftware.com\/ca\/wp-json\/wp\/v2\/posts"}],"about":[{"href":"https:\/\/tucomarca.whitekongsoftware.com\/ca\/wp-json\/wp\/v2\/types\/post"}],"author":[{"embeddable":true,"href":"https:\/\/tucomarca.whitekongsoftware.com\/ca\/wp-json\/wp\/v2\/users\/1"}],"replies":[{"embeddable":true,"href":"https:\/\/tucomarca.whitekongsoftware.com\/ca\/wp-json\/wp\/v2\/comments?post=80150"}],"version-history":[{"count":0,"href":"https:\/\/tucomarca.whitekongsoftware.com\/ca\/wp-json\/wp\/v2\/posts\/80150\/revisions"}],"wp:featuredmedia":[{"embeddable":true,"href":"https:\/\/tucomarca.whitekongsoftware.com\/ca\/wp-json\/wp\/v2\/media\/80147"}],"wp:attachment":[{"href":"https:\/\/tucomarca.whitekongsoftware.com\/ca\/wp-json\/wp\/v2\/media?parent=80150"}],"wp:term":[{"taxonomy":"category","embeddable":true,"href":"https:\/\/tucomarca.whitekongsoftware.com\/ca\/wp-json\/wp\/v2\/categories?post=80150"},{"taxonomy":"post_tag","embeddable":true,"href":"https:\/\/tucomarca.whitekongsoftware.com\/ca\/wp-json\/wp\/v2\/tags?post=80150"}],"curies":[{"name":"wp","href":"https:\/\/api.w.org\/{rel}","templated":true}]}}