{"id":80136,"date":"2019-01-16T22:46:45","date_gmt":"2019-01-16T20:46:45","guid":{"rendered":"http:\/\/www.tucomarca.com\/wordpress\/segunda\/?p=80136"},"modified":"2019-01-16T22:46:45","modified_gmt":"2019-01-16T20:46:45","slug":"la-cimentera-cemex-inicia-les-negociacions-de-lacomiadament-col%c2%b7lectiu","status":"publish","type":"post","link":"https:\/\/tucomarca.whitekongsoftware.com\/ca\/la-cimentera-cemex-inicia-les-negociacions-de-lacomiadament-col%c2%b7lectiu\/","title":{"rendered":"La cimentera Cemex inicia les negociacions de l&#8217;acomiadament col\u00b7lectiu"},"content":{"rendered":"<figure id=\"attachment_59825\" aria-describedby=\"caption-attachment-59825\" style=\"width: 467px\" class=\"wp-caption alignleft\"><img loading=\"lazy\" decoding=\"async\" class=\" wp-image-59825\" src=\"http:\/\/www.tucomarca.com\/wordpress\/segunda\/wp-content\/uploads\/2017\/09\/CEMEXMadrid.jpg\" alt=\"La multinacional mexicana entr\u00f3 en el mercado espa\u00f1ol en 1992 con la adquisici\u00f3n de las dos principales empresas fabricantes de cemento: Valenciana de Cementos y La Auxiliar de la Construcci\u00f3n (LACSA).\" width=\"467\" height=\"304\" srcset=\"https:\/\/tucomarca.whitekongsoftware.com\/wp-content\/uploads\/2017\/09\/CEMEXMadrid.jpg 3918w, https:\/\/tucomarca.whitekongsoftware.com\/wp-content\/uploads\/2017\/09\/CEMEXMadrid-300x195.jpg 300w, https:\/\/tucomarca.whitekongsoftware.com\/wp-content\/uploads\/2017\/09\/CEMEXMadrid-768x499.jpg 768w, https:\/\/tucomarca.whitekongsoftware.com\/wp-content\/uploads\/2017\/09\/CEMEXMadrid-1024x665.jpg 1024w\" sizes=\"auto, (max-width: 467px) 100vw, 467px\" \/><figcaption id=\"caption-attachment-59825\" class=\"wp-caption-text\">La multinacional mexicana entr\u00f3 en el mercado espa\u00f1ol en 1992 con la adquisici\u00f3n de las dos principales empresas fabricantes de cemento: Valenciana de Cementos y La Auxiliar de la Construcci\u00f3n (LACSA).<\/figcaption><\/figure>\n<p>La multinacional Cemex ha informat que aquesta setmana ha iniciat, \u00abd&#8217;acord amb el previst, les negociacions per a la consecuci\u00f3 d&#8217;un acomiadament col\u00b7lectiu que afectar\u00e0 188 treballadors. Aquesta setmana s&#8217;ha constitu\u00eft la taula negociadora, que es reunir\u00e0 fins a arribar a un acord, dins dels per\u00edodes que marca la llei \u00bb, segons l&#8217;empresa cimentera.<\/p>\n<p>\u00abLa filial operativa espanyola del grup Cemex a Europa, Cemex Espanya Operacions, SLU ha iniciat un proc\u00e9s de reestructuraci\u00f3 que afectar\u00e0 tant al seu model d&#8217;organitzaci\u00f3 com a la seva implantaci\u00f3 industrial a Espanya. Dins d&#8217;aquest proc\u00e9s es preveu tant una reducci\u00f3 de la seva estructura com la paralitzaci\u00f3 d&#8217;activitat productiva en dues de les set f\u00e0briques de ciment amb qu\u00e8 compta al nostre pa\u00eds, concretament les de Lloseta (Mallorca) i G\u00e1dor (Almeria). Altres centres de treball, determinades oficines comercials, aix\u00ed com les pr\u00f2pies oficines corporatives es veuran aix\u00ed mateix afectats en aquest proc\u00e9s \u00bb, segons fonts de la cimentera.<\/p>\n<p>\u00abLa situaci\u00f3 del sector i les perspectives de la ind\u00fastria davant la nova regulaci\u00f3 europea sobre els drets d&#8217;emissi\u00f3 de CO2, a partir de l&#8217;any 2020, fan del tot necess\u00e0ria l&#8217;adopci\u00f3 d&#8217;una s\u00e8rie de mesures per a assegurar el manteniment de l&#8217;activitat de Cemex a Espanya i la seva pres\u00e8ncia en els diferents mercats en qu\u00e8 opera \u00bb.<\/p>\n<p>Les negociacions que ara s&#8217;han iniciat \u00abconclouran, com a m\u00e0xim, el 14 de febrer, per la qual cosa fins a aquest moment no es facilitar\u00e0 m\u00e9s informaci\u00f3 per al correcte i millor desenvolupament de les mateixes\u00bb, han finalitzat des Cemex.<\/p>\n","protected":false},"excerpt":{"rendered":"<div class=\"mh-excerpt\">La multinacional Cemex ha informat que aquesta setmana ha iniciat, \u00abd&#8217;acord amb el previst, les negociacions per a la consecuci\u00f3 d&#8217;un acomiadament col\u00b7lectiu que afectar\u00e0 188 treballadors. Aquesta setmana s&#8217;ha constitu\u00eft la taula negociadora, que <a class=\"mh-excerpt-more\" href=\"https:\/\/tucomarca.whitekongsoftware.com\/ca\/la-cimentera-cemex-inicia-les-negociacions-de-lacomiadament-col%c2%b7lectiu\/\" title=\"La cimentera Cemex inicia les negociacions de l&#8217;acomiadament col\u00b7lectiu\">[+] <\/a><\/div>\n","protected":false},"author":1,"featured_media":80137,"comment_status":"open","ping_status":"open","sticky":false,"template":"","format":"standard","meta":{"footnotes":""},"categories":[10911,10898,10948,10894,10904,10912,10903,10896],"tags":[11314],"class_list":["post-80136","post","type-post","status-publish","format-standard","has-post-thumbnail","category-bunol-ca","category-ventana-ca","category-infraestructuras-ca","category-la-comarca-ca","category-sin-categorizar-ca","category-la-hoya-ca","category-medio-ambiente-la-comarca-ca","category-seccion-ca","tag-bunyol-ca"],"_links":{"self":[{"href":"https:\/\/tucomarca.whitekongsoftware.com\/ca\/wp-json\/wp\/v2\/posts\/80136","targetHints":{"allow":["GET"]}}],"collection":[{"href":"https:\/\/tucomarca.whitekongsoftware.com\/ca\/wp-json\/wp\/v2\/posts"}],"about":[{"href":"https:\/\/tucomarca.whitekongsoftware.com\/ca\/wp-json\/wp\/v2\/types\/post"}],"author":[{"embeddable":true,"href":"https:\/\/tucomarca.whitekongsoftware.com\/ca\/wp-json\/wp\/v2\/users\/1"}],"replies":[{"embeddable":true,"href":"https:\/\/tucomarca.whitekongsoftware.com\/ca\/wp-json\/wp\/v2\/comments?post=80136"}],"version-history":[{"count":0,"href":"https:\/\/tucomarca.whitekongsoftware.com\/ca\/wp-json\/wp\/v2\/posts\/80136\/revisions"}],"wp:featuredmedia":[{"embeddable":true,"href":"https:\/\/tucomarca.whitekongsoftware.com\/ca\/wp-json\/wp\/v2\/media\/80137"}],"wp:attachment":[{"href":"https:\/\/tucomarca.whitekongsoftware.com\/ca\/wp-json\/wp\/v2\/media?parent=80136"}],"wp:term":[{"taxonomy":"category","embeddable":true,"href":"https:\/\/tucomarca.whitekongsoftware.com\/ca\/wp-json\/wp\/v2\/categories?post=80136"},{"taxonomy":"post_tag","embeddable":true,"href":"https:\/\/tucomarca.whitekongsoftware.com\/ca\/wp-json\/wp\/v2\/tags?post=80136"}],"curies":[{"name":"wp","href":"https:\/\/api.w.org\/{rel}","templated":true}]}}